{"id":8095,"date":"2022-06-28T20:13:01","date_gmt":"2022-06-28T18:13:01","guid":{"rendered":"https:\/\/agora.xtec.cat\/escolaelsquatrevents\/?p=8095"},"modified":"2022-06-28T21:06:59","modified_gmt":"2022-06-28T19:06:59","slug":"matematiques-a-p4","status":"publish","type":"post","link":"https:\/\/agora.xtec.cat\/escolaelsquatrevents\/general\/matematiques-a-p4\/","title":{"rendered":"Matem\u00e0tiques a P4"},"content":{"rendered":"<div dir=\"auto\">Qui ha dit que les matem\u00e0tiques s\u00f3n avorrides?<\/div>\n<div dir=\"auto\">Aqu\u00ed no! Perqu\u00e8,\u00a0 en aquesta escola, apostem per unes matem\u00e0tiques vivencials, properes i significatives&#8230; I quests trimestre les hem seguit fent.<\/div>\n<div dir=\"auto\"><\/div>\n<h1 dir=\"auto\"><img loading=\"lazy\" decoding=\"async\" class=\"alignright\" src=\"https:\/\/www.artijoc.com\/192-home_default\/reglets-numeriques-de-la-maria-antonia-canals.jpg\" alt=\"Comprar online REGLETS NUM\u00c8RIQUES DE LA MARIA ANTONIA CANALS - Art...\" width=\"372\" height=\"416\" \/><\/h1>\n<div dir=\"auto\">Hem continuat amb els RACONS de MATES: uns racons que promouen l&#8217;autonomia i que ens permeten respectar els diversos ritmes.<\/div>\n<div dir=\"auto\">A cada sessi\u00f3 fem 8 o 9 racons alhora. S\u00f3n espais de\u00a0 lliure circulaci\u00f3 a l&#8217;aula. I s&#8217;hi treballa numeraci\u00f3, l\u00f2gica, tra\u00e7 geometria, mesura&#8230;<\/div>\n<div dir=\"auto\">Tamb\u00e9 tenim els Reglets, s\u00f3n un recurs fant\u00e0stic per a treballar alguns d&#8217;aquests aspectes, com la numeraci\u00f3 i la mesura.<\/div>\n<h1 dir=\"auto\"><\/h1>\n<div dir=\"auto\">Us deixem amb un recull de fotos, perqu\u00e8 una imatge val m\u00e9s que mil paraules!<img decoding=\"async\" class=\"an1 CToWUd\" src=\"https:\/\/fonts.gstatic.com\/s\/e\/notoemoji\/14.0\/1f609\/32.png\" alt=\"\ud83d\ude09\" data-emoji=\"\ud83d\ude09\" aria-label=\"\ud83d\ude09\" \/><\/div>\n<h1 dir=\"auto\"><\/h1>\n<div dir=\"auto\"><\/div>\n<div dir=\"auto\"><a href=\"https:\/\/photos.app.goo.gl\/fH8XA7ENK13gev7g7\">Fotos Blaus<\/a><\/div>\n<div dir=\"auto\"><a href=\"https:\/\/photos.app.goo.gl\/Zzo8gn24EWdA3mqKA\">Fotos Grocs<\/a><\/div>\n","protected":false},"excerpt":{"rendered":"<p>Qui ha dit que les matem\u00e0tiques s\u00f3n avorrides? Aqu\u00ed no! Perqu\u00e8,\u00a0 en aquesta escola, apostem per unes matem\u00e0tiques vivencials, properes i significatives&#8230; I quests trimestre les hem seguit fent. Hem continuat amb els RACONS de MATES: uns racons que promouen l&#8217;autonomia i que ens permeten respectar els diversos ritmes. A cada sessi\u00f3 fem 8 o [&hellip;]<\/p>\n","protected":false},"author":3,"featured_media":0,"comment_status":"closed","ping_status":"closed","sticky":false,"template":"","format":"standard","meta":{"_bbp_topic_count":0,"_bbp_reply_count":0,"_bbp_total_topic_count":0,"_bbp_total_reply_count":0,"_bbp_voice_count":0,"_bbp_anonymous_reply_count":0,"_bbp_topic_count_hidden":0,"_bbp_reply_count_hidden":0,"_bbp_forum_subforum_count":0,"site-sidebar-layout":"default","site-content-layout":"","ast-site-content-layout":"","site-content-style":"default","site-sidebar-style":"default","ast-global-header-display":"","ast-banner-title-visibility":"","ast-main-header-display":"","ast-hfb-above-header-display":"","ast-hfb-below-header-display":"","ast-hfb-mobile-header-display":"","site-post-title":"","ast-breadcrumbs-content":"","ast-featured-img":"","footer-sml-layout":"","theme-transparent-header-meta":"","adv-header-id-meta":"","stick-header-meta":"","header-above-stick-meta":"","header-main-stick-meta":"","header-below-stick-meta":"","astra-migrate-meta-layouts":"default","ast-page-background-enabled":"default","ast-page-background-meta":{"desktop":{"background-color":"var(--ast-global-color-4)","background-image":"","background-repeat":"repeat","background-position":"center center","background-size":"auto","background-attachment":"scroll","background-type":"","background-media":"","overlay-type":"","overlay-color":"","overlay-opacity":"","overlay-gradient":""},"tablet":{"background-color":"","background-image":"","background-repeat":"repeat","background-position":"center center","background-size":"auto","background-attachment":"scroll","background-type":"","background-media":"","overlay-type":"","overlay-color":"","overlay-opacity":"","overlay-gradient":""},"mobile":{"background-color":"","background-image":"","background-repeat":"repeat","background-position":"center center","background-size":"auto","background-attachment":"scroll","background-type":"","background-media":"","overlay-type":"","overlay-color":"","overlay-opacity":"","overlay-gradient":""}},"ast-content-background-meta":{"desktop":{"background-color":"var(--ast-global-color-5)","background-image":"","background-repeat":"repeat","background-position":"center center","background-size":"auto","background-attachment":"scroll","background-type":"","background-media":"","overlay-type":"","overlay-color":"","overlay-opacity":"","overlay-gradient":""},"tablet":{"background-color":"var(--ast-global-color-5)","background-image":"","background-repeat":"repeat","background-position":"center center","background-size":"auto","background-attachment":"scroll","background-type":"","background-media":"","overlay-type":"","overlay-color":"","overlay-opacity":"","overlay-gradient":""},"mobile":{"background-color":"var(--ast-global-color-5)","background-image":"","background-repeat":"repeat","background-position":"center center","background-size":"auto","background-attachment":"scroll","background-type":"","background-media":"","overlay-type":"","overlay-color":"","overlay-opacity":"","overlay-gradient":""}},"footnotes":""},"categories":[22,1,4],"tags":[131,368,73,242],"class_list":["post-8095","post","type-post","status-publish","format-standard","hentry","category-petits","category-general","category-portada","tag-comunitat-de-petits","tag-general","tag-p4","tag-portada"],"post_mailing_queue_ids":[],"_links":{"self":[{"href":"https:\/\/agora.xtec.cat\/escolaelsquatrevents\/wp-json\/wp\/v2\/posts\/8095","targetHints":{"allow":["GET"]}}],"collection":[{"href":"https:\/\/agora.xtec.cat\/escolaelsquatrevents\/wp-json\/wp\/v2\/posts"}],"about":[{"href":"https:\/\/agora.xtec.cat\/escolaelsquatrevents\/wp-json\/wp\/v2\/types\/post"}],"author":[{"embeddable":true,"href":"https:\/\/agora.xtec.cat\/escolaelsquatrevents\/wp-json\/wp\/v2\/users\/3"}],"replies":[{"embeddable":true,"href":"https:\/\/agora.xtec.cat\/escolaelsquatrevents\/wp-json\/wp\/v2\/comments?post=8095"}],"version-history":[{"count":3,"href":"https:\/\/agora.xtec.cat\/escolaelsquatrevents\/wp-json\/wp\/v2\/posts\/8095\/revisions"}],"predecessor-version":[{"id":8116,"href":"https:\/\/agora.xtec.cat\/escolaelsquatrevents\/wp-json\/wp\/v2\/posts\/8095\/revisions\/8116"}],"wp:attachment":[{"href":"https:\/\/agora.xtec.cat\/escolaelsquatrevents\/wp-json\/wp\/v2\/media?parent=8095"}],"wp:term":[{"taxonomy":"category","embeddable":true,"href":"https:\/\/agora.xtec.cat\/escolaelsquatrevents\/wp-json\/wp\/v2\/categories?post=8095"},{"taxonomy":"post_tag","embeddable":true,"href":"https:\/\/agora.xtec.cat\/escolaelsquatrevents\/wp-json\/wp\/v2\/tags?post=8095"}],"curies":[{"name":"wp","href":"https:\/\/api.w.org\/{rel}","templated":true}]}}