{"id":8011,"date":"2022-06-13T18:54:59","date_gmt":"2022-06-13T16:54:59","guid":{"rendered":"https:\/\/agora.xtec.cat\/escolaelsquatrevents\/?p=8011"},"modified":"2022-06-18T11:53:08","modified_gmt":"2022-06-18T09:53:08","slug":"5e-gaudeix-de-la-formacio-la-gestio-positiva-dels-conflictes","status":"publish","type":"post","link":"https:\/\/agora.xtec.cat\/escolaelsquatrevents\/general\/5e-gaudeix-de-la-formacio-la-gestio-positiva-dels-conflictes\/","title":{"rendered":"5\u00e8 gaudeix de la formaci\u00f3: LA GESTI\u00d3 POSITIVA DELS CONFLICTES"},"content":{"rendered":"<p><img loading=\"lazy\" decoding=\"async\" class=\"aligncenter size-medium wp-image-8014\" src=\"https:\/\/agora.xtec.cat\/escolaelsquatrevents\/wp-content\/uploads\/usu584\/2022\/06\/PHOTO-2022-06-13-19-43-35-300x225.jpg\" alt=\"\" width=\"300\" height=\"225\" srcset=\"https:\/\/agora.xtec.cat\/escolaelsquatrevents\/wp-content\/uploads\/usu584\/2022\/06\/PHOTO-2022-06-13-19-43-35-300x225.jpg 300w, https:\/\/agora.xtec.cat\/escolaelsquatrevents\/wp-content\/uploads\/usu584\/2022\/06\/PHOTO-2022-06-13-19-43-35-768x576.jpg 768w, https:\/\/agora.xtec.cat\/escolaelsquatrevents\/wp-content\/uploads\/usu584\/2022\/06\/PHOTO-2022-06-13-19-43-35-200x150.jpg 200w, https:\/\/agora.xtec.cat\/escolaelsquatrevents\/wp-content\/uploads\/usu584\/2022\/06\/PHOTO-2022-06-13-19-43-35.jpg 1024w\" sizes=\"auto, (max-width: 300px) 100vw, 300px\" \/>El passat divendres 3 de juny, els dos grups de cinqu\u00e8 de l&#8217;escola vam tenir la sort de rebre una formaci\u00f3 sobre<strong><em> Com gestionar els conflictes de manera positiva<\/em><\/strong> a c\u00e0rrec de l&#8217;Alba L\u00f3pez, psicopedagoga de la UAU (Unitat d&#8217;Acompanyament i Orientaci\u00f3)<\/p>\n<p>Va ser una sessi\u00f3 din\u00e0mica on tot l&#8217;alumnat\u00a0 hi va participar de manera activa, dient la seva, reflexionant,&#8230;<\/p>\n<p>No dubteu a preguntar als vostres fills\/es al respecte perqu\u00e8\u00a0 de ben segur us podran parlar de la nova versi\u00f3 del conte de la caputxeta que ens van explicar, o de la baralla dels ases,&#8230;<\/p>\n<p>Molt agra\u00efts, ara ens queda interioritzar b\u00e9 tot all\u00f2 apr\u00e8s i poder-ho dur a terme en el nostre dia a dia.<\/p>\n","protected":false},"excerpt":{"rendered":"<p>El passat divendres 3 de juny, els dos grups de cinqu\u00e8 de l&#8217;escola vam tenir la sort de rebre una formaci\u00f3 sobre Com gestionar els conflictes de manera positiva a c\u00e0rrec de l&#8217;Alba L\u00f3pez, psicopedagoga de la UAU (Unitat d&#8217;Acompanyament i Orientaci\u00f3) Va ser una sessi\u00f3 din\u00e0mica on tot l&#8217;alumnat\u00a0 hi va participar de manera [&hellip;]<\/p>\n","protected":false},"author":3,"featured_media":8008,"comment_status":"closed","ping_status":"closed","sticky":false,"template":"","format":"standard","meta":{"_bbp_topic_count":0,"_bbp_reply_count":0,"_bbp_total_topic_count":0,"_bbp_total_reply_count":0,"_bbp_voice_count":0,"_bbp_anonymous_reply_count":0,"_bbp_topic_count_hidden":0,"_bbp_reply_count_hidden":0,"_bbp_forum_subforum_count":0,"site-sidebar-layout":"default","site-content-layout":"","ast-site-content-layout":"","site-content-style":"default","site-sidebar-style":"default","ast-global-header-display":"","ast-banner-title-visibility":"","ast-main-header-display":"","ast-hfb-above-header-display":"","ast-hfb-below-header-display":"","ast-hfb-mobile-header-display":"","site-post-title":"","ast-breadcrumbs-content":"","ast-featured-img":"","footer-sml-layout":"","theme-transparent-header-meta":"","adv-header-id-meta":"","stick-header-meta":"","header-above-stick-meta":"","header-main-stick-meta":"","header-below-stick-meta":"","astra-migrate-meta-layouts":"default","ast-page-background-enabled":"default","ast-page-background-meta":{"desktop":{"background-color":"var(--ast-global-color-4)","background-image":"","background-repeat":"repeat","background-position":"center center","background-size":"auto","background-attachment":"scroll","background-type":"","background-media":"","overlay-type":"","overlay-color":"","overlay-opacity":"","overlay-gradient":""},"tablet":{"background-color":"","background-image":"","background-repeat":"repeat","background-position":"center center","background-size":"auto","background-attachment":"scroll","background-type":"","background-media":"","overlay-type":"","overlay-color":"","overlay-opacity":"","overlay-gradient":""},"mobile":{"background-color":"","background-image":"","background-repeat":"repeat","background-position":"center center","background-size":"auto","background-attachment":"scroll","background-type":"","background-media":"","overlay-type":"","overlay-color":"","overlay-opacity":"","overlay-gradient":""}},"ast-content-background-meta":{"desktop":{"background-color":"var(--ast-global-color-5)","background-image":"","background-repeat":"repeat","background-position":"center center","background-size":"auto","background-attachment":"scroll","background-type":"","background-media":"","overlay-type":"","overlay-color":"","overlay-opacity":"","overlay-gradient":""},"tablet":{"background-color":"var(--ast-global-color-5)","background-image":"","background-repeat":"repeat","background-position":"center center","background-size":"auto","background-attachment":"scroll","background-type":"","background-media":"","overlay-type":"","overlay-color":"","overlay-opacity":"","overlay-gradient":""},"mobile":{"background-color":"var(--ast-global-color-5)","background-image":"","background-repeat":"repeat","background-position":"center center","background-size":"auto","background-attachment":"scroll","background-type":"","background-media":"","overlay-type":"","overlay-color":"","overlay-opacity":"","overlay-gradient":""}},"footnotes":""},"categories":[8,1,4],"tags":[],"class_list":["post-8011","post","type-post","status-publish","format-standard","has-post-thumbnail","hentry","category-grans","category-general","category-portada"],"post_mailing_queue_ids":[],"_links":{"self":[{"href":"https:\/\/agora.xtec.cat\/escolaelsquatrevents\/wp-json\/wp\/v2\/posts\/8011","targetHints":{"allow":["GET"]}}],"collection":[{"href":"https:\/\/agora.xtec.cat\/escolaelsquatrevents\/wp-json\/wp\/v2\/posts"}],"about":[{"href":"https:\/\/agora.xtec.cat\/escolaelsquatrevents\/wp-json\/wp\/v2\/types\/post"}],"author":[{"embeddable":true,"href":"https:\/\/agora.xtec.cat\/escolaelsquatrevents\/wp-json\/wp\/v2\/users\/3"}],"replies":[{"embeddable":true,"href":"https:\/\/agora.xtec.cat\/escolaelsquatrevents\/wp-json\/wp\/v2\/comments?post=8011"}],"version-history":[{"count":3,"href":"https:\/\/agora.xtec.cat\/escolaelsquatrevents\/wp-json\/wp\/v2\/posts\/8011\/revisions"}],"predecessor-version":[{"id":8063,"href":"https:\/\/agora.xtec.cat\/escolaelsquatrevents\/wp-json\/wp\/v2\/posts\/8011\/revisions\/8063"}],"wp:featuredmedia":[{"embeddable":true,"href":"https:\/\/agora.xtec.cat\/escolaelsquatrevents\/wp-json\/wp\/v2\/media\/8008"}],"wp:attachment":[{"href":"https:\/\/agora.xtec.cat\/escolaelsquatrevents\/wp-json\/wp\/v2\/media?parent=8011"}],"wp:term":[{"taxonomy":"category","embeddable":true,"href":"https:\/\/agora.xtec.cat\/escolaelsquatrevents\/wp-json\/wp\/v2\/categories?post=8011"},{"taxonomy":"post_tag","embeddable":true,"href":"https:\/\/agora.xtec.cat\/escolaelsquatrevents\/wp-json\/wp\/v2\/tags?post=8011"}],"curies":[{"name":"wp","href":"https:\/\/api.w.org\/{rel}","templated":true}]}}