{"id":7875,"date":"2022-05-24T13:18:59","date_gmt":"2022-05-24T11:18:59","guid":{"rendered":"https:\/\/agora.xtec.cat\/escolaelsquatrevents\/?p=7875"},"modified":"2022-05-24T13:20:04","modified_gmt":"2022-05-24T11:20:04","slug":"vallesbot-21-22","status":"publish","type":"post","link":"https:\/\/agora.xtec.cat\/escolaelsquatrevents\/general\/vallesbot-21-22\/","title":{"rendered":"Vall\u00e8sBot 21-22"},"content":{"rendered":"<p>&nbsp;<\/p>\n<p><a style=\"color: #008000;\" href=\"https:\/\/photos.app.goo.gl\/XgnzT8TFXtbPwkrh7\"><img loading=\"lazy\" decoding=\"async\" class=\"alignleft size-medium wp-image-7876\" src=\"https:\/\/agora.xtec.cat\/escolaelsquatrevents\/wp-content\/uploads\/usu584\/2022\/05\/banner-twitter-300x100.jpg\" alt=\"\" width=\"300\" height=\"100\" srcset=\"https:\/\/agora.xtec.cat\/escolaelsquatrevents\/wp-content\/uploads\/usu584\/2022\/05\/banner-twitter-300x100.jpg 300w, https:\/\/agora.xtec.cat\/escolaelsquatrevents\/wp-content\/uploads\/usu584\/2022\/05\/banner-twitter-1024x341.jpg 1024w, https:\/\/agora.xtec.cat\/escolaelsquatrevents\/wp-content\/uploads\/usu584\/2022\/05\/banner-twitter-768x256.jpg 768w, https:\/\/agora.xtec.cat\/escolaelsquatrevents\/wp-content\/uploads\/usu584\/2022\/05\/banner-twitter.jpg 1500w\" sizes=\"auto, (max-width: 300px) 100vw, 300px\" \/><\/a><\/p>\n<p>&nbsp;<\/p>\n<p>&nbsp;<\/p>\n<h6><strong>Avui s&#8217;ha celeb<span style=\"font-family: inherit; font-size: 1em;\">rat la fira Vall\u00e8sBot a la pista Polivalent de Canovelles, una instal.laci\u00f3 genial per dur a terme la fira, tot i la pluja hem estat arrecerats i totes les escoles de la zona han pogut lluir els seus projectes, hem pogut observar projectes d&#8217;all\u00f2 m\u00e9s interessants, sortim de la fira amb bon regust de boca i orgullosos\/ses de la feina feta a l&#8217;aula. Els alumnes s&#8217;emporten l&#8217;experi\u00e8ncia de l&#8217;assist\u00e8ncia i l&#8217;oportunitat de poder explicar els projectes a totes les persones que han demanat informaci\u00f3 entre elles les autoritats i jurats que han valorat positivament tota la feina feta, Us deixem aqu\u00ed unes quantes fotos en el seg\u00fcent enll\u00e0\u00e7.<\/span><\/strong><\/h6>\n<h6><\/h6>\n<h3><span style=\"color: #008000;\"><a style=\"color: #008000;\" href=\"https:\/\/photos.app.goo.gl\/XgnzT8TFXtbPwkrh7\">Fotos Vall\u00e8sBot 22<\/a><\/span><\/h3>\n","protected":false},"excerpt":{"rendered":"<p>&nbsp; &nbsp; &nbsp; Avui s&#8217;ha celebrat la fira Vall\u00e8sBot a la pista Polivalent de Canovelles, una instal.laci\u00f3 genial per dur a terme la fira, tot i la pluja hem estat arrecerats i totes les escoles de la zona han pogut lluir els seus projectes, hem pogut observar projectes d&#8217;all\u00f2 m\u00e9s interessants, sortim de la fira [&hellip;]<\/p>\n","protected":false},"author":3,"featured_media":0,"comment_status":"closed","ping_status":"closed","sticky":false,"template":"","format":"standard","meta":{"_bbp_topic_count":0,"_bbp_reply_count":0,"_bbp_total_topic_count":0,"_bbp_total_reply_count":0,"_bbp_voice_count":0,"_bbp_anonymous_reply_count":0,"_bbp_topic_count_hidden":0,"_bbp_reply_count_hidden":0,"_bbp_forum_subforum_count":0,"site-sidebar-layout":"default","site-content-layout":"","ast-site-content-layout":"","site-content-style":"default","site-sidebar-style":"default","ast-global-header-display":"","ast-banner-title-visibility":"","ast-main-header-display":"","ast-hfb-above-header-display":"","ast-hfb-below-header-display":"","ast-hfb-mobile-header-display":"","site-post-title":"","ast-breadcrumbs-content":"","ast-featured-img":"","footer-sml-layout":"","theme-transparent-header-meta":"","adv-header-id-meta":"","stick-header-meta":"","header-above-stick-meta":"","header-main-stick-meta":"","header-below-stick-meta":"","astra-migrate-meta-layouts":"default","ast-page-background-enabled":"default","ast-page-background-meta":{"desktop":{"background-color":"var(--ast-global-color-4)","background-image":"","background-repeat":"repeat","background-position":"center center","background-size":"auto","background-attachment":"scroll","background-type":"","background-media":"","overlay-type":"","overlay-color":"","overlay-opacity":"","overlay-gradient":""},"tablet":{"background-color":"","background-image":"","background-repeat":"repeat","background-position":"center center","background-size":"auto","background-attachment":"scroll","background-type":"","background-media":"","overlay-type":"","overlay-color":"","overlay-opacity":"","overlay-gradient":""},"mobile":{"background-color":"","background-image":"","background-repeat":"repeat","background-position":"center center","background-size":"auto","background-attachment":"scroll","background-type":"","background-media":"","overlay-type":"","overlay-color":"","overlay-opacity":"","overlay-gradient":""}},"ast-content-background-meta":{"desktop":{"background-color":"var(--ast-global-color-5)","background-image":"","background-repeat":"repeat","background-position":"center center","background-size":"auto","background-attachment":"scroll","background-type":"","background-media":"","overlay-type":"","overlay-color":"","overlay-opacity":"","overlay-gradient":""},"tablet":{"background-color":"var(--ast-global-color-5)","background-image":"","background-repeat":"repeat","background-position":"center center","background-size":"auto","background-attachment":"scroll","background-type":"","background-media":"","overlay-type":"","overlay-color":"","overlay-opacity":"","overlay-gradient":""},"mobile":{"background-color":"var(--ast-global-color-5)","background-image":"","background-repeat":"repeat","background-position":"center center","background-size":"auto","background-attachment":"scroll","background-type":"","background-media":"","overlay-type":"","overlay-color":"","overlay-opacity":"","overlay-gradient":""}},"footnotes":""},"categories":[8,1,4],"tags":[224,137,379],"class_list":["post-7875","post","type-post","status-publish","format-standard","hentry","category-grans","category-general","category-portada","tag-cicle-superior","tag-robotica","tag-steam"],"post_mailing_queue_ids":[],"_links":{"self":[{"href":"https:\/\/agora.xtec.cat\/escolaelsquatrevents\/wp-json\/wp\/v2\/posts\/7875","targetHints":{"allow":["GET"]}}],"collection":[{"href":"https:\/\/agora.xtec.cat\/escolaelsquatrevents\/wp-json\/wp\/v2\/posts"}],"about":[{"href":"https:\/\/agora.xtec.cat\/escolaelsquatrevents\/wp-json\/wp\/v2\/types\/post"}],"author":[{"embeddable":true,"href":"https:\/\/agora.xtec.cat\/escolaelsquatrevents\/wp-json\/wp\/v2\/users\/3"}],"replies":[{"embeddable":true,"href":"https:\/\/agora.xtec.cat\/escolaelsquatrevents\/wp-json\/wp\/v2\/comments?post=7875"}],"version-history":[{"count":1,"href":"https:\/\/agora.xtec.cat\/escolaelsquatrevents\/wp-json\/wp\/v2\/posts\/7875\/revisions"}],"predecessor-version":[{"id":7877,"href":"https:\/\/agora.xtec.cat\/escolaelsquatrevents\/wp-json\/wp\/v2\/posts\/7875\/revisions\/7877"}],"wp:attachment":[{"href":"https:\/\/agora.xtec.cat\/escolaelsquatrevents\/wp-json\/wp\/v2\/media?parent=7875"}],"wp:term":[{"taxonomy":"category","embeddable":true,"href":"https:\/\/agora.xtec.cat\/escolaelsquatrevents\/wp-json\/wp\/v2\/categories?post=7875"},{"taxonomy":"post_tag","embeddable":true,"href":"https:\/\/agora.xtec.cat\/escolaelsquatrevents\/wp-json\/wp\/v2\/tags?post=7875"}],"curies":[{"name":"wp","href":"https:\/\/api.w.org\/{rel}","templated":true}]}}