{"id":7856,"date":"2022-05-20T15:16:13","date_gmt":"2022-05-20T13:16:13","guid":{"rendered":"https:\/\/agora.xtec.cat\/escolaelsquatrevents\/?p=7856"},"modified":"2022-05-20T15:21:19","modified_gmt":"2022-05-20T13:21:19","slug":"erasmus-alemanya-capitol-final","status":"publish","type":"post","link":"https:\/\/agora.xtec.cat\/escolaelsquatrevents\/general\/erasmus-alemanya-capitol-final\/","title":{"rendered":"Erasmus+ Alemanya cap\u00edtol final"},"content":{"rendered":"<p>Avui ha estat l&#8217;\u00faltim dia en que hem estat aqu\u00ed a l&#8217;escola <a href=\"http:\/\/grundschule-giesenkirchen.de\/\">Grundschule Giesenkirchen <\/a>\u00a0de M\u00f6nchengladbach. Hem pogut observar el seu dia a dia i hem vist que es tracta d&#8217;una escola amb pocs recursos tant materials com humans. per a ells ha estat la primera experi\u00e8ncia rebent mestres d&#8217;altres pa\u00efsos gr\u00e0cies al programa europeu Erasmus+ i hem de dir que el claustre de mestres i alumnat ens ha acollit molt b\u00e9. A m\u00e9s de veure com s&#8217;organitzaven a l&#8217;escola hem assistit a classes de tots els nivells de prim\u00e0ria, tamb\u00e9 ens hem pogut reunir amb l&#8217;equip directiu per tal de resoldre dubtes, no nom\u00e9s de l&#8217;organitzaci\u00f3 interna del centre, sin\u00f3 que tamb\u00e9, sobre el sistema educatiu del land i en general d&#8217;alemanya.<\/p>\n<p>A part d&#8217;aix\u00f2 com que nom\u00e9s tenen escola al mat\u00ed les tardes ens han donat indicacions per tal de con\u00e8ixer ciutat importants properes com ara Col\u00f2nia o D\u00fcsseldorf, fins i tot ens han acompanyat a fer una sortida per con\u00e8ixer un poblet proper i un castell.<\/p>\n<p>Tant per part de la mestra de la Torreta com en nom meu estem molt agra\u00efts d&#8217;haver pogut gaudir d&#8217;aquesta experi\u00e8ncia i con\u00e8ixer altres realitats educatives i altres maneres de fer de mestre.<\/p>\n<p>Aix\u00ed que nom\u00e9s queda dir ad\u00e9u a Alemanya i hola Canovelles. (Auf Wiedersehen Deutschland und hallo Canovelles).<\/p>\n<p>&nbsp;<\/p>\n","protected":false},"excerpt":{"rendered":"<p>Avui ha estat l&#8217;\u00faltim dia en que hem estat aqu\u00ed a l&#8217;escola Grundschule Giesenkirchen \u00a0de M\u00f6nchengladbach. Hem pogut observar el seu dia a dia i hem vist que es tracta d&#8217;una escola amb pocs recursos tant materials com humans. per a ells ha estat la primera experi\u00e8ncia rebent mestres d&#8217;altres pa\u00efsos gr\u00e0cies al programa europeu [&hellip;]<\/p>\n","protected":false},"author":3,"featured_media":7850,"comment_status":"closed","ping_status":"closed","sticky":false,"template":"","format":"standard","meta":{"_bbp_topic_count":0,"_bbp_reply_count":0,"_bbp_total_topic_count":0,"_bbp_total_reply_count":0,"_bbp_voice_count":0,"_bbp_anonymous_reply_count":0,"_bbp_topic_count_hidden":0,"_bbp_reply_count_hidden":0,"_bbp_forum_subforum_count":0,"site-sidebar-layout":"default","site-content-layout":"","ast-site-content-layout":"","site-content-style":"default","site-sidebar-style":"default","ast-global-header-display":"","ast-banner-title-visibility":"","ast-main-header-display":"","ast-hfb-above-header-display":"","ast-hfb-below-header-display":"","ast-hfb-mobile-header-display":"","site-post-title":"","ast-breadcrumbs-content":"","ast-featured-img":"","footer-sml-layout":"","theme-transparent-header-meta":"","adv-header-id-meta":"","stick-header-meta":"","header-above-stick-meta":"","header-main-stick-meta":"","header-below-stick-meta":"","astra-migrate-meta-layouts":"default","ast-page-background-enabled":"default","ast-page-background-meta":{"desktop":{"background-color":"var(--ast-global-color-4)","background-image":"","background-repeat":"repeat","background-position":"center center","background-size":"auto","background-attachment":"scroll","background-type":"","background-media":"","overlay-type":"","overlay-color":"","overlay-opacity":"","overlay-gradient":""},"tablet":{"background-color":"","background-image":"","background-repeat":"repeat","background-position":"center center","background-size":"auto","background-attachment":"scroll","background-type":"","background-media":"","overlay-type":"","overlay-color":"","overlay-opacity":"","overlay-gradient":""},"mobile":{"background-color":"","background-image":"","background-repeat":"repeat","background-position":"center center","background-size":"auto","background-attachment":"scroll","background-type":"","background-media":"","overlay-type":"","overlay-color":"","overlay-opacity":"","overlay-gradient":""}},"ast-content-background-meta":{"desktop":{"background-color":"var(--ast-global-color-5)","background-image":"","background-repeat":"repeat","background-position":"center center","background-size":"auto","background-attachment":"scroll","background-type":"","background-media":"","overlay-type":"","overlay-color":"","overlay-opacity":"","overlay-gradient":""},"tablet":{"background-color":"var(--ast-global-color-5)","background-image":"","background-repeat":"repeat","background-position":"center center","background-size":"auto","background-attachment":"scroll","background-type":"","background-media":"","overlay-type":"","overlay-color":"","overlay-opacity":"","overlay-gradient":""},"mobile":{"background-color":"var(--ast-global-color-5)","background-image":"","background-repeat":"repeat","background-position":"center center","background-size":"auto","background-attachment":"scroll","background-type":"","background-media":"","overlay-type":"","overlay-color":"","overlay-opacity":"","overlay-gradient":""}},"footnotes":""},"categories":[377,1,4],"tags":[331],"class_list":["post-7856","post","type-post","status-publish","format-standard","has-post-thumbnail","hentry","category-erasmus","category-general","category-portada","tag-erasmus"],"post_mailing_queue_ids":[],"_links":{"self":[{"href":"https:\/\/agora.xtec.cat\/escolaelsquatrevents\/wp-json\/wp\/v2\/posts\/7856","targetHints":{"allow":["GET"]}}],"collection":[{"href":"https:\/\/agora.xtec.cat\/escolaelsquatrevents\/wp-json\/wp\/v2\/posts"}],"about":[{"href":"https:\/\/agora.xtec.cat\/escolaelsquatrevents\/wp-json\/wp\/v2\/types\/post"}],"author":[{"embeddable":true,"href":"https:\/\/agora.xtec.cat\/escolaelsquatrevents\/wp-json\/wp\/v2\/users\/3"}],"replies":[{"embeddable":true,"href":"https:\/\/agora.xtec.cat\/escolaelsquatrevents\/wp-json\/wp\/v2\/comments?post=7856"}],"version-history":[{"count":3,"href":"https:\/\/agora.xtec.cat\/escolaelsquatrevents\/wp-json\/wp\/v2\/posts\/7856\/revisions"}],"predecessor-version":[{"id":7859,"href":"https:\/\/agora.xtec.cat\/escolaelsquatrevents\/wp-json\/wp\/v2\/posts\/7856\/revisions\/7859"}],"wp:featuredmedia":[{"embeddable":true,"href":"https:\/\/agora.xtec.cat\/escolaelsquatrevents\/wp-json\/wp\/v2\/media\/7850"}],"wp:attachment":[{"href":"https:\/\/agora.xtec.cat\/escolaelsquatrevents\/wp-json\/wp\/v2\/media?parent=7856"}],"wp:term":[{"taxonomy":"category","embeddable":true,"href":"https:\/\/agora.xtec.cat\/escolaelsquatrevents\/wp-json\/wp\/v2\/categories?post=7856"},{"taxonomy":"post_tag","embeddable":true,"href":"https:\/\/agora.xtec.cat\/escolaelsquatrevents\/wp-json\/wp\/v2\/tags?post=7856"}],"curies":[{"name":"wp","href":"https:\/\/api.w.org\/{rel}","templated":true}]}}