{"id":7815,"date":"2022-05-16T14:00:14","date_gmt":"2022-05-16T12:00:14","guid":{"rendered":"https:\/\/agora.xtec.cat\/escolaelsquatrevents\/?p=7815"},"modified":"2022-05-09T22:29:04","modified_gmt":"2022-05-09T20:29:04","slug":"p3-treball-destimulacio-de-la-parla","status":"publish","type":"post","link":"https:\/\/agora.xtec.cat\/escolaelsquatrevents\/general\/p3-treball-destimulacio-de-la-parla\/","title":{"rendered":"P3- TREBALL D&#8217;ESTIMULACI\u00d3 DE LA PARLA"},"content":{"rendered":"<p>Fam\u00edlies de les TORTUGUES i dels COCODRILS,<\/p>\n<p>Al llarg d&#8217;aquest curs, cada dilluns pel mat\u00ed estem fent un treball d&#8217;estimulaci\u00f3 de la parla. Les tortugues i els cocodrils ens dividim en 4 grups: LES BOQUES, LES ORELLES, ELS NASSOS I LES LLENG\u00dcES. I fem tot d&#8217;activitats per millorar la nostra parla i comen\u00e7ar a fer un treball de consci\u00e8ncia fonol\u00f2gica m\u00e9s endavant.<\/p>\n<p>Treballem jocs de vocabulari, per saber anomenar, explicar i tenir m\u00e9s paraules al nostre abast.<\/p>\n<p>Fem jocs de pr\u00e0xies, on fem &#8220;gimn\u00e0s de la boca&#8221; i posem forta la nostra musculatura de la boca i la llengua.<\/p>\n<p>Aquest trimestre tamb\u00e9 hem comen\u00e7at a fer activitats de buf, on aprenem a agafar l&#8217;aire pel nas i treure&#8217;l per la boca. Tanmateix, bufem pel nas i aprenem a mocar-nos. (Recordeu, primer un forat i despr\u00e9s l&#8217;altre).<\/p>\n<p>I per \u00faltim, fem jocs d&#8217;escolta, treballem el silenci i discriminar els sons i els sorolls de la casa, de l&#8217;escola, de la natura&#8230;<\/p>\n<p>\u00c9s divertit aprendre jugant!<\/p>\n<p><a href=\"https:\/\/photos.app.goo.gl\/JAnTiqZoQqqL95YP9\">Aqu\u00ed teniu algunes fotos<\/a>.<\/p>\n<p><a href=\"https:\/\/photos.app.goo.gl\/JAnTiqZoQqqL95YP9\"><img loading=\"lazy\" decoding=\"async\" class=\"alignleft size-medium wp-image-7817\" src=\"https:\/\/agora.xtec.cat\/escolaelsquatrevents\/wp-content\/uploads\/usu584\/2022\/05\/WhatsApp-Image-2022-05-09-at-21.56.04-2-300x225.jpeg\" alt=\"\" width=\"300\" height=\"225\" srcset=\"https:\/\/agora.xtec.cat\/escolaelsquatrevents\/wp-content\/uploads\/usu584\/2022\/05\/WhatsApp-Image-2022-05-09-at-21.56.04-2-300x225.jpeg 300w, https:\/\/agora.xtec.cat\/escolaelsquatrevents\/wp-content\/uploads\/usu584\/2022\/05\/WhatsApp-Image-2022-05-09-at-21.56.04-2-1024x768.jpeg 1024w, https:\/\/agora.xtec.cat\/escolaelsquatrevents\/wp-content\/uploads\/usu584\/2022\/05\/WhatsApp-Image-2022-05-09-at-21.56.04-2-768x576.jpeg 768w, https:\/\/agora.xtec.cat\/escolaelsquatrevents\/wp-content\/uploads\/usu584\/2022\/05\/WhatsApp-Image-2022-05-09-at-21.56.04-2-1536x1152.jpeg 1536w, https:\/\/agora.xtec.cat\/escolaelsquatrevents\/wp-content\/uploads\/usu584\/2022\/05\/WhatsApp-Image-2022-05-09-at-21.56.04-2-200x150.jpeg 200w, https:\/\/agora.xtec.cat\/escolaelsquatrevents\/wp-content\/uploads\/usu584\/2022\/05\/WhatsApp-Image-2022-05-09-at-21.56.04-2.jpeg 2016w\" sizes=\"auto, (max-width: 300px) 100vw, 300px\" \/><\/a><\/p>\n<p><a href=\"https:\/\/photos.app.goo.gl\/JAnTiqZoQqqL95YP9\"><img loading=\"lazy\" decoding=\"async\" class=\"alignleft size-medium wp-image-7816\" src=\"https:\/\/agora.xtec.cat\/escolaelsquatrevents\/wp-content\/uploads\/usu584\/2022\/05\/WhatsApp-Image-2022-05-09-at-18.21.30-300x225.jpeg\" alt=\"\" width=\"300\" height=\"225\" srcset=\"https:\/\/agora.xtec.cat\/escolaelsquatrevents\/wp-content\/uploads\/usu584\/2022\/05\/WhatsApp-Image-2022-05-09-at-18.21.30-300x225.jpeg 300w, https:\/\/agora.xtec.cat\/escolaelsquatrevents\/wp-content\/uploads\/usu584\/2022\/05\/WhatsApp-Image-2022-05-09-at-18.21.30-1024x768.jpeg 1024w, https:\/\/agora.xtec.cat\/escolaelsquatrevents\/wp-content\/uploads\/usu584\/2022\/05\/WhatsApp-Image-2022-05-09-at-18.21.30-768x576.jpeg 768w, https:\/\/agora.xtec.cat\/escolaelsquatrevents\/wp-content\/uploads\/usu584\/2022\/05\/WhatsApp-Image-2022-05-09-at-18.21.30-1536x1152.jpeg 1536w, https:\/\/agora.xtec.cat\/escolaelsquatrevents\/wp-content\/uploads\/usu584\/2022\/05\/WhatsApp-Image-2022-05-09-at-18.21.30-200x150.jpeg 200w, https:\/\/agora.xtec.cat\/escolaelsquatrevents\/wp-content\/uploads\/usu584\/2022\/05\/WhatsApp-Image-2022-05-09-at-18.21.30.jpeg 2048w\" sizes=\"auto, (max-width: 300px) 100vw, 300px\" \/><\/a><\/p>\n","protected":false},"excerpt":{"rendered":"<p>Fam\u00edlies de les TORTUGUES i dels COCODRILS, Al llarg d&#8217;aquest curs, cada dilluns pel mat\u00ed estem fent un treball d&#8217;estimulaci\u00f3 de la parla. Les tortugues i els cocodrils ens dividim en 4 grups: LES BOQUES, LES ORELLES, ELS NASSOS I LES LLENG\u00dcES. I fem tot d&#8217;activitats per millorar la nostra parla i comen\u00e7ar a fer [&hellip;]<\/p>\n","protected":false},"author":3,"featured_media":7816,"comment_status":"closed","ping_status":"closed","sticky":false,"template":"","format":"standard","meta":{"_bbp_topic_count":0,"_bbp_reply_count":0,"_bbp_total_topic_count":0,"_bbp_total_reply_count":0,"_bbp_voice_count":0,"_bbp_anonymous_reply_count":0,"_bbp_topic_count_hidden":0,"_bbp_reply_count_hidden":0,"_bbp_forum_subforum_count":0,"site-sidebar-layout":"default","site-content-layout":"","ast-site-content-layout":"","site-content-style":"default","site-sidebar-style":"default","ast-global-header-display":"","ast-banner-title-visibility":"","ast-main-header-display":"","ast-hfb-above-header-display":"","ast-hfb-below-header-display":"","ast-hfb-mobile-header-display":"","site-post-title":"","ast-breadcrumbs-content":"","ast-featured-img":"","footer-sml-layout":"","theme-transparent-header-meta":"","adv-header-id-meta":"","stick-header-meta":"","header-above-stick-meta":"","header-main-stick-meta":"","header-below-stick-meta":"","astra-migrate-meta-layouts":"default","ast-page-background-enabled":"default","ast-page-background-meta":{"desktop":{"background-color":"var(--ast-global-color-4)","background-image":"","background-repeat":"repeat","background-position":"center center","background-size":"auto","background-attachment":"scroll","background-type":"","background-media":"","overlay-type":"","overlay-color":"","overlay-opacity":"","overlay-gradient":""},"tablet":{"background-color":"","background-image":"","background-repeat":"repeat","background-position":"center center","background-size":"auto","background-attachment":"scroll","background-type":"","background-media":"","overlay-type":"","overlay-color":"","overlay-opacity":"","overlay-gradient":""},"mobile":{"background-color":"","background-image":"","background-repeat":"repeat","background-position":"center center","background-size":"auto","background-attachment":"scroll","background-type":"","background-media":"","overlay-type":"","overlay-color":"","overlay-opacity":"","overlay-gradient":""}},"ast-content-background-meta":{"desktop":{"background-color":"var(--ast-global-color-5)","background-image":"","background-repeat":"repeat","background-position":"center center","background-size":"auto","background-attachment":"scroll","background-type":"","background-media":"","overlay-type":"","overlay-color":"","overlay-opacity":"","overlay-gradient":""},"tablet":{"background-color":"var(--ast-global-color-5)","background-image":"","background-repeat":"repeat","background-position":"center center","background-size":"auto","background-attachment":"scroll","background-type":"","background-media":"","overlay-type":"","overlay-color":"","overlay-opacity":"","overlay-gradient":""},"mobile":{"background-color":"var(--ast-global-color-5)","background-image":"","background-repeat":"repeat","background-position":"center center","background-size":"auto","background-attachment":"scroll","background-type":"","background-media":"","overlay-type":"","overlay-color":"","overlay-opacity":"","overlay-gradient":""}},"footnotes":""},"categories":[22,1,4],"tags":[131,158,72,25],"class_list":["post-7815","post","type-post","status-publish","format-standard","has-post-thumbnail","hentry","category-petits","category-general","category-portada","tag-comunitat-de-petits","tag-consciencia-fonologica","tag-p3","tag-petits"],"post_mailing_queue_ids":[],"_links":{"self":[{"href":"https:\/\/agora.xtec.cat\/escolaelsquatrevents\/wp-json\/wp\/v2\/posts\/7815","targetHints":{"allow":["GET"]}}],"collection":[{"href":"https:\/\/agora.xtec.cat\/escolaelsquatrevents\/wp-json\/wp\/v2\/posts"}],"about":[{"href":"https:\/\/agora.xtec.cat\/escolaelsquatrevents\/wp-json\/wp\/v2\/types\/post"}],"author":[{"embeddable":true,"href":"https:\/\/agora.xtec.cat\/escolaelsquatrevents\/wp-json\/wp\/v2\/users\/3"}],"replies":[{"embeddable":true,"href":"https:\/\/agora.xtec.cat\/escolaelsquatrevents\/wp-json\/wp\/v2\/comments?post=7815"}],"version-history":[{"count":2,"href":"https:\/\/agora.xtec.cat\/escolaelsquatrevents\/wp-json\/wp\/v2\/posts\/7815\/revisions"}],"predecessor-version":[{"id":7819,"href":"https:\/\/agora.xtec.cat\/escolaelsquatrevents\/wp-json\/wp\/v2\/posts\/7815\/revisions\/7819"}],"wp:featuredmedia":[{"embeddable":true,"href":"https:\/\/agora.xtec.cat\/escolaelsquatrevents\/wp-json\/wp\/v2\/media\/7816"}],"wp:attachment":[{"href":"https:\/\/agora.xtec.cat\/escolaelsquatrevents\/wp-json\/wp\/v2\/media?parent=7815"}],"wp:term":[{"taxonomy":"category","embeddable":true,"href":"https:\/\/agora.xtec.cat\/escolaelsquatrevents\/wp-json\/wp\/v2\/categories?post=7815"},{"taxonomy":"post_tag","embeddable":true,"href":"https:\/\/agora.xtec.cat\/escolaelsquatrevents\/wp-json\/wp\/v2\/tags?post=7815"}],"curies":[{"name":"wp","href":"https:\/\/api.w.org\/{rel}","templated":true}]}}