{"id":7665,"date":"2022-03-15T15:30:58","date_gmt":"2022-03-15T14:30:58","guid":{"rendered":"https:\/\/agora.xtec.cat\/escolaelsquatrevents\/?p=7665"},"modified":"2022-03-15T16:58:02","modified_gmt":"2022-03-15T15:58:02","slug":"el-carrer-a-1r","status":"publish","type":"post","link":"https:\/\/agora.xtec.cat\/escolaelsquatrevents\/general\/el-carrer-a-1r\/","title":{"rendered":"EL CARRER A 1r"},"content":{"rendered":"<p>Aquest segon trimestre, les nenes i els nens de 1r, hem treballat el centre d&#8217;inter\u00e8s: EL CARRER.<\/p>\n<p>Vam descobrir que treballar\u00edem el carrer, buscant unes peces de puzle i confegint la paraula. A partir d&#8217;aix\u00f2, hem fet un llarg proc\u00e9s d&#8217;aprenentatge, sortint al carrer a observar els elements que hi podem trobar, observant les botigues, oficis i objectes que hi ha cada botiga, hem treballat els sectors de treball i&#8230;per tancar, hem fet un projecte d&#8217;una maqueta.<\/p>\n<p>El projecte de la maqueta l&#8217;hem fet a trav\u00e9s del Genially, que ens anava dient quins passos hav\u00edem de seguir per aconseguir crear el carrer desitjat. Vam fer un llistat d&#8217;elements del carrer, despr\u00e9s un pl\u00e0nol i la maqueta. Finalment, vam explicar i ensenyar les maquetes als companys i companyes, i ens vam autoavaluar i coavaluar.<\/p>\n<p>Podeu veure les fotos de tot el proc\u00e9s d&#8217;aprenentatge, <a href=\"https:\/\/photos.app.goo.gl\/deUwr7QP8cL4f2iV8\">aqu\u00ed<\/a>. Ens ha agradat molt!<\/p>\n<p><img loading=\"lazy\" decoding=\"async\" class=\"size-medium wp-image-7668 aligncenter\" src=\"https:\/\/agora.xtec.cat\/escolaelsquatrevents\/wp-content\/uploads\/usu584\/2022\/03\/carrer-300x169.jpeg\" alt=\"\" width=\"300\" height=\"169\" srcset=\"https:\/\/agora.xtec.cat\/escolaelsquatrevents\/wp-content\/uploads\/usu584\/2022\/03\/carrer-300x169.jpeg 300w, https:\/\/agora.xtec.cat\/escolaelsquatrevents\/wp-content\/uploads\/usu584\/2022\/03\/carrer-1024x576.jpeg 1024w, https:\/\/agora.xtec.cat\/escolaelsquatrevents\/wp-content\/uploads\/usu584\/2022\/03\/carrer-768x432.jpeg 768w, https:\/\/agora.xtec.cat\/escolaelsquatrevents\/wp-content\/uploads\/usu584\/2022\/03\/carrer.jpeg 1200w\" sizes=\"auto, (max-width: 300px) 100vw, 300px\" \/><\/p>\n","protected":false},"excerpt":{"rendered":"<p>Aquest segon trimestre, les nenes i els nens de 1r, hem treballat el centre d&#8217;inter\u00e8s: EL CARRER. Vam descobrir que treballar\u00edem el carrer, buscant unes peces de puzle i confegint la paraula. A partir d&#8217;aix\u00f2, hem fet un llarg proc\u00e9s d&#8217;aprenentatge, sortint al carrer a observar els elements que hi podem trobar, observant les botigues, [&hellip;]<\/p>\n","protected":false},"author":3,"featured_media":7668,"comment_status":"closed","ping_status":"closed","sticky":false,"template":"","format":"standard","meta":{"_bbp_topic_count":0,"_bbp_reply_count":0,"_bbp_total_topic_count":0,"_bbp_total_reply_count":0,"_bbp_voice_count":0,"_bbp_anonymous_reply_count":0,"_bbp_topic_count_hidden":0,"_bbp_reply_count_hidden":0,"_bbp_forum_subforum_count":0,"site-sidebar-layout":"default","site-content-layout":"","ast-site-content-layout":"","site-content-style":"default","site-sidebar-style":"default","ast-global-header-display":"","ast-banner-title-visibility":"","ast-main-header-display":"","ast-hfb-above-header-display":"","ast-hfb-below-header-display":"","ast-hfb-mobile-header-display":"","site-post-title":"","ast-breadcrumbs-content":"","ast-featured-img":"","footer-sml-layout":"","theme-transparent-header-meta":"","adv-header-id-meta":"","stick-header-meta":"","header-above-stick-meta":"","header-main-stick-meta":"","header-below-stick-meta":"","astra-migrate-meta-layouts":"default","ast-page-background-enabled":"default","ast-page-background-meta":{"desktop":{"background-color":"var(--ast-global-color-4)","background-image":"","background-repeat":"repeat","background-position":"center center","background-size":"auto","background-attachment":"scroll","background-type":"","background-media":"","overlay-type":"","overlay-color":"","overlay-opacity":"","overlay-gradient":""},"tablet":{"background-color":"","background-image":"","background-repeat":"repeat","background-position":"center center","background-size":"auto","background-attachment":"scroll","background-type":"","background-media":"","overlay-type":"","overlay-color":"","overlay-opacity":"","overlay-gradient":""},"mobile":{"background-color":"","background-image":"","background-repeat":"repeat","background-position":"center center","background-size":"auto","background-attachment":"scroll","background-type":"","background-media":"","overlay-type":"","overlay-color":"","overlay-opacity":"","overlay-gradient":""}},"ast-content-background-meta":{"desktop":{"background-color":"var(--ast-global-color-5)","background-image":"","background-repeat":"repeat","background-position":"center center","background-size":"auto","background-attachment":"scroll","background-type":"","background-media":"","overlay-type":"","overlay-color":"","overlay-opacity":"","overlay-gradient":""},"tablet":{"background-color":"var(--ast-global-color-5)","background-image":"","background-repeat":"repeat","background-position":"center center","background-size":"auto","background-attachment":"scroll","background-type":"","background-media":"","overlay-type":"","overlay-color":"","overlay-opacity":"","overlay-gradient":""},"mobile":{"background-color":"var(--ast-global-color-5)","background-image":"","background-repeat":"repeat","background-position":"center center","background-size":"auto","background-attachment":"scroll","background-type":"","background-media":"","overlay-type":"","overlay-color":"","overlay-opacity":"","overlay-gradient":""}},"footnotes":""},"categories":[3,1,4],"tags":[],"class_list":["post-7665","post","type-post","status-publish","format-standard","has-post-thumbnail","hentry","category-mitjans","category-general","category-portada"],"post_mailing_queue_ids":[],"_links":{"self":[{"href":"https:\/\/agora.xtec.cat\/escolaelsquatrevents\/wp-json\/wp\/v2\/posts\/7665","targetHints":{"allow":["GET"]}}],"collection":[{"href":"https:\/\/agora.xtec.cat\/escolaelsquatrevents\/wp-json\/wp\/v2\/posts"}],"about":[{"href":"https:\/\/agora.xtec.cat\/escolaelsquatrevents\/wp-json\/wp\/v2\/types\/post"}],"author":[{"embeddable":true,"href":"https:\/\/agora.xtec.cat\/escolaelsquatrevents\/wp-json\/wp\/v2\/users\/3"}],"replies":[{"embeddable":true,"href":"https:\/\/agora.xtec.cat\/escolaelsquatrevents\/wp-json\/wp\/v2\/comments?post=7665"}],"version-history":[{"count":2,"href":"https:\/\/agora.xtec.cat\/escolaelsquatrevents\/wp-json\/wp\/v2\/posts\/7665\/revisions"}],"predecessor-version":[{"id":7673,"href":"https:\/\/agora.xtec.cat\/escolaelsquatrevents\/wp-json\/wp\/v2\/posts\/7665\/revisions\/7673"}],"wp:featuredmedia":[{"embeddable":true,"href":"https:\/\/agora.xtec.cat\/escolaelsquatrevents\/wp-json\/wp\/v2\/media\/7668"}],"wp:attachment":[{"href":"https:\/\/agora.xtec.cat\/escolaelsquatrevents\/wp-json\/wp\/v2\/media?parent=7665"}],"wp:term":[{"taxonomy":"category","embeddable":true,"href":"https:\/\/agora.xtec.cat\/escolaelsquatrevents\/wp-json\/wp\/v2\/categories?post=7665"},{"taxonomy":"post_tag","embeddable":true,"href":"https:\/\/agora.xtec.cat\/escolaelsquatrevents\/wp-json\/wp\/v2\/tags?post=7665"}],"curies":[{"name":"wp","href":"https:\/\/api.w.org\/{rel}","templated":true}]}}