{"id":7642,"date":"2022-03-08T15:29:58","date_gmt":"2022-03-08T14:29:58","guid":{"rendered":"https:\/\/agora.xtec.cat\/escolaelsquatrevents\/?p=7642"},"modified":"2022-03-08T15:31:40","modified_gmt":"2022-03-08T14:31:40","slug":"dia-de-la-dona-a-lescola","status":"publish","type":"post","link":"https:\/\/agora.xtec.cat\/escolaelsquatrevents\/mitjans\/dia-de-la-dona-a-lescola\/","title":{"rendered":"DIA DE LA DONA A L&#8217;ESCOLA"},"content":{"rendered":"<h5 style=\"text-align: center;\"><span style=\"color: #cc99ff;\">Avui 8 de mar\u00e7 del 2022 hem celebrat a l&#8217;escola el dia de la dona. Aquesta jornada ha estat carregada de consci\u00e8ncia i d&#8217;explicacions molt importants pel que fa al paper de la dona treballadora. Hem reflexionat sobre quines professions pot fer una dona. Hem tret temes sobre desigualtats reals: sou, posici\u00f3, autoritat&#8230; Hem fet lectures de contes relacionats amb el tema, ens hem posat la mascareta lila. Hem fet xapes liles del dia de la dona, hem dibuixat dones bomberes, policies, doctores, veterin\u00e0ries&#8230;I hem arribat a la conclusi\u00f3 de que la dona pot fer tot igual que l&#8217;home. Aqu\u00ed teniu un recull d&#8217;imatges de tot el que hem fet. VISCA LES DONES!!!<\/span><img loading=\"lazy\" decoding=\"async\" class=\" wp-image-7643 aligncenter\" src=\"https:\/\/agora.xtec.cat\/escolaelsquatrevents\/wp-content\/uploads\/usu584\/2022\/03\/dia-internacional-de-la-dona-300x300.jpeg\" alt=\"\" width=\"262\" height=\"262\" srcset=\"https:\/\/agora.xtec.cat\/escolaelsquatrevents\/wp-content\/uploads\/usu584\/2022\/03\/dia-internacional-de-la-dona-300x300.jpeg 300w, https:\/\/agora.xtec.cat\/escolaelsquatrevents\/wp-content\/uploads\/usu584\/2022\/03\/dia-internacional-de-la-dona-1024x1024.jpeg 1024w, https:\/\/agora.xtec.cat\/escolaelsquatrevents\/wp-content\/uploads\/usu584\/2022\/03\/dia-internacional-de-la-dona-150x150.jpeg 150w, https:\/\/agora.xtec.cat\/escolaelsquatrevents\/wp-content\/uploads\/usu584\/2022\/03\/dia-internacional-de-la-dona-768x768.jpeg 768w, https:\/\/agora.xtec.cat\/escolaelsquatrevents\/wp-content\/uploads\/usu584\/2022\/03\/dia-internacional-de-la-dona-1536x1536.jpeg 1536w, https:\/\/agora.xtec.cat\/escolaelsquatrevents\/wp-content\/uploads\/usu584\/2022\/03\/dia-internacional-de-la-dona-2048x2048.jpeg 2048w\" sizes=\"auto, (max-width: 262px) 100vw, 262px\" \/><a href=\"https:\/\/photos.app.goo.gl\/6cAsDoxyMvDXHF1c8\">DIA DE LA DONA<\/a><\/h5>\n","protected":false},"excerpt":{"rendered":"<p>Avui 8 de mar\u00e7 del 2022 hem celebrat a l&#8217;escola el dia de la dona. Aquesta jornada ha estat carregada de consci\u00e8ncia i d&#8217;explicacions molt importants pel que fa al paper de la dona treballadora. Hem reflexionat sobre quines professions pot fer una dona. Hem tret temes sobre desigualtats reals: sou, posici\u00f3, autoritat&#8230; Hem fet [&hellip;]<\/p>\n","protected":false},"author":3,"featured_media":7643,"comment_status":"open","ping_status":"closed","sticky":false,"template":"","format":"standard","meta":{"_bbp_topic_count":0,"_bbp_reply_count":0,"_bbp_total_topic_count":0,"_bbp_total_reply_count":0,"_bbp_voice_count":0,"_bbp_anonymous_reply_count":0,"_bbp_topic_count_hidden":0,"_bbp_reply_count_hidden":0,"_bbp_forum_subforum_count":0,"site-sidebar-layout":"default","site-content-layout":"","ast-site-content-layout":"","site-content-style":"default","site-sidebar-style":"default","ast-global-header-display":"","ast-banner-title-visibility":"","ast-main-header-display":"","ast-hfb-above-header-display":"","ast-hfb-below-header-display":"","ast-hfb-mobile-header-display":"","site-post-title":"","ast-breadcrumbs-content":"","ast-featured-img":"","footer-sml-layout":"","theme-transparent-header-meta":"","adv-header-id-meta":"","stick-header-meta":"","header-above-stick-meta":"","header-main-stick-meta":"","header-below-stick-meta":"","astra-migrate-meta-layouts":"default","ast-page-background-enabled":"default","ast-page-background-meta":{"desktop":{"background-color":"var(--ast-global-color-4)","background-image":"","background-repeat":"repeat","background-position":"center center","background-size":"auto","background-attachment":"scroll","background-type":"","background-media":"","overlay-type":"","overlay-color":"","overlay-opacity":"","overlay-gradient":""},"tablet":{"background-color":"","background-image":"","background-repeat":"repeat","background-position":"center center","background-size":"auto","background-attachment":"scroll","background-type":"","background-media":"","overlay-type":"","overlay-color":"","overlay-opacity":"","overlay-gradient":""},"mobile":{"background-color":"","background-image":"","background-repeat":"repeat","background-position":"center center","background-size":"auto","background-attachment":"scroll","background-type":"","background-media":"","overlay-type":"","overlay-color":"","overlay-opacity":"","overlay-gradient":""}},"ast-content-background-meta":{"desktop":{"background-color":"var(--ast-global-color-5)","background-image":"","background-repeat":"repeat","background-position":"center center","background-size":"auto","background-attachment":"scroll","background-type":"","background-media":"","overlay-type":"","overlay-color":"","overlay-opacity":"","overlay-gradient":""},"tablet":{"background-color":"var(--ast-global-color-5)","background-image":"","background-repeat":"repeat","background-position":"center center","background-size":"auto","background-attachment":"scroll","background-type":"","background-media":"","overlay-type":"","overlay-color":"","overlay-opacity":"","overlay-gradient":""},"mobile":{"background-color":"var(--ast-global-color-5)","background-image":"","background-repeat":"repeat","background-position":"center center","background-size":"auto","background-attachment":"scroll","background-type":"","background-media":"","overlay-type":"","overlay-color":"","overlay-opacity":"","overlay-gradient":""}},"footnotes":""},"categories":[8,3,22,4],"tags":[369,370,371],"class_list":["post-7642","post","type-post","status-publish","format-standard","has-post-thumbnail","hentry","category-grans","category-mitjans","category-petits","category-portada","tag-dia-de-la-dona","tag-dona","tag-lila"],"post_mailing_queue_ids":[],"_links":{"self":[{"href":"https:\/\/agora.xtec.cat\/escolaelsquatrevents\/wp-json\/wp\/v2\/posts\/7642","targetHints":{"allow":["GET"]}}],"collection":[{"href":"https:\/\/agora.xtec.cat\/escolaelsquatrevents\/wp-json\/wp\/v2\/posts"}],"about":[{"href":"https:\/\/agora.xtec.cat\/escolaelsquatrevents\/wp-json\/wp\/v2\/types\/post"}],"author":[{"embeddable":true,"href":"https:\/\/agora.xtec.cat\/escolaelsquatrevents\/wp-json\/wp\/v2\/users\/3"}],"replies":[{"embeddable":true,"href":"https:\/\/agora.xtec.cat\/escolaelsquatrevents\/wp-json\/wp\/v2\/comments?post=7642"}],"version-history":[{"count":3,"href":"https:\/\/agora.xtec.cat\/escolaelsquatrevents\/wp-json\/wp\/v2\/posts\/7642\/revisions"}],"predecessor-version":[{"id":7649,"href":"https:\/\/agora.xtec.cat\/escolaelsquatrevents\/wp-json\/wp\/v2\/posts\/7642\/revisions\/7649"}],"wp:featuredmedia":[{"embeddable":true,"href":"https:\/\/agora.xtec.cat\/escolaelsquatrevents\/wp-json\/wp\/v2\/media\/7643"}],"wp:attachment":[{"href":"https:\/\/agora.xtec.cat\/escolaelsquatrevents\/wp-json\/wp\/v2\/media?parent=7642"}],"wp:term":[{"taxonomy":"category","embeddable":true,"href":"https:\/\/agora.xtec.cat\/escolaelsquatrevents\/wp-json\/wp\/v2\/categories?post=7642"},{"taxonomy":"post_tag","embeddable":true,"href":"https:\/\/agora.xtec.cat\/escolaelsquatrevents\/wp-json\/wp\/v2\/tags?post=7642"}],"curies":[{"name":"wp","href":"https:\/\/api.w.org\/{rel}","templated":true}]}}