{"id":7603,"date":"2022-02-23T16:11:16","date_gmt":"2022-02-23T15:11:16","guid":{"rendered":"https:\/\/agora.xtec.cat\/escolaelsquatrevents\/?p=7603"},"modified":"2022-02-23T16:13:48","modified_gmt":"2022-02-23T15:13:48","slug":"creativitat-a-p5","status":"publish","type":"post","link":"https:\/\/agora.xtec.cat\/escolaelsquatrevents\/general\/creativitat-a-p5\/","title":{"rendered":"CREATIVITAT A P5!"},"content":{"rendered":"<p>\ud83d\ude2f \ud83d\ude2f ELS INFANTS DE P5 SON EN UN MOMENT ON HAN INTEGRAT TOTES LES T\u00c8CNIQUES I USOS DELS MATERIALS ART\u00cdSTICS DE L&#8217;E.INFANTIL I DONEN ALES A LA SEVA IMAGINACI\u00d3 CREANT CADA VEGADA\u00a0 M\u00c9S ACURADA. COMBINEN ELS COLORS, FAN TRA\u00c7OS FINS, MADUREN EN EL DIBUIX, ENRIQUEIXEN LES SEVES MERAVELLOSES PRODUCCIONS D&#8217;UNA MANERA INCREIBLE. ELS RACONS D&#8217;ART SON UN BON MOMENT PER CREAR DE MANERA LLIURE ESCOLLINT ENTRE 5 PROPOSTES.MIREU QUINES CREACIONS M\u00c9S ESPECTACULARS! \ud83d\ude2f \ud83d\ude2f \u00a0 \u00a0\u00a0 \u00a0\u00a0 \u00a0\u00a0 \u00a0\u00a0 \u00a0\u00a0 \u00a0\u00a0 \u00a0\u00a0 \u00a0\u00a0 \u00a0\u00a0 \u00a0\u00a0 \u00a0 <a href=\"https:\/\/photos.app.goo.gl\/hpUpiUYACjViKu8Y8\">RACONS D&#8217;ART P5<\/a><a href=\"https:\/\/photos.app.goo.gl\/hpUpiUYACjViKu8Y8\"><img loading=\"lazy\" decoding=\"async\" class=\"wp-image-7604 aligncenter\" src=\"https:\/\/agora.xtec.cat\/escolaelsquatrevents\/wp-content\/uploads\/usu584\/2022\/02\/IMG_20220204_161337-225x300.jpg\" alt=\"\" width=\"113\" height=\"151\" srcset=\"https:\/\/agora.xtec.cat\/escolaelsquatrevents\/wp-content\/uploads\/usu584\/2022\/02\/IMG_20220204_161337-225x300.jpg 225w, https:\/\/agora.xtec.cat\/escolaelsquatrevents\/wp-content\/uploads\/usu584\/2022\/02\/IMG_20220204_161337-768x1024.jpg 768w, https:\/\/agora.xtec.cat\/escolaelsquatrevents\/wp-content\/uploads\/usu584\/2022\/02\/IMG_20220204_161337-1152x1536.jpg 1152w, https:\/\/agora.xtec.cat\/escolaelsquatrevents\/wp-content\/uploads\/usu584\/2022\/02\/IMG_20220204_161337-1536x2048.jpg 1536w, https:\/\/agora.xtec.cat\/escolaelsquatrevents\/wp-content\/uploads\/usu584\/2022\/02\/IMG_20220204_161337-scaled.jpg 1920w\" sizes=\"auto, (max-width: 113px) 100vw, 113px\" \/><\/a><\/p>\n","protected":false},"excerpt":{"rendered":"<p>\ud83d\ude2f \ud83d\ude2f ELS INFANTS DE P5 SON EN UN MOMENT ON HAN INTEGRAT TOTES LES T\u00c8CNIQUES I USOS DELS MATERIALS ART\u00cdSTICS DE L&#8217;E.INFANTIL I DONEN ALES A LA SEVA IMAGINACI\u00d3 CREANT CADA VEGADA\u00a0 M\u00c9S ACURADA. COMBINEN ELS COLORS, FAN TRA\u00c7OS FINS, MADUREN EN EL DIBUIX, ENRIQUEIXEN LES SEVES MERAVELLOSES PRODUCCIONS D&#8217;UNA MANERA INCREIBLE. ELS RACONS [&hellip;]<\/p>\n","protected":false},"author":3,"featured_media":7604,"comment_status":"closed","ping_status":"closed","sticky":false,"template":"","format":"standard","meta":{"_bbp_topic_count":0,"_bbp_reply_count":0,"_bbp_total_topic_count":0,"_bbp_total_reply_count":0,"_bbp_voice_count":0,"_bbp_anonymous_reply_count":0,"_bbp_topic_count_hidden":0,"_bbp_reply_count_hidden":0,"_bbp_forum_subforum_count":0,"site-sidebar-layout":"default","site-content-layout":"","ast-site-content-layout":"","site-content-style":"default","site-sidebar-style":"default","ast-global-header-display":"","ast-banner-title-visibility":"","ast-main-header-display":"","ast-hfb-above-header-display":"","ast-hfb-below-header-display":"","ast-hfb-mobile-header-display":"","site-post-title":"","ast-breadcrumbs-content":"","ast-featured-img":"","footer-sml-layout":"","theme-transparent-header-meta":"","adv-header-id-meta":"","stick-header-meta":"","header-above-stick-meta":"","header-main-stick-meta":"","header-below-stick-meta":"","astra-migrate-meta-layouts":"default","ast-page-background-enabled":"default","ast-page-background-meta":{"desktop":{"background-color":"var(--ast-global-color-4)","background-image":"","background-repeat":"repeat","background-position":"center center","background-size":"auto","background-attachment":"scroll","background-type":"","background-media":"","overlay-type":"","overlay-color":"","overlay-opacity":"","overlay-gradient":""},"tablet":{"background-color":"","background-image":"","background-repeat":"repeat","background-position":"center center","background-size":"auto","background-attachment":"scroll","background-type":"","background-media":"","overlay-type":"","overlay-color":"","overlay-opacity":"","overlay-gradient":""},"mobile":{"background-color":"","background-image":"","background-repeat":"repeat","background-position":"center center","background-size":"auto","background-attachment":"scroll","background-type":"","background-media":"","overlay-type":"","overlay-color":"","overlay-opacity":"","overlay-gradient":""}},"ast-content-background-meta":{"desktop":{"background-color":"var(--ast-global-color-5)","background-image":"","background-repeat":"repeat","background-position":"center center","background-size":"auto","background-attachment":"scroll","background-type":"","background-media":"","overlay-type":"","overlay-color":"","overlay-opacity":"","overlay-gradient":""},"tablet":{"background-color":"var(--ast-global-color-5)","background-image":"","background-repeat":"repeat","background-position":"center center","background-size":"auto","background-attachment":"scroll","background-type":"","background-media":"","overlay-type":"","overlay-color":"","overlay-opacity":"","overlay-gradient":""},"mobile":{"background-color":"var(--ast-global-color-5)","background-image":"","background-repeat":"repeat","background-position":"center center","background-size":"auto","background-attachment":"scroll","background-type":"","background-media":"","overlay-type":"","overlay-color":"","overlay-opacity":"","overlay-gradient":""}},"footnotes":""},"categories":[22,1,4],"tags":[57,366,56,192],"class_list":["post-7603","post","type-post","status-publish","format-standard","has-post-thumbnail","hentry","category-petits","category-general","category-portada","tag-art","tag-hivern","tag-p5","tag-racons"],"post_mailing_queue_ids":[],"_links":{"self":[{"href":"https:\/\/agora.xtec.cat\/escolaelsquatrevents\/wp-json\/wp\/v2\/posts\/7603","targetHints":{"allow":["GET"]}}],"collection":[{"href":"https:\/\/agora.xtec.cat\/escolaelsquatrevents\/wp-json\/wp\/v2\/posts"}],"about":[{"href":"https:\/\/agora.xtec.cat\/escolaelsquatrevents\/wp-json\/wp\/v2\/types\/post"}],"author":[{"embeddable":true,"href":"https:\/\/agora.xtec.cat\/escolaelsquatrevents\/wp-json\/wp\/v2\/users\/3"}],"replies":[{"embeddable":true,"href":"https:\/\/agora.xtec.cat\/escolaelsquatrevents\/wp-json\/wp\/v2\/comments?post=7603"}],"version-history":[{"count":3,"href":"https:\/\/agora.xtec.cat\/escolaelsquatrevents\/wp-json\/wp\/v2\/posts\/7603\/revisions"}],"predecessor-version":[{"id":7609,"href":"https:\/\/agora.xtec.cat\/escolaelsquatrevents\/wp-json\/wp\/v2\/posts\/7603\/revisions\/7609"}],"wp:featuredmedia":[{"embeddable":true,"href":"https:\/\/agora.xtec.cat\/escolaelsquatrevents\/wp-json\/wp\/v2\/media\/7604"}],"wp:attachment":[{"href":"https:\/\/agora.xtec.cat\/escolaelsquatrevents\/wp-json\/wp\/v2\/media?parent=7603"}],"wp:term":[{"taxonomy":"category","embeddable":true,"href":"https:\/\/agora.xtec.cat\/escolaelsquatrevents\/wp-json\/wp\/v2\/categories?post=7603"},{"taxonomy":"post_tag","embeddable":true,"href":"https:\/\/agora.xtec.cat\/escolaelsquatrevents\/wp-json\/wp\/v2\/tags?post=7603"}],"curies":[{"name":"wp","href":"https:\/\/api.w.org\/{rel}","templated":true}]}}