{"id":7414,"date":"2021-12-13T13:05:14","date_gmt":"2021-12-13T12:05:14","guid":{"rendered":"https:\/\/agora.xtec.cat\/escolaelsquatrevents\/?p=7414"},"modified":"2021-12-13T13:08:03","modified_gmt":"2021-12-13T12:08:03","slug":"art-2n-ens-hem-inspirat-amb-kandinsky","status":"publish","type":"post","link":"https:\/\/agora.xtec.cat\/escolaelsquatrevents\/mitjans\/art-2n-ens-hem-inspirat-amb-kandinsky\/","title":{"rendered":"ART 2n: ENS HEM INSPIRAT AMB KANDINSKY"},"content":{"rendered":"<p>Aquest trimestre els i les alumnes de 2n, a l\u2019\u00e0rea d\u2019Art hem treballat el pintor rus <strong>Vassili Kandinski<\/strong>. Vam comen\u00e7ar combinant la pintura amb la m\u00fasica, tal com ho relacionava l\u2019autor. A m\u00e9s a m\u00e9s, hem conegut quins s\u00f3n els colors c\u00e0lids i freds i els hem aplicat a diferents propostes art\u00edstiques. Tamb\u00e9 hem experimentat amb les l\u00ednies i diferents formes geom\u00e8triques. Durant les diferents sessions hem anat descobrint les seves obres abstractes m\u00e9s famoses i el seu estil. A partir del que hem apr\u00e8s hem fet unes creacions fabuloses. Tots i totes som uns i unes grans artistes.<br \/>\n<a href=\"https:\/\/photos.app.goo.gl\/MTowQpVuDrj95JXt6\">Aqu\u00ed podeu veure les fotos<\/a><\/p>\n<p><img loading=\"lazy\" decoding=\"async\" class=\"aligncenter\" src=\"https:\/\/lh3.googleusercontent.com\/wZmC_TzxZUaiSrv3Pfhzjp9Vs_Y-qPtkmhHB_MwY8q5qm8uvE6zGeE2kNc6Pa7REFnAXgkmd-9sspL_exRYWuN3iuPpkCUULCxI6HBiCzwwXZbOD-3dkMbJH5HcFNtVCYCz7dm83qV1P9kEBusLNCHrm6gpHr3nkJWvyTmltN_WxNsZTV4j8cIuK1s6gScRHBq5Ov_Gl2cUn5xP38BRpPBZSphfAVdc8xlN95y9YolqR1U8n-V8X-R-Jy8U-zdObMMl_p5qAxYpBN2rxnDmYRw8yTdVf59t1vPAYuRUA6sWnZM7ndx8SBKkSGrkmJGrGOnf98anLir4ob1zu24n0Ll6hf6C07Ly8_kDkDufetqXiJTDnyP23Di-hMeTJPEiVLIvzY3CBr9hy0qKvgvd5cHwDrVUfED4TUwAFBTsYKMuqT2hHcV1BnUpiUIt08v46HU-o-JGUqtrMZYgvxDdZCHSsrnFwjuIN0petcXZ364XDQh-ja_R51dqbYRB3G3ehWvWLkx_DEflO8KQuKRE2WTkIc4hm_VSr5QRNoj80koyiZIYAMFnFRQhXE436GzYEQXqgCUALkrZlW26d373Q1JCFTFp2pSGvMCeac9dE3IUFWjCMCRMBGQSQNd-QZd82q7P4GEMWHikEzbPLayjCZqgq19TnKx37m6qQGKFTsZMbyKjnv4T4bpCQ9L3XiBUdd4sCHcN7VL44KJtqz2PlMGrJUw=w976-h732-no?authuser=0\" alt=\"\" width=\"430\" height=\"323\" \/><\/p>\n","protected":false},"excerpt":{"rendered":"<p>Aquest trimestre els i les alumnes de 2n, a l\u2019\u00e0rea d\u2019Art hem treballat el pintor rus Vassili Kandinski. Vam comen\u00e7ar combinant la pintura amb la m\u00fasica, tal com ho relacionava l\u2019autor. A m\u00e9s a m\u00e9s, hem conegut quins s\u00f3n els colors c\u00e0lids i freds i els hem aplicat a diferents propostes art\u00edstiques. Tamb\u00e9 hem experimentat [&hellip;]<\/p>\n","protected":false},"author":3,"featured_media":7415,"comment_status":"closed","ping_status":"closed","sticky":false,"template":"","format":"standard","meta":{"_bbp_topic_count":0,"_bbp_reply_count":0,"_bbp_total_topic_count":0,"_bbp_total_reply_count":0,"_bbp_voice_count":0,"_bbp_anonymous_reply_count":0,"_bbp_topic_count_hidden":0,"_bbp_reply_count_hidden":0,"_bbp_forum_subforum_count":0,"site-sidebar-layout":"default","site-content-layout":"","ast-site-content-layout":"","site-content-style":"default","site-sidebar-style":"default","ast-global-header-display":"","ast-banner-title-visibility":"","ast-main-header-display":"","ast-hfb-above-header-display":"","ast-hfb-below-header-display":"","ast-hfb-mobile-header-display":"","site-post-title":"","ast-breadcrumbs-content":"","ast-featured-img":"","footer-sml-layout":"","theme-transparent-header-meta":"","adv-header-id-meta":"","stick-header-meta":"","header-above-stick-meta":"","header-main-stick-meta":"","header-below-stick-meta":"","astra-migrate-meta-layouts":"default","ast-page-background-enabled":"default","ast-page-background-meta":{"desktop":{"background-color":"var(--ast-global-color-4)","background-image":"","background-repeat":"repeat","background-position":"center center","background-size":"auto","background-attachment":"scroll","background-type":"","background-media":"","overlay-type":"","overlay-color":"","overlay-opacity":"","overlay-gradient":""},"tablet":{"background-color":"","background-image":"","background-repeat":"repeat","background-position":"center center","background-size":"auto","background-attachment":"scroll","background-type":"","background-media":"","overlay-type":"","overlay-color":"","overlay-opacity":"","overlay-gradient":""},"mobile":{"background-color":"","background-image":"","background-repeat":"repeat","background-position":"center center","background-size":"auto","background-attachment":"scroll","background-type":"","background-media":"","overlay-type":"","overlay-color":"","overlay-opacity":"","overlay-gradient":""}},"ast-content-background-meta":{"desktop":{"background-color":"var(--ast-global-color-5)","background-image":"","background-repeat":"repeat","background-position":"center center","background-size":"auto","background-attachment":"scroll","background-type":"","background-media":"","overlay-type":"","overlay-color":"","overlay-opacity":"","overlay-gradient":""},"tablet":{"background-color":"var(--ast-global-color-5)","background-image":"","background-repeat":"repeat","background-position":"center center","background-size":"auto","background-attachment":"scroll","background-type":"","background-media":"","overlay-type":"","overlay-color":"","overlay-opacity":"","overlay-gradient":""},"mobile":{"background-color":"var(--ast-global-color-5)","background-image":"","background-repeat":"repeat","background-position":"center center","background-size":"auto","background-attachment":"scroll","background-type":"","background-media":"","overlay-type":"","overlay-color":"","overlay-opacity":"","overlay-gradient":""}},"footnotes":""},"categories":[3,4],"tags":[87,57,133],"class_list":["post-7414","post","type-post","status-publish","format-standard","has-post-thumbnail","hentry","category-mitjans","category-portada","tag-2n","tag-art","tag-comunitat-de-mitjans"],"post_mailing_queue_ids":[],"_links":{"self":[{"href":"https:\/\/agora.xtec.cat\/escolaelsquatrevents\/wp-json\/wp\/v2\/posts\/7414","targetHints":{"allow":["GET"]}}],"collection":[{"href":"https:\/\/agora.xtec.cat\/escolaelsquatrevents\/wp-json\/wp\/v2\/posts"}],"about":[{"href":"https:\/\/agora.xtec.cat\/escolaelsquatrevents\/wp-json\/wp\/v2\/types\/post"}],"author":[{"embeddable":true,"href":"https:\/\/agora.xtec.cat\/escolaelsquatrevents\/wp-json\/wp\/v2\/users\/3"}],"replies":[{"embeddable":true,"href":"https:\/\/agora.xtec.cat\/escolaelsquatrevents\/wp-json\/wp\/v2\/comments?post=7414"}],"version-history":[{"count":3,"href":"https:\/\/agora.xtec.cat\/escolaelsquatrevents\/wp-json\/wp\/v2\/posts\/7414\/revisions"}],"predecessor-version":[{"id":7418,"href":"https:\/\/agora.xtec.cat\/escolaelsquatrevents\/wp-json\/wp\/v2\/posts\/7414\/revisions\/7418"}],"wp:featuredmedia":[{"embeddable":true,"href":"https:\/\/agora.xtec.cat\/escolaelsquatrevents\/wp-json\/wp\/v2\/media\/7415"}],"wp:attachment":[{"href":"https:\/\/agora.xtec.cat\/escolaelsquatrevents\/wp-json\/wp\/v2\/media?parent=7414"}],"wp:term":[{"taxonomy":"category","embeddable":true,"href":"https:\/\/agora.xtec.cat\/escolaelsquatrevents\/wp-json\/wp\/v2\/categories?post=7414"},{"taxonomy":"post_tag","embeddable":true,"href":"https:\/\/agora.xtec.cat\/escolaelsquatrevents\/wp-json\/wp\/v2\/tags?post=7414"}],"curies":[{"name":"wp","href":"https:\/\/api.w.org\/{rel}","templated":true}]}}