{"id":7347,"date":"2021-11-25T16:15:30","date_gmt":"2021-11-25T15:15:30","guid":{"rendered":"https:\/\/agora.xtec.cat\/escolaelsquatrevents\/?p=7347"},"modified":"2021-11-25T16:15:30","modified_gmt":"2021-11-25T15:15:30","slug":"lhort-de-lescola","status":"publish","type":"post","link":"https:\/\/agora.xtec.cat\/escolaelsquatrevents\/general\/lhort-de-lescola\/","title":{"rendered":"L&#8217;hort de l&#8217;escola"},"content":{"rendered":"<p><span style=\"font-weight: 400;\">Aquest 1r trimestre les nenes i els nens de 1r i 2n hem treballat de valent a l\u2019hort i les jardineres de l\u2019escola. Primer hem preparat el terreny i la terra per a poder plantar. Hem arrencat herbes invasores i hem remenat b\u00e9 la terra, per acabar, hem afegit terra a les jardineres i a l\u2019hort.<\/span><\/p>\n<p><span style=\"font-weight: 400;\">Un cop ho hem tingut tot ben preparat, els de primer, hem plantat flors i plantes arom\u00e0tiques a les jardineres de l\u2019escola per deixar-la ben bonica. A l\u2019hort hem plantat i sembrat algunes hortalisses i verdures de temporada: cols, br\u00f2coli, bledes, api, porro, faves i p\u00e8sols. Tot fent aquest treball de camp hem apr\u00e8s quines s\u00f3n les eines q ens calen, com hem de cuidar la terra i les plantes, la difer\u00e8ncia entre plantar i sembrar\u00a0 i entre llavors i planter\u2026<\/span><\/p>\n<p><span style=\"font-weight: 400;\">A la vegada i aprofitant els dies de pluja, hem comen\u00e7at a treballar en el nostre quadern de camp\u2026 el calend\u00e0ri de l\u2019hort, alguns fruits de tardor, les eines\u2026\u00a0<\/span><\/p>\n<p><span style=\"font-weight: 400;\">Estem molt enfeinats\u2026 mireu mireu!!<\/span><\/p>\n<p>Cliqueu a la imatge per veure totes les fotos.<\/p>\n<p>&nbsp;<\/p>\n<p><a href=\"https:\/\/photos.app.goo.gl\/ok39xsSaxprrAPzY7\"><img loading=\"lazy\" decoding=\"async\" class=\"alignleft size-medium wp-image-7348\" src=\"https:\/\/agora.xtec.cat\/escolaelsquatrevents\/wp-content\/uploads\/usu584\/2021\/11\/WhatsApp-Image-2021-11-24-at-14.00.24-13-300x225.jpeg\" alt=\"\" width=\"300\" height=\"225\" srcset=\"https:\/\/agora.xtec.cat\/escolaelsquatrevents\/wp-content\/uploads\/usu584\/2021\/11\/WhatsApp-Image-2021-11-24-at-14.00.24-13-300x225.jpeg 300w, https:\/\/agora.xtec.cat\/escolaelsquatrevents\/wp-content\/uploads\/usu584\/2021\/11\/WhatsApp-Image-2021-11-24-at-14.00.24-13-768x576.jpeg 768w, https:\/\/agora.xtec.cat\/escolaelsquatrevents\/wp-content\/uploads\/usu584\/2021\/11\/WhatsApp-Image-2021-11-24-at-14.00.24-13-200x150.jpeg 200w, https:\/\/agora.xtec.cat\/escolaelsquatrevents\/wp-content\/uploads\/usu584\/2021\/11\/WhatsApp-Image-2021-11-24-at-14.00.24-13.jpeg 1024w\" sizes=\"auto, (max-width: 300px) 100vw, 300px\" \/><\/a><\/p>\n<p>&nbsp;<\/p>\n<p>&nbsp;<\/p>\n","protected":false},"excerpt":{"rendered":"<p>Aquest 1r trimestre les nenes i els nens de 1r i 2n hem treballat de valent a l\u2019hort i les jardineres de l\u2019escola. Primer hem preparat el terreny i la terra per a poder plantar. Hem arrencat herbes invasores i hem remenat b\u00e9 la terra, per acabar, hem afegit terra a les jardineres i a [&hellip;]<\/p>\n","protected":false},"author":3,"featured_media":7348,"comment_status":"closed","ping_status":"closed","sticky":false,"template":"","format":"standard","meta":{"_bbp_topic_count":0,"_bbp_reply_count":0,"_bbp_total_topic_count":0,"_bbp_total_reply_count":0,"_bbp_voice_count":0,"_bbp_anonymous_reply_count":0,"_bbp_topic_count_hidden":0,"_bbp_reply_count_hidden":0,"_bbp_forum_subforum_count":0,"site-sidebar-layout":"default","site-content-layout":"","ast-site-content-layout":"","site-content-style":"default","site-sidebar-style":"default","ast-global-header-display":"","ast-banner-title-visibility":"","ast-main-header-display":"","ast-hfb-above-header-display":"","ast-hfb-below-header-display":"","ast-hfb-mobile-header-display":"","site-post-title":"","ast-breadcrumbs-content":"","ast-featured-img":"","footer-sml-layout":"","theme-transparent-header-meta":"","adv-header-id-meta":"","stick-header-meta":"","header-above-stick-meta":"","header-main-stick-meta":"","header-below-stick-meta":"","astra-migrate-meta-layouts":"default","ast-page-background-enabled":"default","ast-page-background-meta":{"desktop":{"background-color":"var(--ast-global-color-4)","background-image":"","background-repeat":"repeat","background-position":"center center","background-size":"auto","background-attachment":"scroll","background-type":"","background-media":"","overlay-type":"","overlay-color":"","overlay-opacity":"","overlay-gradient":""},"tablet":{"background-color":"","background-image":"","background-repeat":"repeat","background-position":"center center","background-size":"auto","background-attachment":"scroll","background-type":"","background-media":"","overlay-type":"","overlay-color":"","overlay-opacity":"","overlay-gradient":""},"mobile":{"background-color":"","background-image":"","background-repeat":"repeat","background-position":"center center","background-size":"auto","background-attachment":"scroll","background-type":"","background-media":"","overlay-type":"","overlay-color":"","overlay-opacity":"","overlay-gradient":""}},"ast-content-background-meta":{"desktop":{"background-color":"var(--ast-global-color-5)","background-image":"","background-repeat":"repeat","background-position":"center center","background-size":"auto","background-attachment":"scroll","background-type":"","background-media":"","overlay-type":"","overlay-color":"","overlay-opacity":"","overlay-gradient":""},"tablet":{"background-color":"var(--ast-global-color-5)","background-image":"","background-repeat":"repeat","background-position":"center center","background-size":"auto","background-attachment":"scroll","background-type":"","background-media":"","overlay-type":"","overlay-color":"","overlay-opacity":"","overlay-gradient":""},"mobile":{"background-color":"var(--ast-global-color-5)","background-image":"","background-repeat":"repeat","background-position":"center center","background-size":"auto","background-attachment":"scroll","background-type":"","background-media":"","overlay-type":"","overlay-color":"","overlay-opacity":"","overlay-gradient":""}},"footnotes":""},"categories":[3,1,4],"tags":[105,87,133,156],"class_list":["post-7347","post","type-post","status-publish","format-standard","has-post-thumbnail","hentry","category-mitjans","category-general","category-portada","tag-1r","tag-2n","tag-comunitat-de-mitjans","tag-hort"],"post_mailing_queue_ids":[],"_links":{"self":[{"href":"https:\/\/agora.xtec.cat\/escolaelsquatrevents\/wp-json\/wp\/v2\/posts\/7347","targetHints":{"allow":["GET"]}}],"collection":[{"href":"https:\/\/agora.xtec.cat\/escolaelsquatrevents\/wp-json\/wp\/v2\/posts"}],"about":[{"href":"https:\/\/agora.xtec.cat\/escolaelsquatrevents\/wp-json\/wp\/v2\/types\/post"}],"author":[{"embeddable":true,"href":"https:\/\/agora.xtec.cat\/escolaelsquatrevents\/wp-json\/wp\/v2\/users\/3"}],"replies":[{"embeddable":true,"href":"https:\/\/agora.xtec.cat\/escolaelsquatrevents\/wp-json\/wp\/v2\/comments?post=7347"}],"version-history":[{"count":2,"href":"https:\/\/agora.xtec.cat\/escolaelsquatrevents\/wp-json\/wp\/v2\/posts\/7347\/revisions"}],"predecessor-version":[{"id":7350,"href":"https:\/\/agora.xtec.cat\/escolaelsquatrevents\/wp-json\/wp\/v2\/posts\/7347\/revisions\/7350"}],"wp:featuredmedia":[{"embeddable":true,"href":"https:\/\/agora.xtec.cat\/escolaelsquatrevents\/wp-json\/wp\/v2\/media\/7348"}],"wp:attachment":[{"href":"https:\/\/agora.xtec.cat\/escolaelsquatrevents\/wp-json\/wp\/v2\/media?parent=7347"}],"wp:term":[{"taxonomy":"category","embeddable":true,"href":"https:\/\/agora.xtec.cat\/escolaelsquatrevents\/wp-json\/wp\/v2\/categories?post=7347"},{"taxonomy":"post_tag","embeddable":true,"href":"https:\/\/agora.xtec.cat\/escolaelsquatrevents\/wp-json\/wp\/v2\/tags?post=7347"}],"curies":[{"name":"wp","href":"https:\/\/api.w.org\/{rel}","templated":true}]}}