{"id":7085,"date":"2021-09-30T16:21:02","date_gmt":"2021-09-30T14:21:02","guid":{"rendered":"https:\/\/agora.xtec.cat\/escolaelsquatrevents\/?p=7085"},"modified":"2021-10-14T12:50:50","modified_gmt":"2021-10-14T10:50:50","slug":"comencem-el-curs-amb-musica","status":"publish","type":"post","link":"https:\/\/agora.xtec.cat\/escolaelsquatrevents\/mitjans\/comencem-el-curs-amb-musica\/","title":{"rendered":"Comencem el curs amb m\u00fasica!"},"content":{"rendered":"<p>Les nenes i els nens de primer han comen\u00e7at una nova aventura al pis de dalt, tot \u00e9s nou per\u00f2 l&#8217;aula de m\u00fasica la recordem de quan an\u00e0vem a P4. Estem emocionats de poder tornar-hi i deixar anar la nostra imaginaci\u00f3 mitjan\u00e7ant l&#8217;art musical que tots amaguem a dins nostre.<\/p>\n<p>De moment, hem comen\u00e7at presentant-nos amb una activitat molt r\u00edtmica. Tothom hem tingut la oportunitat de dir el nostre nom i quin dels instruments que trob\u00e0ven a la rotllana ens agrada tocar. A continuaci\u00f3 hem fet una petita demostraci\u00f3 als nostres amics i amigues.<\/p>\n<p>&#8220;S\u00f3c la Yasmin i m&#8217;encanta la pandereta&#8221;<\/p>\n<p>&#8220;S\u00f3c el Daniel i m&#8217;agrada tocar el g\u00fciro!&#8221;<\/p>\n<p>&#8220;S\u00f3c la Razane i voldria tocar el triangle!&#8221;<\/p>\n<p>&#8220;S\u00f3c el Hamza i m&#8217;agrada tocar les maraques!&#8221;<\/p>\n<p>Si cliqueu la imatge, podreu gaudir d&#8217;un recull de fotos d&#8217;aquest primer contacte amb l&#8217;aula de m\u00fasica. Gaudiu!<\/p>\n<p><a href=\"https:\/\/photos.app.goo.gl\/nL2ZwUtEqdEAF2Sw5\"><img loading=\"lazy\" decoding=\"async\" class=\"size-medium wp-image-7086 aligncenter\" src=\"https:\/\/agora.xtec.cat\/escolaelsquatrevents\/wp-content\/uploads\/usu584\/2021\/09\/orff-instrumentos-300x117.jpg\" alt=\"\" width=\"300\" height=\"117\" srcset=\"https:\/\/agora.xtec.cat\/escolaelsquatrevents\/wp-content\/uploads\/usu584\/2021\/09\/orff-instrumentos-300x117.jpg 300w, https:\/\/agora.xtec.cat\/escolaelsquatrevents\/wp-content\/uploads\/usu584\/2021\/09\/orff-instrumentos-768x300.jpg 768w, https:\/\/agora.xtec.cat\/escolaelsquatrevents\/wp-content\/uploads\/usu584\/2021\/09\/orff-instrumentos.jpg 800w\" sizes=\"auto, (max-width: 300px) 100vw, 300px\" \/><\/a><\/p>\n","protected":false},"excerpt":{"rendered":"<p>Les nenes i els nens de primer han comen\u00e7at una nova aventura al pis de dalt, tot \u00e9s nou per\u00f2 l&#8217;aula de m\u00fasica la recordem de quan an\u00e0vem a P4. Estem emocionats de poder tornar-hi i deixar anar la nostra imaginaci\u00f3 mitjan\u00e7ant l&#8217;art musical que tots amaguem a dins nostre. De moment, hem comen\u00e7at presentant-nos [&hellip;]<\/p>\n","protected":false},"author":3,"featured_media":7086,"comment_status":"open","ping_status":"closed","sticky":false,"template":"","format":"standard","meta":{"_bbp_topic_count":0,"_bbp_reply_count":0,"_bbp_total_topic_count":0,"_bbp_total_reply_count":0,"_bbp_voice_count":0,"_bbp_anonymous_reply_count":0,"_bbp_topic_count_hidden":0,"_bbp_reply_count_hidden":0,"_bbp_forum_subforum_count":0,"site-sidebar-layout":"default","site-content-layout":"","ast-site-content-layout":"","site-content-style":"default","site-sidebar-style":"default","ast-global-header-display":"","ast-banner-title-visibility":"","ast-main-header-display":"","ast-hfb-above-header-display":"","ast-hfb-below-header-display":"","ast-hfb-mobile-header-display":"","site-post-title":"","ast-breadcrumbs-content":"","ast-featured-img":"","footer-sml-layout":"","theme-transparent-header-meta":"","adv-header-id-meta":"","stick-header-meta":"","header-above-stick-meta":"","header-main-stick-meta":"","header-below-stick-meta":"","astra-migrate-meta-layouts":"default","ast-page-background-enabled":"default","ast-page-background-meta":{"desktop":{"background-color":"var(--ast-global-color-4)","background-image":"","background-repeat":"repeat","background-position":"center center","background-size":"auto","background-attachment":"scroll","background-type":"","background-media":"","overlay-type":"","overlay-color":"","overlay-opacity":"","overlay-gradient":""},"tablet":{"background-color":"","background-image":"","background-repeat":"repeat","background-position":"center center","background-size":"auto","background-attachment":"scroll","background-type":"","background-media":"","overlay-type":"","overlay-color":"","overlay-opacity":"","overlay-gradient":""},"mobile":{"background-color":"","background-image":"","background-repeat":"repeat","background-position":"center center","background-size":"auto","background-attachment":"scroll","background-type":"","background-media":"","overlay-type":"","overlay-color":"","overlay-opacity":"","overlay-gradient":""}},"ast-content-background-meta":{"desktop":{"background-color":"var(--ast-global-color-5)","background-image":"","background-repeat":"repeat","background-position":"center center","background-size":"auto","background-attachment":"scroll","background-type":"","background-media":"","overlay-type":"","overlay-color":"","overlay-opacity":"","overlay-gradient":""},"tablet":{"background-color":"var(--ast-global-color-5)","background-image":"","background-repeat":"repeat","background-position":"center center","background-size":"auto","background-attachment":"scroll","background-type":"","background-media":"","overlay-type":"","overlay-color":"","overlay-opacity":"","overlay-gradient":""},"mobile":{"background-color":"var(--ast-global-color-5)","background-image":"","background-repeat":"repeat","background-position":"center center","background-size":"auto","background-attachment":"scroll","background-type":"","background-media":"","overlay-type":"","overlay-color":"","overlay-opacity":"","overlay-gradient":""}},"footnotes":""},"categories":[3,4],"tags":[],"class_list":["post-7085","post","type-post","status-publish","format-standard","has-post-thumbnail","hentry","category-mitjans","category-portada"],"post_mailing_queue_ids":[],"_links":{"self":[{"href":"https:\/\/agora.xtec.cat\/escolaelsquatrevents\/wp-json\/wp\/v2\/posts\/7085","targetHints":{"allow":["GET"]}}],"collection":[{"href":"https:\/\/agora.xtec.cat\/escolaelsquatrevents\/wp-json\/wp\/v2\/posts"}],"about":[{"href":"https:\/\/agora.xtec.cat\/escolaelsquatrevents\/wp-json\/wp\/v2\/types\/post"}],"author":[{"embeddable":true,"href":"https:\/\/agora.xtec.cat\/escolaelsquatrevents\/wp-json\/wp\/v2\/users\/3"}],"replies":[{"embeddable":true,"href":"https:\/\/agora.xtec.cat\/escolaelsquatrevents\/wp-json\/wp\/v2\/comments?post=7085"}],"version-history":[{"count":2,"href":"https:\/\/agora.xtec.cat\/escolaelsquatrevents\/wp-json\/wp\/v2\/posts\/7085\/revisions"}],"predecessor-version":[{"id":7108,"href":"https:\/\/agora.xtec.cat\/escolaelsquatrevents\/wp-json\/wp\/v2\/posts\/7085\/revisions\/7108"}],"wp:featuredmedia":[{"embeddable":true,"href":"https:\/\/agora.xtec.cat\/escolaelsquatrevents\/wp-json\/wp\/v2\/media\/7086"}],"wp:attachment":[{"href":"https:\/\/agora.xtec.cat\/escolaelsquatrevents\/wp-json\/wp\/v2\/media?parent=7085"}],"wp:term":[{"taxonomy":"category","embeddable":true,"href":"https:\/\/agora.xtec.cat\/escolaelsquatrevents\/wp-json\/wp\/v2\/categories?post=7085"},{"taxonomy":"post_tag","embeddable":true,"href":"https:\/\/agora.xtec.cat\/escolaelsquatrevents\/wp-json\/wp\/v2\/tags?post=7085"}],"curies":[{"name":"wp","href":"https:\/\/api.w.org\/{rel}","templated":true}]}}