{"id":7056,"date":"2021-07-10T21:43:48","date_gmt":"2021-07-10T19:43:48","guid":{"rendered":"http:\/\/agora.xtec.cat\/escolaelsquatrevents\/?p=7056"},"modified":"2021-07-10T21:44:00","modified_gmt":"2021-07-10T19:44:00","slug":"erasmus-from-joensuu-part-v-%f0%9f%8c%b2%f0%9f%8c%b2%f0%9f%8c%b2","status":"publish","type":"post","link":"https:\/\/agora.xtec.cat\/escolaelsquatrevents\/general\/erasmus-from-joensuu-part-v-%f0%9f%8c%b2%f0%9f%8c%b2%f0%9f%8c%b2\/","title":{"rendered":"Erasmus from Joensuu \u2013 Part V \ud83c\udf32\ud83c\udf32\ud83c\udf32"},"content":{"rendered":"<p>La formaci\u00f3 s&#8217;ha basat en l&#8217;emprenedoria, la democr\u00e0cia i la sostenibilitat. Hem reflexionat conjuntament sobre la seva import\u00e0ncia i com posar-lo en pr\u00e0ctica a l&#8217;aula.<\/p>\n<p>Avui s&#8217;ha acabat la formaci\u00f3 sobre PISA i el sistema educatiu finland\u00e8s. Aquest curs ens ha servit per obrir la ment i adonar-nos de possibles canvis que haur\u00edem de fer en l&#8217;educaci\u00f3 del nostre pa\u00eds per aconseguir tan bons resultats com ells. Marxem impactades, impressionades, meravellades i amb el cor encongit de la grandesa d&#8217;aquest sistema educatiu que hem conegut, les persones que ens han acompanyat en aquest cam\u00ed, els centres que hem visitat i sobretot de la societat finlandesa que ens t\u00e9 el cor robat.<\/p>\n<p>\ud83c\uddeb\ud83c\uddee Suomi rakastan sinua \u2764\ufe0f\u2764\ufe0f\u2764\ufe0f<\/p>\n<p><img loading=\"lazy\" decoding=\"async\" class=\"size-medium wp-image-7057 aligncenter\" src=\"https:\/\/agora.xtec.cat\/escolaelsquatrevents\/wp-content\/uploads\/usu584\/2021\/07\/moi-moi-Simua-300x193.jpg\" alt=\"\" width=\"300\" height=\"193\" srcset=\"https:\/\/agora.xtec.cat\/escolaelsquatrevents\/wp-content\/uploads\/usu584\/2021\/07\/moi-moi-Simua-300x193.jpg 300w, https:\/\/agora.xtec.cat\/escolaelsquatrevents\/wp-content\/uploads\/usu584\/2021\/07\/moi-moi-Simua-768x494.jpg 768w, https:\/\/agora.xtec.cat\/escolaelsquatrevents\/wp-content\/uploads\/usu584\/2021\/07\/moi-moi-Simua-1024x659.jpg 1024w\" sizes=\"auto, (max-width: 300px) 100vw, 300px\" \/><\/p>\n<p>&nbsp;<\/p>\n<p>&nbsp;<\/p>\n<p>&nbsp;<\/p>\n","protected":false},"excerpt":{"rendered":"<p>La formaci\u00f3 s&#8217;ha basat en l&#8217;emprenedoria, la democr\u00e0cia i la sostenibilitat. Hem reflexionat conjuntament sobre la seva import\u00e0ncia i com posar-lo en pr\u00e0ctica a l&#8217;aula. Avui s&#8217;ha acabat la formaci\u00f3 sobre PISA i el sistema educatiu finland\u00e8s. Aquest curs ens ha servit per obrir la ment i adonar-nos de possibles canvis que haur\u00edem de fer [&hellip;]<\/p>\n","protected":false},"author":3,"featured_media":0,"comment_status":"closed","ping_status":"closed","sticky":false,"template":"","format":"standard","meta":{"_bbp_topic_count":0,"_bbp_reply_count":0,"_bbp_total_topic_count":0,"_bbp_total_reply_count":0,"_bbp_voice_count":0,"_bbp_anonymous_reply_count":0,"_bbp_topic_count_hidden":0,"_bbp_reply_count_hidden":0,"_bbp_forum_subforum_count":0,"site-sidebar-layout":"default","site-content-layout":"","ast-site-content-layout":"","site-content-style":"default","site-sidebar-style":"default","ast-global-header-display":"","ast-banner-title-visibility":"","ast-main-header-display":"","ast-hfb-above-header-display":"","ast-hfb-below-header-display":"","ast-hfb-mobile-header-display":"","site-post-title":"","ast-breadcrumbs-content":"","ast-featured-img":"","footer-sml-layout":"","theme-transparent-header-meta":"","adv-header-id-meta":"","stick-header-meta":"","header-above-stick-meta":"","header-main-stick-meta":"","header-below-stick-meta":"","astra-migrate-meta-layouts":"default","ast-page-background-enabled":"default","ast-page-background-meta":{"desktop":{"background-color":"var(--ast-global-color-4)","background-image":"","background-repeat":"repeat","background-position":"center center","background-size":"auto","background-attachment":"scroll","background-type":"","background-media":"","overlay-type":"","overlay-color":"","overlay-opacity":"","overlay-gradient":""},"tablet":{"background-color":"","background-image":"","background-repeat":"repeat","background-position":"center center","background-size":"auto","background-attachment":"scroll","background-type":"","background-media":"","overlay-type":"","overlay-color":"","overlay-opacity":"","overlay-gradient":""},"mobile":{"background-color":"","background-image":"","background-repeat":"repeat","background-position":"center center","background-size":"auto","background-attachment":"scroll","background-type":"","background-media":"","overlay-type":"","overlay-color":"","overlay-opacity":"","overlay-gradient":""}},"ast-content-background-meta":{"desktop":{"background-color":"var(--ast-global-color-5)","background-image":"","background-repeat":"repeat","background-position":"center center","background-size":"auto","background-attachment":"scroll","background-type":"","background-media":"","overlay-type":"","overlay-color":"","overlay-opacity":"","overlay-gradient":""},"tablet":{"background-color":"var(--ast-global-color-5)","background-image":"","background-repeat":"repeat","background-position":"center center","background-size":"auto","background-attachment":"scroll","background-type":"","background-media":"","overlay-type":"","overlay-color":"","overlay-opacity":"","overlay-gradient":""},"mobile":{"background-color":"var(--ast-global-color-5)","background-image":"","background-repeat":"repeat","background-position":"center center","background-size":"auto","background-attachment":"scroll","background-type":"","background-media":"","overlay-type":"","overlay-color":"","overlay-opacity":"","overlay-gradient":""}},"footnotes":""},"categories":[1,4],"tags":[331],"class_list":["post-7056","post","type-post","status-publish","format-standard","hentry","category-general","category-portada","tag-erasmus"],"post_mailing_queue_ids":[],"_links":{"self":[{"href":"https:\/\/agora.xtec.cat\/escolaelsquatrevents\/wp-json\/wp\/v2\/posts\/7056","targetHints":{"allow":["GET"]}}],"collection":[{"href":"https:\/\/agora.xtec.cat\/escolaelsquatrevents\/wp-json\/wp\/v2\/posts"}],"about":[{"href":"https:\/\/agora.xtec.cat\/escolaelsquatrevents\/wp-json\/wp\/v2\/types\/post"}],"author":[{"embeddable":true,"href":"https:\/\/agora.xtec.cat\/escolaelsquatrevents\/wp-json\/wp\/v2\/users\/3"}],"replies":[{"embeddable":true,"href":"https:\/\/agora.xtec.cat\/escolaelsquatrevents\/wp-json\/wp\/v2\/comments?post=7056"}],"version-history":[{"count":1,"href":"https:\/\/agora.xtec.cat\/escolaelsquatrevents\/wp-json\/wp\/v2\/posts\/7056\/revisions"}],"predecessor-version":[{"id":7058,"href":"https:\/\/agora.xtec.cat\/escolaelsquatrevents\/wp-json\/wp\/v2\/posts\/7056\/revisions\/7058"}],"wp:attachment":[{"href":"https:\/\/agora.xtec.cat\/escolaelsquatrevents\/wp-json\/wp\/v2\/media?parent=7056"}],"wp:term":[{"taxonomy":"category","embeddable":true,"href":"https:\/\/agora.xtec.cat\/escolaelsquatrevents\/wp-json\/wp\/v2\/categories?post=7056"},{"taxonomy":"post_tag","embeddable":true,"href":"https:\/\/agora.xtec.cat\/escolaelsquatrevents\/wp-json\/wp\/v2\/tags?post=7056"}],"curies":[{"name":"wp","href":"https:\/\/api.w.org\/{rel}","templated":true}]}}