{"id":6993,"date":"2021-07-04T17:59:08","date_gmt":"2021-07-04T15:59:08","guid":{"rendered":"http:\/\/agora.xtec.cat\/escolaelsquatrevents\/?p=6993"},"modified":"2021-07-04T17:59:08","modified_gmt":"2021-07-04T15:59:08","slug":"erasmus-kalamata-programa-alas","status":"publish","type":"post","link":"https:\/\/agora.xtec.cat\/escolaelsquatrevents\/general\/erasmus-kalamata-programa-alas\/","title":{"rendered":"Erasmus Kalamata Programa ALAS"},"content":{"rendered":"<p>Hola comunitat!<\/p>\n<p>Avui us deixo l&#8217;article publicat des del CRP on s&#8217;informa de la nostra aventura en terres gregues del programa Erasmus i mobilitat dels mestres. Esperem gaudir de l&#8217;experi\u00e8ncia i aprendre un munt de coses!!!<\/p>\n<h1 class=\"western\"><span style=\"color: #087eb6;\"><span style=\"font-family: Open Sans, sans-serif;\">ERASMUS + ALAS: INICIEM LA MOBILITAT A KALAMATA (GR\u00c8CIA)<\/span><\/span><\/h1>\n<p><span style=\"color: #087eb6;\"><span style=\"font-family: Open Sans, sans-serif;\"><a href=\"https:\/\/serveiseducatius.xtec.cat\/vallesoriental1\/wp-admin\/post.php?post=12815&amp;action=edit\">Edita<\/a><\/span><\/span><\/p>\n<p><a href=\"https:\/\/serveiseducatius.xtec.cat\/vallesoriental1\/author\/se-crp-del-valles-oriental-i\/\"><span style=\"color: #666666;\"><span style=\"font-family: Open Sans, sans-serif;\">SE CRP del Vall\u00e8s Oriental I<\/span><\/span><\/a><span style=\"color: #666666;\">03\/07\/21<\/span><\/p>\n<p><span style=\"color: #087eb6;\"><a href=\"https:\/\/serveiseducatius.xtec.cat\/vallesoriental1\/wp-content\/uploads\/usu1135\/2021\/07\/unnamed.png\"> <img loading=\"lazy\" decoding=\"async\" src=\"file:\/\/\/C:\/Users\/531259~1\/AppData\/Local\/Temp\/lu10564sbsv.tmp\/lu10564sbt7_tmp_74ea165b57fa5668.png\" width=\"361\" height=\"81\" name=\"Imatge1\" align=\"bottom\" border=\"0\" \/> <\/a> <\/span><\/p>\n<p align=\"justify\"><span style=\"font-family: inherit;\"><span style=\"font-size: medium;\"><span style=\"color: #444444;\">Aquest dissabte 3 de juliol l\u2019Eva Barnils de l\u2019ESC Els Quatre Vents de Canovelles i la M. Jes\u00fas Requena de l\u2019ESC Guerau de Liost de les Franqueses del Vall\u00e8s marxen a Kalamata (Gr\u00e8cia) per participar en un curs de formaci\u00f3 sobre \u201cGesti\u00f3 educativa i lideratge escolar\u201d que organitza l\u2019empresa Areadne.<\/span><\/span><\/span><\/p>\n<p align=\"justify\"><span style=\"font-family: inherit;\"><span style=\"font-size: medium;\"><span style=\"color: #444444;\">Aquesta mobilitat forma part del projecte Erasmus+ ALAS de consorci que engloba a quatre escoles de la zona i que est\u00e0 coordinat pel CRP Vall\u00e8s Oriental I. Durant una setmana tamb\u00e9 compartiran l\u2019experi\u00e8ncia educativa amb altres centres escolars d\u2019Europa i a la tornada seran el torn per explicar tot el que hagin apr\u00e8s i implementar processos de millora en els centres educatius. Us desitgem molt bon viatge!<\/span><\/span><\/span><\/p>\n<p align=\"justify\"><span style=\"font-family: inherit;\"><span style=\"font-size: medium;\"><span style=\"color: #444444;\"><em><span style=\"color: #0000ff;\">This Saturday July 3rd Eva Barnils from ESC Els Quatre Vents de Canovelles and M. Jes\u00fas Requena from ESC Guerau de Liost de les Franqueses del Vall\u00e8s are leaving to Kalamata (Greece) to participate in a training course on &#8220;Educational management and school leadership&#8221; organized by the company Areadne. This mobility is part of the Erasmus+ ALAS project of the consortium that includes four schools in the area and is coordinated by CRP Vall\u00e8s Oriental I. During one week they will also share the educational experience with other schools in Europe and on their return they will be able to explain everything they have learned and implement improvement processes in their schools. We wish you a very nice trip!<\/span><\/em> <\/span><\/span><\/span><\/p>\n<p><span style=\"color: #444444;\"><span style=\"font-family: inherit;\"><span style=\"font-size: medium;\">Us compartim un v\u00eddeo:\u00a0<\/span><\/span><\/span><span style=\"color: #087eb6;\"><span style=\"font-family: Open Sans, sans-serif;\"><span style=\"font-size: medium;\"><a href=\"https:\/\/youtu.be\/4NBeXmex10c\">https:\/\/youtu.be\/4NBeXmex10c<\/a><\/span><\/span><\/span><\/p>\n<p><span style=\"color: #444444;\">\u00a0<\/span><\/p>\n","protected":false},"excerpt":{"rendered":"<p>Hola comunitat! Avui us deixo l&#8217;article publicat des del CRP on s&#8217;informa de la nostra aventura en terres gregues del programa Erasmus i mobilitat dels mestres. Esperem gaudir de l&#8217;experi\u00e8ncia i aprendre un munt de coses!!! ERASMUS + ALAS: INICIEM LA MOBILITAT A KALAMATA (GR\u00c8CIA) Edita SE CRP del Vall\u00e8s Oriental I03\/07\/21 Aquest dissabte 3 [&hellip;]<\/p>\n","protected":false},"author":3,"featured_media":6994,"comment_status":"closed","ping_status":"closed","sticky":false,"template":"","format":"standard","meta":{"_bbp_topic_count":0,"_bbp_reply_count":0,"_bbp_total_topic_count":0,"_bbp_total_reply_count":0,"_bbp_voice_count":0,"_bbp_anonymous_reply_count":0,"_bbp_topic_count_hidden":0,"_bbp_reply_count_hidden":0,"_bbp_forum_subforum_count":0,"site-sidebar-layout":"default","site-content-layout":"","ast-site-content-layout":"","site-content-style":"default","site-sidebar-style":"default","ast-global-header-display":"","ast-banner-title-visibility":"","ast-main-header-display":"","ast-hfb-above-header-display":"","ast-hfb-below-header-display":"","ast-hfb-mobile-header-display":"","site-post-title":"","ast-breadcrumbs-content":"","ast-featured-img":"","footer-sml-layout":"","theme-transparent-header-meta":"","adv-header-id-meta":"","stick-header-meta":"","header-above-stick-meta":"","header-main-stick-meta":"","header-below-stick-meta":"","astra-migrate-meta-layouts":"default","ast-page-background-enabled":"default","ast-page-background-meta":{"desktop":{"background-color":"var(--ast-global-color-4)","background-image":"","background-repeat":"repeat","background-position":"center center","background-size":"auto","background-attachment":"scroll","background-type":"","background-media":"","overlay-type":"","overlay-color":"","overlay-opacity":"","overlay-gradient":""},"tablet":{"background-color":"","background-image":"","background-repeat":"repeat","background-position":"center center","background-size":"auto","background-attachment":"scroll","background-type":"","background-media":"","overlay-type":"","overlay-color":"","overlay-opacity":"","overlay-gradient":""},"mobile":{"background-color":"","background-image":"","background-repeat":"repeat","background-position":"center center","background-size":"auto","background-attachment":"scroll","background-type":"","background-media":"","overlay-type":"","overlay-color":"","overlay-opacity":"","overlay-gradient":""}},"ast-content-background-meta":{"desktop":{"background-color":"var(--ast-global-color-5)","background-image":"","background-repeat":"repeat","background-position":"center center","background-size":"auto","background-attachment":"scroll","background-type":"","background-media":"","overlay-type":"","overlay-color":"","overlay-opacity":"","overlay-gradient":""},"tablet":{"background-color":"var(--ast-global-color-5)","background-image":"","background-repeat":"repeat","background-position":"center center","background-size":"auto","background-attachment":"scroll","background-type":"","background-media":"","overlay-type":"","overlay-color":"","overlay-opacity":"","overlay-gradient":""},"mobile":{"background-color":"var(--ast-global-color-5)","background-image":"","background-repeat":"repeat","background-position":"center center","background-size":"auto","background-attachment":"scroll","background-type":"","background-media":"","overlay-type":"","overlay-color":"","overlay-opacity":"","overlay-gradient":""}},"footnotes":""},"categories":[1,4],"tags":[],"class_list":["post-6993","post","type-post","status-publish","format-standard","has-post-thumbnail","hentry","category-general","category-portada"],"post_mailing_queue_ids":[],"_links":{"self":[{"href":"https:\/\/agora.xtec.cat\/escolaelsquatrevents\/wp-json\/wp\/v2\/posts\/6993","targetHints":{"allow":["GET"]}}],"collection":[{"href":"https:\/\/agora.xtec.cat\/escolaelsquatrevents\/wp-json\/wp\/v2\/posts"}],"about":[{"href":"https:\/\/agora.xtec.cat\/escolaelsquatrevents\/wp-json\/wp\/v2\/types\/post"}],"author":[{"embeddable":true,"href":"https:\/\/agora.xtec.cat\/escolaelsquatrevents\/wp-json\/wp\/v2\/users\/3"}],"replies":[{"embeddable":true,"href":"https:\/\/agora.xtec.cat\/escolaelsquatrevents\/wp-json\/wp\/v2\/comments?post=6993"}],"version-history":[{"count":1,"href":"https:\/\/agora.xtec.cat\/escolaelsquatrevents\/wp-json\/wp\/v2\/posts\/6993\/revisions"}],"predecessor-version":[{"id":6995,"href":"https:\/\/agora.xtec.cat\/escolaelsquatrevents\/wp-json\/wp\/v2\/posts\/6993\/revisions\/6995"}],"wp:featuredmedia":[{"embeddable":true,"href":"https:\/\/agora.xtec.cat\/escolaelsquatrevents\/wp-json\/wp\/v2\/media\/6994"}],"wp:attachment":[{"href":"https:\/\/agora.xtec.cat\/escolaelsquatrevents\/wp-json\/wp\/v2\/media?parent=6993"}],"wp:term":[{"taxonomy":"category","embeddable":true,"href":"https:\/\/agora.xtec.cat\/escolaelsquatrevents\/wp-json\/wp\/v2\/categories?post=6993"},{"taxonomy":"post_tag","embeddable":true,"href":"https:\/\/agora.xtec.cat\/escolaelsquatrevents\/wp-json\/wp\/v2\/tags?post=6993"}],"curies":[{"name":"wp","href":"https:\/\/api.w.org\/{rel}","templated":true}]}}