{"id":6864,"date":"2021-05-31T12:52:35","date_gmt":"2021-05-31T10:52:35","guid":{"rendered":"http:\/\/agora.xtec.cat\/escolaelsquatrevents\/?p=6864"},"modified":"2021-05-31T12:52:35","modified_gmt":"2021-05-31T10:52:35","slug":"sortida-de-la-comunitat-de-petits-al-bosc-descalc","status":"publish","type":"post","link":"https:\/\/agora.xtec.cat\/escolaelsquatrevents\/general\/sortida-de-la-comunitat-de-petits-al-bosc-descalc\/","title":{"rendered":"Sortida de la comunitat de petits al bosc descal\u00e7"},"content":{"rendered":"<p>Bona tarda fam\u00edlies!<\/p>\n<p>Avui la comunitat de petits hem fet la sortida de comiat de curs a Arb\u00facies per gaudir del Bosc descal\u00e7.<\/p>\n<p>All\u00e0 els infants de p3, p4 i p5 han gaudit dels diferents est\u00edmuls produ\u00efts en caminar per suro, aigua, sorra fina de platja, fulles, ponts penjants, equilibris,&#8230; Tamb\u00e9 hem gaudit olorant plantes arom\u00e0tiques i experimentant amb el tacte.<\/p>\n<p>Ha estat un dia molt intens per\u00f2 ens ho hem passat genial! A continuaci\u00f3 podreu veure els enlla\u00e7os per veure les fotografies que hem fet durant la sortida.<\/p>\n<p><a href=\"https:\/\/photos.app.goo.gl\/qUUHKrsa8zKiYwoM8\" target=\"_blank\" rel=\"noopener noreferrer\">Fotos d&#8217;alumnes de P3<\/a><\/p>\n<p><a href=\"https:\/\/photos.app.goo.gl\/aeH19HJeWV82wqfj8\" target=\"_blank\" rel=\"noopener noreferrer\">Fotos d&#8217;alumnes de P4<\/a><\/p>\n<p><a href=\"https:\/\/photos.app.goo.gl\/LUEcMFmqMVgox9Zn7\" target=\"_blank\" rel=\"noopener noreferrer\">Fotos d&#8217;alumnes de P5<\/a><\/p>\n<p><a href=\"https:\/\/agora.xtec.cat\/escolaelsquatrevents\/wp-content\/uploads\/usu584\/2021\/05\/cartell-camina-descal\u00e7.jpg\"><img loading=\"lazy\" decoding=\"async\" class=\"alignleft size-medium wp-image-6866\" src=\"https:\/\/agora.xtec.cat\/escolaelsquatrevents\/wp-content\/uploads\/usu584\/2021\/05\/cartell-camina-descal\u00e7-300x139.jpg\" alt=\"\" width=\"300\" height=\"139\" srcset=\"https:\/\/agora.xtec.cat\/escolaelsquatrevents\/wp-content\/uploads\/usu584\/2021\/05\/cartell-camina-descal\u00e7-300x139.jpg 300w, https:\/\/agora.xtec.cat\/escolaelsquatrevents\/wp-content\/uploads\/usu584\/2021\/05\/cartell-camina-descal\u00e7-768x356.jpg 768w, https:\/\/agora.xtec.cat\/escolaelsquatrevents\/wp-content\/uploads\/usu584\/2021\/05\/cartell-camina-descal\u00e7.jpg 896w\" sizes=\"auto, (max-width: 300px) 100vw, 300px\" \/><\/a><\/p>\n","protected":false},"excerpt":{"rendered":"<p>Bona tarda fam\u00edlies! Avui la comunitat de petits hem fet la sortida de comiat de curs a Arb\u00facies per gaudir del Bosc descal\u00e7. All\u00e0 els infants de p3, p4 i p5 han gaudit dels diferents est\u00edmuls produ\u00efts en caminar per suro, aigua, sorra fina de platja, fulles, ponts penjants, equilibris,&#8230; Tamb\u00e9 hem gaudit olorant plantes [&hellip;]<\/p>\n","protected":false},"author":3,"featured_media":6866,"comment_status":"closed","ping_status":"closed","sticky":false,"template":"","format":"standard","meta":{"_bbp_topic_count":0,"_bbp_reply_count":0,"_bbp_total_topic_count":0,"_bbp_total_reply_count":0,"_bbp_voice_count":0,"_bbp_anonymous_reply_count":0,"_bbp_topic_count_hidden":0,"_bbp_reply_count_hidden":0,"_bbp_forum_subforum_count":0,"site-sidebar-layout":"default","site-content-layout":"","ast-site-content-layout":"","site-content-style":"default","site-sidebar-style":"default","ast-global-header-display":"","ast-banner-title-visibility":"","ast-main-header-display":"","ast-hfb-above-header-display":"","ast-hfb-below-header-display":"","ast-hfb-mobile-header-display":"","site-post-title":"","ast-breadcrumbs-content":"","ast-featured-img":"","footer-sml-layout":"","theme-transparent-header-meta":"","adv-header-id-meta":"","stick-header-meta":"","header-above-stick-meta":"","header-main-stick-meta":"","header-below-stick-meta":"","astra-migrate-meta-layouts":"default","ast-page-background-enabled":"default","ast-page-background-meta":{"desktop":{"background-color":"var(--ast-global-color-4)","background-image":"","background-repeat":"repeat","background-position":"center center","background-size":"auto","background-attachment":"scroll","background-type":"","background-media":"","overlay-type":"","overlay-color":"","overlay-opacity":"","overlay-gradient":""},"tablet":{"background-color":"","background-image":"","background-repeat":"repeat","background-position":"center center","background-size":"auto","background-attachment":"scroll","background-type":"","background-media":"","overlay-type":"","overlay-color":"","overlay-opacity":"","overlay-gradient":""},"mobile":{"background-color":"","background-image":"","background-repeat":"repeat","background-position":"center center","background-size":"auto","background-attachment":"scroll","background-type":"","background-media":"","overlay-type":"","overlay-color":"","overlay-opacity":"","overlay-gradient":""}},"ast-content-background-meta":{"desktop":{"background-color":"var(--ast-global-color-5)","background-image":"","background-repeat":"repeat","background-position":"center center","background-size":"auto","background-attachment":"scroll","background-type":"","background-media":"","overlay-type":"","overlay-color":"","overlay-opacity":"","overlay-gradient":""},"tablet":{"background-color":"var(--ast-global-color-5)","background-image":"","background-repeat":"repeat","background-position":"center center","background-size":"auto","background-attachment":"scroll","background-type":"","background-media":"","overlay-type":"","overlay-color":"","overlay-opacity":"","overlay-gradient":""},"mobile":{"background-color":"var(--ast-global-color-5)","background-image":"","background-repeat":"repeat","background-position":"center center","background-size":"auto","background-attachment":"scroll","background-type":"","background-media":"","overlay-type":"","overlay-color":"","overlay-opacity":"","overlay-gradient":""}},"footnotes":""},"categories":[22,1,4],"tags":[193,72,73,56,324],"class_list":["post-6864","post","type-post","status-publish","format-standard","has-post-thumbnail","hentry","category-petits","category-general","category-portada","tag-comunitat-petits","tag-p3","tag-p4","tag-p5","tag-sortida"],"post_mailing_queue_ids":[],"_links":{"self":[{"href":"https:\/\/agora.xtec.cat\/escolaelsquatrevents\/wp-json\/wp\/v2\/posts\/6864","targetHints":{"allow":["GET"]}}],"collection":[{"href":"https:\/\/agora.xtec.cat\/escolaelsquatrevents\/wp-json\/wp\/v2\/posts"}],"about":[{"href":"https:\/\/agora.xtec.cat\/escolaelsquatrevents\/wp-json\/wp\/v2\/types\/post"}],"author":[{"embeddable":true,"href":"https:\/\/agora.xtec.cat\/escolaelsquatrevents\/wp-json\/wp\/v2\/users\/3"}],"replies":[{"embeddable":true,"href":"https:\/\/agora.xtec.cat\/escolaelsquatrevents\/wp-json\/wp\/v2\/comments?post=6864"}],"version-history":[{"count":3,"href":"https:\/\/agora.xtec.cat\/escolaelsquatrevents\/wp-json\/wp\/v2\/posts\/6864\/revisions"}],"predecessor-version":[{"id":6869,"href":"https:\/\/agora.xtec.cat\/escolaelsquatrevents\/wp-json\/wp\/v2\/posts\/6864\/revisions\/6869"}],"wp:featuredmedia":[{"embeddable":true,"href":"https:\/\/agora.xtec.cat\/escolaelsquatrevents\/wp-json\/wp\/v2\/media\/6866"}],"wp:attachment":[{"href":"https:\/\/agora.xtec.cat\/escolaelsquatrevents\/wp-json\/wp\/v2\/media?parent=6864"}],"wp:term":[{"taxonomy":"category","embeddable":true,"href":"https:\/\/agora.xtec.cat\/escolaelsquatrevents\/wp-json\/wp\/v2\/categories?post=6864"},{"taxonomy":"post_tag","embeddable":true,"href":"https:\/\/agora.xtec.cat\/escolaelsquatrevents\/wp-json\/wp\/v2\/tags?post=6864"}],"curies":[{"name":"wp","href":"https:\/\/api.w.org\/{rel}","templated":true}]}}