{"id":6315,"date":"2021-04-14T12:28:25","date_gmt":"2021-04-14T10:28:25","guid":{"rendered":"http:\/\/agora.xtec.cat\/escolaelsquatrevents\/?p=6315"},"modified":"2021-04-14T13:34:40","modified_gmt":"2021-04-14T11:34:40","slug":"educacio-emocional-a-p5","status":"publish","type":"post","link":"https:\/\/agora.xtec.cat\/escolaelsquatrevents\/general\/educacio-emocional-a-p5\/","title":{"rendered":"EDUCACI\u00d3 EMOCIONAL A P5!"},"content":{"rendered":"<p><em>Al llarg del curs a P5 estem fent <strong>Educaci\u00f3 Emocional<\/strong>. <\/em><\/p>\n<p><img loading=\"lazy\" decoding=\"async\" class=\"wp-image-6325 alignnone\" src=\"https:\/\/agora.xtec.cat\/escolaelsquatrevents\/wp-content\/uploads\/usu584\/2021\/04\/EMOCONNECTOR-1-300x143.jpg\" alt=\"\" width=\"235\" height=\"112\" srcset=\"https:\/\/agora.xtec.cat\/escolaelsquatrevents\/wp-content\/uploads\/usu584\/2021\/04\/EMOCONNECTOR-1-300x143.jpg 300w, https:\/\/agora.xtec.cat\/escolaelsquatrevents\/wp-content\/uploads\/usu584\/2021\/04\/EMOCONNECTOR-1-768x366.jpg 768w, https:\/\/agora.xtec.cat\/escolaelsquatrevents\/wp-content\/uploads\/usu584\/2021\/04\/EMOCONNECTOR-1.jpg 1024w\" sizes=\"auto, (max-width: 235px) 100vw, 235px\" \/><\/p>\n<p><em>Creiem fermament que \u00e9s un recurs molt important que ens ob<\/em><em>re la porta als aprenentatges.<\/em><\/p>\n<p style=\"text-align: left;\"><em> Tamb\u00e9 pensem qu<\/em><em style=\"font-family: inherit; font-size: 1em;\">e el benestar emocional \u00e9s el primer pel<\/em><em style=\"font-family: inherit; font-size: 1em;\">s nostres nens i nenes en temps de pan<\/em><em style=\"font-family: inherit; font-size: 1em;\">d\u00e8mia i sempre, per aix\u00f2 fem moltes activitats per donar espai a que reconeguin les seves emocions, a que vegin qu\u00e8 vol dir centrar l&#8217;atenci\u00f3, a que visquin l&#8217;empatia i a que comencin a gestionar els enutjos d&#8217;una manera satisfact\u00f2ria. Aqu\u00ed us\u00a0<\/em><em style=\"font-family: inherit; font-size: 1em;\">deixem algun v\u00eddeo que il.lu<\/em><em style=\"font-family: inherit; font-size: 1em;\">stra tot el que us expliquem!<\/em><\/p>\n<p><a href=\"https:\/\/photos.app.goo.gl\/HP9vEosjkAgwD4NGA\">ENS CENTREM&#8230;<\/a><\/p>\n<p><a href=\"https:\/\/photos.app.goo.gl\/7a3Cw95Zwsajex458\">EMOCONNECTOR<\/a><\/p>\n","protected":false},"excerpt":{"rendered":"<p>Al llarg del curs a P5 estem fent Educaci\u00f3 Emocional. Creiem fermament que \u00e9s un recurs molt important que ens obre la porta als aprenentatges. Tamb\u00e9 pensem que el benestar emocional \u00e9s el primer pels nostres nens i nenes en temps de pand\u00e8mia i sempre, per aix\u00f2 fem moltes activitats per donar espai a que [&hellip;]<\/p>\n","protected":false},"author":3,"featured_media":0,"comment_status":"closed","ping_status":"closed","sticky":false,"template":"","format":"standard","meta":{"_bbp_topic_count":0,"_bbp_reply_count":0,"_bbp_total_topic_count":0,"_bbp_total_reply_count":0,"_bbp_voice_count":0,"_bbp_anonymous_reply_count":0,"_bbp_topic_count_hidden":0,"_bbp_reply_count_hidden":0,"_bbp_forum_subforum_count":0,"site-sidebar-layout":"default","site-content-layout":"","ast-site-content-layout":"","site-content-style":"default","site-sidebar-style":"default","ast-global-header-display":"","ast-banner-title-visibility":"","ast-main-header-display":"","ast-hfb-above-header-display":"","ast-hfb-below-header-display":"","ast-hfb-mobile-header-display":"","site-post-title":"","ast-breadcrumbs-content":"","ast-featured-img":"","footer-sml-layout":"","theme-transparent-header-meta":"","adv-header-id-meta":"","stick-header-meta":"","header-above-stick-meta":"","header-main-stick-meta":"","header-below-stick-meta":"","astra-migrate-meta-layouts":"default","ast-page-background-enabled":"default","ast-page-background-meta":{"desktop":{"background-color":"var(--ast-global-color-4)","background-image":"","background-repeat":"repeat","background-position":"center center","background-size":"auto","background-attachment":"scroll","background-type":"","background-media":"","overlay-type":"","overlay-color":"","overlay-opacity":"","overlay-gradient":""},"tablet":{"background-color":"","background-image":"","background-repeat":"repeat","background-position":"center center","background-size":"auto","background-attachment":"scroll","background-type":"","background-media":"","overlay-type":"","overlay-color":"","overlay-opacity":"","overlay-gradient":""},"mobile":{"background-color":"","background-image":"","background-repeat":"repeat","background-position":"center center","background-size":"auto","background-attachment":"scroll","background-type":"","background-media":"","overlay-type":"","overlay-color":"","overlay-opacity":"","overlay-gradient":""}},"ast-content-background-meta":{"desktop":{"background-color":"var(--ast-global-color-5)","background-image":"","background-repeat":"repeat","background-position":"center center","background-size":"auto","background-attachment":"scroll","background-type":"","background-media":"","overlay-type":"","overlay-color":"","overlay-opacity":"","overlay-gradient":""},"tablet":{"background-color":"var(--ast-global-color-5)","background-image":"","background-repeat":"repeat","background-position":"center center","background-size":"auto","background-attachment":"scroll","background-type":"","background-media":"","overlay-type":"","overlay-color":"","overlay-opacity":"","overlay-gradient":""},"mobile":{"background-color":"var(--ast-global-color-5)","background-image":"","background-repeat":"repeat","background-position":"center center","background-size":"auto","background-attachment":"scroll","background-type":"","background-media":"","overlay-type":"","overlay-color":"","overlay-opacity":"","overlay-gradient":""}},"footnotes":""},"categories":[22,1],"tags":[131,56],"class_list":["post-6315","post","type-post","status-publish","format-standard","hentry","category-petits","category-general","tag-comunitat-de-petits","tag-p5"],"post_mailing_queue_ids":[],"_links":{"self":[{"href":"https:\/\/agora.xtec.cat\/escolaelsquatrevents\/wp-json\/wp\/v2\/posts\/6315","targetHints":{"allow":["GET"]}}],"collection":[{"href":"https:\/\/agora.xtec.cat\/escolaelsquatrevents\/wp-json\/wp\/v2\/posts"}],"about":[{"href":"https:\/\/agora.xtec.cat\/escolaelsquatrevents\/wp-json\/wp\/v2\/types\/post"}],"author":[{"embeddable":true,"href":"https:\/\/agora.xtec.cat\/escolaelsquatrevents\/wp-json\/wp\/v2\/users\/3"}],"replies":[{"embeddable":true,"href":"https:\/\/agora.xtec.cat\/escolaelsquatrevents\/wp-json\/wp\/v2\/comments?post=6315"}],"version-history":[{"count":4,"href":"https:\/\/agora.xtec.cat\/escolaelsquatrevents\/wp-json\/wp\/v2\/posts\/6315\/revisions"}],"predecessor-version":[{"id":6329,"href":"https:\/\/agora.xtec.cat\/escolaelsquatrevents\/wp-json\/wp\/v2\/posts\/6315\/revisions\/6329"}],"wp:attachment":[{"href":"https:\/\/agora.xtec.cat\/escolaelsquatrevents\/wp-json\/wp\/v2\/media?parent=6315"}],"wp:term":[{"taxonomy":"category","embeddable":true,"href":"https:\/\/agora.xtec.cat\/escolaelsquatrevents\/wp-json\/wp\/v2\/categories?post=6315"},{"taxonomy":"post_tag","embeddable":true,"href":"https:\/\/agora.xtec.cat\/escolaelsquatrevents\/wp-json\/wp\/v2\/tags?post=6315"}],"curies":[{"name":"wp","href":"https:\/\/api.w.org\/{rel}","templated":true}]}}