{"id":5780,"date":"2020-12-11T16:06:26","date_gmt":"2020-12-11T15:06:26","guid":{"rendered":"http:\/\/agora.xtec.cat\/escolaelsquatrevents\/?p=5780"},"modified":"2020-12-11T16:06:26","modified_gmt":"2020-12-11T15:06:26","slug":"musica-a-p3-2","status":"publish","type":"post","link":"https:\/\/agora.xtec.cat\/escolaelsquatrevents\/general\/musica-a-p3-2\/","title":{"rendered":"M\u00fasica a p3"},"content":{"rendered":"<p>Bon dia fam\u00edlies,<\/p>\n<p>Aquest primer trimestre i despr\u00e9s de l&#8217;adaptaci\u00f3 hem pujat a l&#8217;aula de desdoblament per poder comen\u00e7ar a con\u00e8ixer i aprendre sobre el m\u00f3n de la m\u00fasica. All\u00e0 aquest primer trimestre hem cantat algunes can\u00e7ons i descoberts alguns instruments de percussi\u00f3, a m\u00e9s de ballar alguna dansa. Ens ho passem molt b\u00e9 i gaudim molt aquestes estones!<\/p>\n<p><a href=\"https:\/\/photos.app.goo.gl\/gBzosyqj48fNZaAa8\" target=\"_blank\" rel=\"noopener noreferrer\">M\u00fasica a la classe dels conills<\/a><\/p>\n<p><a href=\"https:\/\/photos.app.goo.gl\/cbeLKgZxiqmCbTSG8\" target=\"_blank\" rel=\"noopener noreferrer\">M\u00fasica a la classe dels dinosaures<\/a><\/p>\n<p><a href=\"https:\/\/agora.xtec.cat\/escolaelsquatrevents\/wp-content\/uploads\/usu584\/2020\/12\/20201130_160141_HDR.jpg\"><img loading=\"lazy\" decoding=\"async\" class=\"alignleft size-medium wp-image-5801\" src=\"https:\/\/agora.xtec.cat\/escolaelsquatrevents\/wp-content\/uploads\/usu584\/2020\/12\/20201130_160141_HDR-300x122.jpg\" alt=\"\" width=\"300\" height=\"122\" srcset=\"https:\/\/agora.xtec.cat\/escolaelsquatrevents\/wp-content\/uploads\/usu584\/2020\/12\/20201130_160141_HDR-300x122.jpg 300w, https:\/\/agora.xtec.cat\/escolaelsquatrevents\/wp-content\/uploads\/usu584\/2020\/12\/20201130_160141_HDR-768x312.jpg 768w, https:\/\/agora.xtec.cat\/escolaelsquatrevents\/wp-content\/uploads\/usu584\/2020\/12\/20201130_160141_HDR-1024x416.jpg 1024w\" sizes=\"auto, (max-width: 300px) 100vw, 300px\" \/><\/a><\/p>\n","protected":false},"excerpt":{"rendered":"<p>Bon dia fam\u00edlies, Aquest primer trimestre i despr\u00e9s de l&#8217;adaptaci\u00f3 hem pujat a l&#8217;aula de desdoblament per poder comen\u00e7ar a con\u00e8ixer i aprendre sobre el m\u00f3n de la m\u00fasica. All\u00e0 aquest primer trimestre hem cantat algunes can\u00e7ons i descoberts alguns instruments de percussi\u00f3, a m\u00e9s de ballar alguna dansa. Ens ho passem molt b\u00e9 i [&hellip;]<\/p>\n","protected":false},"author":3,"featured_media":5801,"comment_status":"closed","ping_status":"closed","sticky":false,"template":"","format":"standard","meta":{"_bbp_topic_count":0,"_bbp_reply_count":0,"_bbp_total_topic_count":0,"_bbp_total_reply_count":0,"_bbp_voice_count":0,"_bbp_anonymous_reply_count":0,"_bbp_topic_count_hidden":0,"_bbp_reply_count_hidden":0,"_bbp_forum_subforum_count":0,"site-sidebar-layout":"default","site-content-layout":"","ast-site-content-layout":"","site-content-style":"default","site-sidebar-style":"default","ast-global-header-display":"","ast-banner-title-visibility":"","ast-main-header-display":"","ast-hfb-above-header-display":"","ast-hfb-below-header-display":"","ast-hfb-mobile-header-display":"","site-post-title":"","ast-breadcrumbs-content":"","ast-featured-img":"","footer-sml-layout":"","theme-transparent-header-meta":"","adv-header-id-meta":"","stick-header-meta":"","header-above-stick-meta":"","header-main-stick-meta":"","header-below-stick-meta":"","astra-migrate-meta-layouts":"default","ast-page-background-enabled":"default","ast-page-background-meta":{"desktop":{"background-color":"var(--ast-global-color-4)","background-image":"","background-repeat":"repeat","background-position":"center center","background-size":"auto","background-attachment":"scroll","background-type":"","background-media":"","overlay-type":"","overlay-color":"","overlay-opacity":"","overlay-gradient":""},"tablet":{"background-color":"","background-image":"","background-repeat":"repeat","background-position":"center center","background-size":"auto","background-attachment":"scroll","background-type":"","background-media":"","overlay-type":"","overlay-color":"","overlay-opacity":"","overlay-gradient":""},"mobile":{"background-color":"","background-image":"","background-repeat":"repeat","background-position":"center center","background-size":"auto","background-attachment":"scroll","background-type":"","background-media":"","overlay-type":"","overlay-color":"","overlay-opacity":"","overlay-gradient":""}},"ast-content-background-meta":{"desktop":{"background-color":"var(--ast-global-color-5)","background-image":"","background-repeat":"repeat","background-position":"center center","background-size":"auto","background-attachment":"scroll","background-type":"","background-media":"","overlay-type":"","overlay-color":"","overlay-opacity":"","overlay-gradient":""},"tablet":{"background-color":"var(--ast-global-color-5)","background-image":"","background-repeat":"repeat","background-position":"center center","background-size":"auto","background-attachment":"scroll","background-type":"","background-media":"","overlay-type":"","overlay-color":"","overlay-opacity":"","overlay-gradient":""},"mobile":{"background-color":"var(--ast-global-color-5)","background-image":"","background-repeat":"repeat","background-position":"center center","background-size":"auto","background-attachment":"scroll","background-type":"","background-media":"","overlay-type":"","overlay-color":"","overlay-opacity":"","overlay-gradient":""}},"footnotes":""},"categories":[22,1,4],"tags":[55,72,25],"class_list":["post-5780","post","type-post","status-publish","format-standard","has-post-thumbnail","hentry","category-petits","category-general","category-portada","tag-musica","tag-p3","tag-petits"],"post_mailing_queue_ids":[],"_links":{"self":[{"href":"https:\/\/agora.xtec.cat\/escolaelsquatrevents\/wp-json\/wp\/v2\/posts\/5780","targetHints":{"allow":["GET"]}}],"collection":[{"href":"https:\/\/agora.xtec.cat\/escolaelsquatrevents\/wp-json\/wp\/v2\/posts"}],"about":[{"href":"https:\/\/agora.xtec.cat\/escolaelsquatrevents\/wp-json\/wp\/v2\/types\/post"}],"author":[{"embeddable":true,"href":"https:\/\/agora.xtec.cat\/escolaelsquatrevents\/wp-json\/wp\/v2\/users\/3"}],"replies":[{"embeddable":true,"href":"https:\/\/agora.xtec.cat\/escolaelsquatrevents\/wp-json\/wp\/v2\/comments?post=5780"}],"version-history":[{"count":3,"href":"https:\/\/agora.xtec.cat\/escolaelsquatrevents\/wp-json\/wp\/v2\/posts\/5780\/revisions"}],"predecessor-version":[{"id":5802,"href":"https:\/\/agora.xtec.cat\/escolaelsquatrevents\/wp-json\/wp\/v2\/posts\/5780\/revisions\/5802"}],"wp:featuredmedia":[{"embeddable":true,"href":"https:\/\/agora.xtec.cat\/escolaelsquatrevents\/wp-json\/wp\/v2\/media\/5801"}],"wp:attachment":[{"href":"https:\/\/agora.xtec.cat\/escolaelsquatrevents\/wp-json\/wp\/v2\/media?parent=5780"}],"wp:term":[{"taxonomy":"category","embeddable":true,"href":"https:\/\/agora.xtec.cat\/escolaelsquatrevents\/wp-json\/wp\/v2\/categories?post=5780"},{"taxonomy":"post_tag","embeddable":true,"href":"https:\/\/agora.xtec.cat\/escolaelsquatrevents\/wp-json\/wp\/v2\/tags?post=5780"}],"curies":[{"name":"wp","href":"https:\/\/api.w.org\/{rel}","templated":true}]}}