{"id":5110,"date":"2020-03-31T19:07:54","date_gmt":"2020-03-31T17:07:54","guid":{"rendered":"http:\/\/agora.xtec.cat\/escolaelsquatrevents\/?p=5110"},"modified":"2020-03-31T19:16:46","modified_gmt":"2020-03-31T17:16:46","slug":"acompanyament-instrumental-a-3r","status":"publish","type":"post","link":"https:\/\/agora.xtec.cat\/escolaelsquatrevents\/general\/acompanyament-instrumental-a-3r\/","title":{"rendered":"Acompanyament instrumental a 3r"},"content":{"rendered":"<p>El segon trimestre ha passat molt r\u00e0pid per\u00f2 hem pogut descobrir moltes coses. Entre elles, les fam\u00edlies d&#8217;instruments de corda i de vent. Ens hem fet gaireb\u00e9 uns experts. Tamb\u00e9 ens hem iniciat en la de percussi\u00f3, la m\u00e9s marxosa de totes i l&#8217;hem viscut de ben a prop amb unes polirr\u00edtmies que hem apr\u00e8s i hem fet amb percussi\u00f3 corporal. L&#8217;\u00faltim d\u00eda a l&#8217;aula vam fer un acompanyament instrumental molt especial. Voleu veure&#8217;l? Segur que en gaudiu tant com nosaltres!<\/p>\n<p>Cliqueu la imatge i veureu les fotos i v\u00eddeos!<\/p>\n<p style=\"text-align: center;\"><a href=\"https:\/\/photos.google.com\/album\/AF1QipNMVd3KQriI1JvGM8j0xOD6sQAy6OsfIUysSz0I\"> <img loading=\"lazy\" decoding=\"async\" class=\"attachment-266x266 size-266x266\" src=\"https:\/\/agora.xtec.cat\/escolaelsquatrevents\/wp-content\/uploads\/usu584\/2020\/03\/IMG_20200311_125015.jpg\" sizes=\"auto, (max-width: 266px) 100vw, 266px\" srcset=\"https:\/\/agora.xtec.cat\/escolaelsquatrevents\/wp-content\/uploads\/usu584\/2020\/03\/IMG_20200311_125015.jpg 1920w, https:\/\/agora.xtec.cat\/escolaelsquatrevents\/wp-content\/uploads\/usu584\/2020\/03\/IMG_20200311_125015-300x169.jpg 300w, https:\/\/agora.xtec.cat\/escolaelsquatrevents\/wp-content\/uploads\/usu584\/2020\/03\/IMG_20200311_125015-768x432.jpg 768w, https:\/\/agora.xtec.cat\/escolaelsquatrevents\/wp-content\/uploads\/usu584\/2020\/03\/IMG_20200311_125015-1024x576.jpg 1024w\" alt=\"\" width=\"266\" height=\"150\" \/><\/a><\/p>\n","protected":false},"excerpt":{"rendered":"<p>El segon trimestre ha passat molt r\u00e0pid per\u00f2 hem pogut descobrir moltes coses. Entre elles, les fam\u00edlies d&#8217;instruments de corda i de vent. Ens hem fet gaireb\u00e9 uns experts. Tamb\u00e9 ens hem iniciat en la de percussi\u00f3, la m\u00e9s marxosa de totes i l&#8217;hem viscut de ben a prop amb unes polirr\u00edtmies que hem apr\u00e8s [&hellip;]<\/p>\n","protected":false},"author":3,"featured_media":5111,"comment_status":"open","ping_status":"closed","sticky":false,"template":"","format":"standard","meta":{"_bbp_topic_count":0,"_bbp_reply_count":0,"_bbp_total_topic_count":0,"_bbp_total_reply_count":0,"_bbp_voice_count":0,"_bbp_anonymous_reply_count":0,"_bbp_topic_count_hidden":0,"_bbp_reply_count_hidden":0,"_bbp_forum_subforum_count":0,"site-sidebar-layout":"default","site-content-layout":"","ast-site-content-layout":"","site-content-style":"default","site-sidebar-style":"default","ast-global-header-display":"","ast-banner-title-visibility":"","ast-main-header-display":"","ast-hfb-above-header-display":"","ast-hfb-below-header-display":"","ast-hfb-mobile-header-display":"","site-post-title":"","ast-breadcrumbs-content":"","ast-featured-img":"","footer-sml-layout":"","theme-transparent-header-meta":"","adv-header-id-meta":"","stick-header-meta":"","header-above-stick-meta":"","header-main-stick-meta":"","header-below-stick-meta":"","astra-migrate-meta-layouts":"default","ast-page-background-enabled":"default","ast-page-background-meta":{"desktop":{"background-color":"var(--ast-global-color-4)","background-image":"","background-repeat":"repeat","background-position":"center center","background-size":"auto","background-attachment":"scroll","background-type":"","background-media":"","overlay-type":"","overlay-color":"","overlay-opacity":"","overlay-gradient":""},"tablet":{"background-color":"","background-image":"","background-repeat":"repeat","background-position":"center center","background-size":"auto","background-attachment":"scroll","background-type":"","background-media":"","overlay-type":"","overlay-color":"","overlay-opacity":"","overlay-gradient":""},"mobile":{"background-color":"","background-image":"","background-repeat":"repeat","background-position":"center center","background-size":"auto","background-attachment":"scroll","background-type":"","background-media":"","overlay-type":"","overlay-color":"","overlay-opacity":"","overlay-gradient":""}},"ast-content-background-meta":{"desktop":{"background-color":"var(--ast-global-color-5)","background-image":"","background-repeat":"repeat","background-position":"center center","background-size":"auto","background-attachment":"scroll","background-type":"","background-media":"","overlay-type":"","overlay-color":"","overlay-opacity":"","overlay-gradient":""},"tablet":{"background-color":"var(--ast-global-color-5)","background-image":"","background-repeat":"repeat","background-position":"center center","background-size":"auto","background-attachment":"scroll","background-type":"","background-media":"","overlay-type":"","overlay-color":"","overlay-opacity":"","overlay-gradient":""},"mobile":{"background-color":"var(--ast-global-color-5)","background-image":"","background-repeat":"repeat","background-position":"center center","background-size":"auto","background-attachment":"scroll","background-type":"","background-media":"","overlay-type":"","overlay-color":"","overlay-opacity":"","overlay-gradient":""}},"footnotes":""},"categories":[3,1,4],"tags":[133,55,244],"class_list":["post-5110","post","type-post","status-publish","format-standard","has-post-thumbnail","hentry","category-mitjans","category-general","category-portada","tag-comunitat-de-mitjans","tag-musica","tag-tercer"],"post_mailing_queue_ids":[],"_links":{"self":[{"href":"https:\/\/agora.xtec.cat\/escolaelsquatrevents\/wp-json\/wp\/v2\/posts\/5110","targetHints":{"allow":["GET"]}}],"collection":[{"href":"https:\/\/agora.xtec.cat\/escolaelsquatrevents\/wp-json\/wp\/v2\/posts"}],"about":[{"href":"https:\/\/agora.xtec.cat\/escolaelsquatrevents\/wp-json\/wp\/v2\/types\/post"}],"author":[{"embeddable":true,"href":"https:\/\/agora.xtec.cat\/escolaelsquatrevents\/wp-json\/wp\/v2\/users\/3"}],"replies":[{"embeddable":true,"href":"https:\/\/agora.xtec.cat\/escolaelsquatrevents\/wp-json\/wp\/v2\/comments?post=5110"}],"version-history":[{"count":2,"href":"https:\/\/agora.xtec.cat\/escolaelsquatrevents\/wp-json\/wp\/v2\/posts\/5110\/revisions"}],"predecessor-version":[{"id":5114,"href":"https:\/\/agora.xtec.cat\/escolaelsquatrevents\/wp-json\/wp\/v2\/posts\/5110\/revisions\/5114"}],"wp:featuredmedia":[{"embeddable":true,"href":"https:\/\/agora.xtec.cat\/escolaelsquatrevents\/wp-json\/wp\/v2\/media\/5111"}],"wp:attachment":[{"href":"https:\/\/agora.xtec.cat\/escolaelsquatrevents\/wp-json\/wp\/v2\/media?parent=5110"}],"wp:term":[{"taxonomy":"category","embeddable":true,"href":"https:\/\/agora.xtec.cat\/escolaelsquatrevents\/wp-json\/wp\/v2\/categories?post=5110"},{"taxonomy":"post_tag","embeddable":true,"href":"https:\/\/agora.xtec.cat\/escolaelsquatrevents\/wp-json\/wp\/v2\/tags?post=5110"}],"curies":[{"name":"wp","href":"https:\/\/api.w.org\/{rel}","templated":true}]}}