{"id":5017,"date":"2020-03-20T12:50:51","date_gmt":"2020-03-20T11:50:51","guid":{"rendered":"http:\/\/agora.xtec.cat\/escolaelsquatrevents\/?p=5017"},"modified":"2020-03-25T17:17:29","modified_gmt":"2020-03-25T16:17:29","slug":"us-enyorem","status":"publish","type":"post","link":"https:\/\/agora.xtec.cat\/escolaelsquatrevents\/general\/us-enyorem\/","title":{"rendered":"US ENYOREM"},"content":{"rendered":"<p>Estimades fam\u00edlies de l&#8217;escola,<\/p>\n<p>Sabem que estan sent uns dies complicats per tots i totes. Cada fam\u00edlia t\u00e9 la seva pr\u00f2pia situaci\u00f3 i tots fem el que podem per conviure a casa amb les necessitats del moment: tenir cura dels fills, la casa, teletreballar o anar a la feina, intentar estimular educativament els nostres fills\/es, jugar amb ells&#8230; I tot aix\u00f2 sense poder sortir de casa. \u00c9s realment complicat. Ens hem d&#8217;adaptar i acceptar una realitat que no ens agrada i entendre&#8217;ns en els moments de tristesa o de tensi\u00f3 que puguin aflorir. Penseu que els vostres fills\/es hauran crescut per dins quan aconseguim superar aquest moment.<\/p>\n<p>Volem enviar un missatge als vostres fills\/es, <strong>els NOSTRES ALUMNES. Dir-los-hi que estem molt orgullosos\/es d&#8217;ells perqu\u00e8 sabem que estan intentant ajudar a les seves fam\u00edlies, que entenem l&#8217;esfor\u00e7 que estan fent per quedar-se a casa tancats per ajudar a la curaci\u00f3 del virus i que ELS ESTIMEM.<\/strong><\/p>\n<p>Us deixem un<strong> v\u00eddeo<\/strong> que us hem preparat amb molt d&#8217;amor.<\/p>\n<p><a href=\"https:\/\/youtu.be\/YwIQ6l4RJ9M\"><img loading=\"lazy\" decoding=\"async\" class=\"aligncenter wp-image-5018\" src=\"https:\/\/agora.xtec.cat\/escolaelsquatrevents\/wp-content\/uploads\/usu584\/2020\/03\/Veure-fotos-recents-300x176.png\" alt=\"\" width=\"353\" height=\"207\" srcset=\"https:\/\/agora.xtec.cat\/escolaelsquatrevents\/wp-content\/uploads\/usu584\/2020\/03\/Veure-fotos-recents-300x176.png 300w, https:\/\/agora.xtec.cat\/escolaelsquatrevents\/wp-content\/uploads\/usu584\/2020\/03\/Veure-fotos-recents.png 733w\" sizes=\"auto, (max-width: 353px) 100vw, 353px\" \/><\/a><\/p>\n","protected":false},"excerpt":{"rendered":"<p>Estimades fam\u00edlies de l&#8217;escola, Sabem que estan sent uns dies complicats per tots i totes. Cada fam\u00edlia t\u00e9 la seva pr\u00f2pia situaci\u00f3 i tots fem el que podem per conviure a casa amb les necessitats del moment: tenir cura dels fills, la casa, teletreballar o anar a la feina, intentar estimular educativament els nostres fills\/es, [&hellip;]<\/p>\n","protected":false},"author":3,"featured_media":5018,"comment_status":"closed","ping_status":"closed","sticky":false,"template":"","format":"standard","meta":{"_bbp_topic_count":0,"_bbp_reply_count":0,"_bbp_total_topic_count":0,"_bbp_total_reply_count":0,"_bbp_voice_count":0,"_bbp_anonymous_reply_count":0,"_bbp_topic_count_hidden":0,"_bbp_reply_count_hidden":0,"_bbp_forum_subforum_count":0,"site-sidebar-layout":"default","site-content-layout":"","ast-site-content-layout":"","site-content-style":"default","site-sidebar-style":"default","ast-global-header-display":"","ast-banner-title-visibility":"","ast-main-header-display":"","ast-hfb-above-header-display":"","ast-hfb-below-header-display":"","ast-hfb-mobile-header-display":"","site-post-title":"","ast-breadcrumbs-content":"","ast-featured-img":"","footer-sml-layout":"","theme-transparent-header-meta":"","adv-header-id-meta":"","stick-header-meta":"","header-above-stick-meta":"","header-main-stick-meta":"","header-below-stick-meta":"","astra-migrate-meta-layouts":"default","ast-page-background-enabled":"default","ast-page-background-meta":{"desktop":{"background-color":"var(--ast-global-color-4)","background-image":"","background-repeat":"repeat","background-position":"center center","background-size":"auto","background-attachment":"scroll","background-type":"","background-media":"","overlay-type":"","overlay-color":"","overlay-opacity":"","overlay-gradient":""},"tablet":{"background-color":"","background-image":"","background-repeat":"repeat","background-position":"center center","background-size":"auto","background-attachment":"scroll","background-type":"","background-media":"","overlay-type":"","overlay-color":"","overlay-opacity":"","overlay-gradient":""},"mobile":{"background-color":"","background-image":"","background-repeat":"repeat","background-position":"center center","background-size":"auto","background-attachment":"scroll","background-type":"","background-media":"","overlay-type":"","overlay-color":"","overlay-opacity":"","overlay-gradient":""}},"ast-content-background-meta":{"desktop":{"background-color":"var(--ast-global-color-5)","background-image":"","background-repeat":"repeat","background-position":"center center","background-size":"auto","background-attachment":"scroll","background-type":"","background-media":"","overlay-type":"","overlay-color":"","overlay-opacity":"","overlay-gradient":""},"tablet":{"background-color":"var(--ast-global-color-5)","background-image":"","background-repeat":"repeat","background-position":"center center","background-size":"auto","background-attachment":"scroll","background-type":"","background-media":"","overlay-type":"","overlay-color":"","overlay-opacity":"","overlay-gradient":""},"mobile":{"background-color":"var(--ast-global-color-5)","background-image":"","background-repeat":"repeat","background-position":"center center","background-size":"auto","background-attachment":"scroll","background-type":"","background-media":"","overlay-type":"","overlay-color":"","overlay-opacity":"","overlay-gradient":""}},"footnotes":""},"categories":[1],"tags":[33],"class_list":["post-5017","post","type-post","status-publish","format-standard","has-post-thumbnail","hentry","category-general","tag-activitats-generals"],"post_mailing_queue_ids":[],"_links":{"self":[{"href":"https:\/\/agora.xtec.cat\/escolaelsquatrevents\/wp-json\/wp\/v2\/posts\/5017","targetHints":{"allow":["GET"]}}],"collection":[{"href":"https:\/\/agora.xtec.cat\/escolaelsquatrevents\/wp-json\/wp\/v2\/posts"}],"about":[{"href":"https:\/\/agora.xtec.cat\/escolaelsquatrevents\/wp-json\/wp\/v2\/types\/post"}],"author":[{"embeddable":true,"href":"https:\/\/agora.xtec.cat\/escolaelsquatrevents\/wp-json\/wp\/v2\/users\/3"}],"replies":[{"embeddable":true,"href":"https:\/\/agora.xtec.cat\/escolaelsquatrevents\/wp-json\/wp\/v2\/comments?post=5017"}],"version-history":[{"count":4,"href":"https:\/\/agora.xtec.cat\/escolaelsquatrevents\/wp-json\/wp\/v2\/posts\/5017\/revisions"}],"predecessor-version":[{"id":5074,"href":"https:\/\/agora.xtec.cat\/escolaelsquatrevents\/wp-json\/wp\/v2\/posts\/5017\/revisions\/5074"}],"wp:featuredmedia":[{"embeddable":true,"href":"https:\/\/agora.xtec.cat\/escolaelsquatrevents\/wp-json\/wp\/v2\/media\/5018"}],"wp:attachment":[{"href":"https:\/\/agora.xtec.cat\/escolaelsquatrevents\/wp-json\/wp\/v2\/media?parent=5017"}],"wp:term":[{"taxonomy":"category","embeddable":true,"href":"https:\/\/agora.xtec.cat\/escolaelsquatrevents\/wp-json\/wp\/v2\/categories?post=5017"},{"taxonomy":"post_tag","embeddable":true,"href":"https:\/\/agora.xtec.cat\/escolaelsquatrevents\/wp-json\/wp\/v2\/tags?post=5017"}],"curies":[{"name":"wp","href":"https:\/\/api.w.org\/{rel}","templated":true}]}}