{"id":4971,"date":"2020-02-28T16:09:08","date_gmt":"2020-02-28T15:09:08","guid":{"rendered":"http:\/\/agora.xtec.cat\/escolaelsquatrevents\/?p=4971"},"modified":"2020-02-28T16:09:08","modified_gmt":"2020-02-28T15:09:08","slug":"setmana-cultural-de-les-arts","status":"publish","type":"post","link":"https:\/\/agora.xtec.cat\/escolaelsquatrevents\/general\/setmana-cultural-de-les-arts\/","title":{"rendered":"Setmana Cultural de les arts"},"content":{"rendered":"<p>L&#8217;escola s&#8217;ha impregnat d&#8217;art durant una setmana!<\/p>\n<p>Hem fet tallers per gaudir l&#8217;art de manera vivencial i quina millor manera de fer-lo que amb artistes locals.<\/p>\n<p>Tota l&#8217;escola ha treballat la pintura de la m\u00e0 de l&#8217;Alejandro Moral, del TRUE COLLECTIVE, que ens ha dissenyat i ajudat a pintar un mural a la pared del rocrodrom d&#8217;infantil que ha quedat espectacular!<\/p>\n<p><a href=\"https:\/\/photos.app.goo.gl\/kgovjJ1Wvrv2L6RV8\" target=\"_blank\" rel=\"noopener noreferrer\"><img loading=\"lazy\" decoding=\"async\" class=\"aligncenter wp-image-4974 size-medium\" src=\"https:\/\/agora.xtec.cat\/escolaelsquatrevents\/wp-content\/uploads\/usu584\/2020\/02\/IMG-20200220-WA0042-300x225.jpg\" alt=\"\" width=\"300\" height=\"225\" srcset=\"https:\/\/agora.xtec.cat\/escolaelsquatrevents\/wp-content\/uploads\/usu584\/2020\/02\/IMG-20200220-WA0042-300x225.jpg 300w, https:\/\/agora.xtec.cat\/escolaelsquatrevents\/wp-content\/uploads\/usu584\/2020\/02\/IMG-20200220-WA0042-768x576.jpg 768w, https:\/\/agora.xtec.cat\/escolaelsquatrevents\/wp-content\/uploads\/usu584\/2020\/02\/IMG-20200220-WA0042-1024x768.jpg 1024w, https:\/\/agora.xtec.cat\/escolaelsquatrevents\/wp-content\/uploads\/usu584\/2020\/02\/IMG-20200220-WA0042-200x150.jpg 200w, https:\/\/agora.xtec.cat\/escolaelsquatrevents\/wp-content\/uploads\/usu584\/2020\/02\/IMG-20200220-WA0042.jpg 1600w\" sizes=\"auto, (max-width: 300px) 100vw, 300px\" \/><\/a><\/p>\n<p>La comunitat de mitjans ha treballat la m\u00fasica fent un taller de percussi\u00f3 amb L&#8217;El\u00edas Galan del grup TAKA TAKA CHOMBO.\u00a0<a href=\"https:\/\/photos.app.goo.gl\/7xXVeCVB6K4o9qxJ7\" target=\"_blank\" rel=\"noopener noreferrer\"><img loading=\"lazy\" decoding=\"async\" class=\"aligncenter wp-image-4973 size-medium\" src=\"https:\/\/agora.xtec.cat\/escolaelsquatrevents\/wp-content\/uploads\/usu584\/2020\/02\/IMG_6174-300x225.jpg\" alt=\"\" width=\"300\" height=\"225\" srcset=\"https:\/\/agora.xtec.cat\/escolaelsquatrevents\/wp-content\/uploads\/usu584\/2020\/02\/IMG_6174-300x225.jpg 300w, https:\/\/agora.xtec.cat\/escolaelsquatrevents\/wp-content\/uploads\/usu584\/2020\/02\/IMG_6174-768x576.jpg 768w, https:\/\/agora.xtec.cat\/escolaelsquatrevents\/wp-content\/uploads\/usu584\/2020\/02\/IMG_6174-200x150.jpg 200w, https:\/\/agora.xtec.cat\/escolaelsquatrevents\/wp-content\/uploads\/usu584\/2020\/02\/IMG_6174.jpg 811w\" sizes=\"auto, (max-width: 300px) 100vw, 300px\" \/><\/a><\/p>\n<p>La comunitat de grans i petits han ballat a ritme de break dance amb l&#8217;Omar, el Zakaria, l&#8217;Hicham i l&#8217;Achraf. Sou genials!!<\/p>\n<h5><strong><span style=\"color: #0000ff;\">\u00a0 \u00a0 \u00a0 \u00a0 \u00a0 \u00a0 \u00a0 \u00a0 \u00a0 \u00a0 \u00a0 \u00a0 \u00a0 \u00a0 \u00a0 \u00a0\u00a0<\/span><\/strong><strong><span style=\"color: #0000ff;\">\u00a0\u00a0<\/span><\/strong><a href=\"https:\/\/photos.app.goo.gl\/KViFJNLoB987vTjdA\"><img loading=\"lazy\" decoding=\"async\" class=\"wp-image-4976 size-medium alignleft\" src=\"https:\/\/agora.xtec.cat\/escolaelsquatrevents\/wp-content\/uploads\/usu584\/2020\/02\/IMG_20200217_162207-300x225.jpg\" alt=\"\" width=\"300\" height=\"225\" srcset=\"https:\/\/agora.xtec.cat\/escolaelsquatrevents\/wp-content\/uploads\/usu584\/2020\/02\/IMG_20200217_162207-300x225.jpg 300w, https:\/\/agora.xtec.cat\/escolaelsquatrevents\/wp-content\/uploads\/usu584\/2020\/02\/IMG_20200217_162207-768x576.jpg 768w, https:\/\/agora.xtec.cat\/escolaelsquatrevents\/wp-content\/uploads\/usu584\/2020\/02\/IMG_20200217_162207-1024x768.jpg 1024w, https:\/\/agora.xtec.cat\/escolaelsquatrevents\/wp-content\/uploads\/usu584\/2020\/02\/IMG_20200217_162207-200x150.jpg 200w\" sizes=\"auto, (max-width: 300px) 100vw, 300px\" \/><\/a><\/h5>\n<p>&nbsp;<\/p>\n<p><a href=\"https:\/\/photos.app.goo.gl\/sDrA1ijrFNYZ8yE99\"><img loading=\"lazy\" decoding=\"async\" class=\"aligncenter wp-image-4977 size-medium\" src=\"https:\/\/agora.xtec.cat\/escolaelsquatrevents\/wp-content\/uploads\/usu584\/2020\/02\/20200220_125810-300x138.jpg\" alt=\"\" width=\"300\" height=\"138\" srcset=\"https:\/\/agora.xtec.cat\/escolaelsquatrevents\/wp-content\/uploads\/usu584\/2020\/02\/20200220_125810-300x138.jpg 300w, https:\/\/agora.xtec.cat\/escolaelsquatrevents\/wp-content\/uploads\/usu584\/2020\/02\/20200220_125810-768x354.jpg 768w, https:\/\/agora.xtec.cat\/escolaelsquatrevents\/wp-content\/uploads\/usu584\/2020\/02\/20200220_125810-1024x472.jpg 1024w\" sizes=\"auto, (max-width: 300px) 100vw, 300px\" \/><\/a><\/p>\n<p>&nbsp;<\/p>\n<p>El petits de l&#8217;escola tamb\u00e9 han apr\u00e9s que podem pintar amb altres materials. Diversos membres d&#8217;ACAP,\u00a0 Associaci\u00f3 Cercle d&#8217;Artistes i Pintors de Canovelles han vingut a l&#8217;escola a ensenyar-nos a fer fant\u00e0stiques obres d&#8217;art amb caf\u00e8! mmm i quina bona olor!<\/p>\n<p><a href=\"https:\/\/photos.app.goo.gl\/t7NkGFNyWTjPToj16\" target=\"_blank\" rel=\"noopener noreferrer\"><img loading=\"lazy\" decoding=\"async\" class=\"aligncenter wp-image-4975 size-medium\" src=\"https:\/\/agora.xtec.cat\/escolaelsquatrevents\/wp-content\/uploads\/usu584\/2020\/02\/IMG_2645-1-300x225.jpg\" alt=\"\" width=\"300\" height=\"225\" srcset=\"https:\/\/agora.xtec.cat\/escolaelsquatrevents\/wp-content\/uploads\/usu584\/2020\/02\/IMG_2645-1-300x225.jpg 300w, https:\/\/agora.xtec.cat\/escolaelsquatrevents\/wp-content\/uploads\/usu584\/2020\/02\/IMG_2645-1-200x150.jpg 200w, https:\/\/agora.xtec.cat\/escolaelsquatrevents\/wp-content\/uploads\/usu584\/2020\/02\/IMG_2645-1.jpg 640w\" sizes=\"auto, (max-width: 300px) 100vw, 300px\" \/><\/a><\/p>\n<p>Per veure les fotos de cada taller cliqueu a les imatges.<\/p>\n<p>Us deixem tamb\u00e9 l&#8217;enlla\u00e7 a la noticia emesa a votv:\u00a0<a href=\"http:\/\/votv.alacarta.cat\/canovelles\/noticia\/lescola-els-quatre-vents-simpregna-dart-durant-una-setmana\">Noticia votv <\/a><\/p>\n<p>Molt\u00edssimes gr\u00e0cies a tots per la vostra participaci\u00f3! Ha sigut un plaer tenir-vos amb nosaltres.<\/p>\n<p>Junts fem la nostra escola m\u00e9s gran!<\/p>\n","protected":false},"excerpt":{"rendered":"<p>L&#8217;escola s&#8217;ha impregnat d&#8217;art durant una setmana! Hem fet tallers per gaudir l&#8217;art de manera vivencial i quina millor manera de fer-lo que amb artistes locals. Tota l&#8217;escola ha treballat la pintura de la m\u00e0 de l&#8217;Alejandro Moral, del TRUE COLLECTIVE, que ens ha dissenyat i ajudat a pintar un mural a la pared del [&hellip;]<\/p>\n","protected":false},"author":4,"featured_media":4974,"comment_status":"closed","ping_status":"closed","sticky":false,"template":"","format":"standard","meta":{"_bbp_topic_count":0,"_bbp_reply_count":0,"_bbp_total_topic_count":0,"_bbp_total_reply_count":0,"_bbp_voice_count":0,"_bbp_anonymous_reply_count":0,"_bbp_topic_count_hidden":0,"_bbp_reply_count_hidden":0,"_bbp_forum_subforum_count":0,"site-sidebar-layout":"default","site-content-layout":"","ast-site-content-layout":"","site-content-style":"default","site-sidebar-style":"default","ast-global-header-display":"","ast-banner-title-visibility":"","ast-main-header-display":"","ast-hfb-above-header-display":"","ast-hfb-below-header-display":"","ast-hfb-mobile-header-display":"","site-post-title":"","ast-breadcrumbs-content":"","ast-featured-img":"","footer-sml-layout":"","theme-transparent-header-meta":"","adv-header-id-meta":"","stick-header-meta":"","header-above-stick-meta":"","header-main-stick-meta":"","header-below-stick-meta":"","astra-migrate-meta-layouts":"default","ast-page-background-enabled":"default","ast-page-background-meta":{"desktop":{"background-color":"var(--ast-global-color-4)","background-image":"","background-repeat":"repeat","background-position":"center center","background-size":"auto","background-attachment":"scroll","background-type":"","background-media":"","overlay-type":"","overlay-color":"","overlay-opacity":"","overlay-gradient":""},"tablet":{"background-color":"","background-image":"","background-repeat":"repeat","background-position":"center center","background-size":"auto","background-attachment":"scroll","background-type":"","background-media":"","overlay-type":"","overlay-color":"","overlay-opacity":"","overlay-gradient":""},"mobile":{"background-color":"","background-image":"","background-repeat":"repeat","background-position":"center center","background-size":"auto","background-attachment":"scroll","background-type":"","background-media":"","overlay-type":"","overlay-color":"","overlay-opacity":"","overlay-gradient":""}},"ast-content-background-meta":{"desktop":{"background-color":"var(--ast-global-color-5)","background-image":"","background-repeat":"repeat","background-position":"center center","background-size":"auto","background-attachment":"scroll","background-type":"","background-media":"","overlay-type":"","overlay-color":"","overlay-opacity":"","overlay-gradient":""},"tablet":{"background-color":"var(--ast-global-color-5)","background-image":"","background-repeat":"repeat","background-position":"center center","background-size":"auto","background-attachment":"scroll","background-type":"","background-media":"","overlay-type":"","overlay-color":"","overlay-opacity":"","overlay-gradient":""},"mobile":{"background-color":"var(--ast-global-color-5)","background-image":"","background-repeat":"repeat","background-position":"center center","background-size":"auto","background-attachment":"scroll","background-type":"","background-media":"","overlay-type":"","overlay-color":"","overlay-opacity":"","overlay-gradient":""}},"footnotes":""},"categories":[237,8,3,22,1,4],"tags":[33,34,57,115,133,131,55],"class_list":["post-4971","post","type-post","status-publish","format-standard","has-post-thumbnail","hentry","category-afa","category-grans","category-mitjans","category-petits","category-general","category-portada","tag-activitats-generals","tag-ampa-afa","tag-art","tag-comunitat-de-grans","tag-comunitat-de-mitjans","tag-comunitat-de-petits","tag-musica"],"post_mailing_queue_ids":[],"_links":{"self":[{"href":"https:\/\/agora.xtec.cat\/escolaelsquatrevents\/wp-json\/wp\/v2\/posts\/4971","targetHints":{"allow":["GET"]}}],"collection":[{"href":"https:\/\/agora.xtec.cat\/escolaelsquatrevents\/wp-json\/wp\/v2\/posts"}],"about":[{"href":"https:\/\/agora.xtec.cat\/escolaelsquatrevents\/wp-json\/wp\/v2\/types\/post"}],"author":[{"embeddable":true,"href":"https:\/\/agora.xtec.cat\/escolaelsquatrevents\/wp-json\/wp\/v2\/users\/4"}],"replies":[{"embeddable":true,"href":"https:\/\/agora.xtec.cat\/escolaelsquatrevents\/wp-json\/wp\/v2\/comments?post=4971"}],"version-history":[{"count":3,"href":"https:\/\/agora.xtec.cat\/escolaelsquatrevents\/wp-json\/wp\/v2\/posts\/4971\/revisions"}],"predecessor-version":[{"id":4981,"href":"https:\/\/agora.xtec.cat\/escolaelsquatrevents\/wp-json\/wp\/v2\/posts\/4971\/revisions\/4981"}],"wp:featuredmedia":[{"embeddable":true,"href":"https:\/\/agora.xtec.cat\/escolaelsquatrevents\/wp-json\/wp\/v2\/media\/4974"}],"wp:attachment":[{"href":"https:\/\/agora.xtec.cat\/escolaelsquatrevents\/wp-json\/wp\/v2\/media?parent=4971"}],"wp:term":[{"taxonomy":"category","embeddable":true,"href":"https:\/\/agora.xtec.cat\/escolaelsquatrevents\/wp-json\/wp\/v2\/categories?post=4971"},{"taxonomy":"post_tag","embeddable":true,"href":"https:\/\/agora.xtec.cat\/escolaelsquatrevents\/wp-json\/wp\/v2\/tags?post=4971"}],"curies":[{"name":"wp","href":"https:\/\/api.w.org\/{rel}","templated":true}]}}