{"id":4796,"date":"2019-12-19T17:19:47","date_gmt":"2019-12-19T16:19:47","guid":{"rendered":"http:\/\/agora.xtec.cat\/escolaelsquatrevents\/?p=4796"},"modified":"2019-12-19T17:24:38","modified_gmt":"2019-12-19T16:24:38","slug":"concert-dhivern-2019","status":"publish","type":"post","link":"https:\/\/agora.xtec.cat\/escolaelsquatrevents\/general\/concert-dhivern-2019\/","title":{"rendered":"Concert d&#8217;hivern 2019"},"content":{"rendered":"<p><a href=\"https:\/\/agora.xtec.cat\/escolaelsquatrevents\/wp-content\/uploads\/usu584\/2019\/12\/DSC_0005.jpg\"><img loading=\"lazy\" decoding=\"async\" class=\"alignleft wp-image-4806 size-medium\" src=\"https:\/\/agora.xtec.cat\/escolaelsquatrevents\/wp-content\/uploads\/usu584\/2019\/12\/DSC_0005-300x200.jpg\" alt=\"\" width=\"300\" height=\"200\" srcset=\"https:\/\/agora.xtec.cat\/escolaelsquatrevents\/wp-content\/uploads\/usu584\/2019\/12\/DSC_0005-300x200.jpg 300w, https:\/\/agora.xtec.cat\/escolaelsquatrevents\/wp-content\/uploads\/usu584\/2019\/12\/DSC_0005-768x512.jpg 768w, https:\/\/agora.xtec.cat\/escolaelsquatrevents\/wp-content\/uploads\/usu584\/2019\/12\/DSC_0005-1024x683.jpg 1024w\" sizes=\"auto, (max-width: 300px) 100vw, 300px\" \/><\/a>Avui hem gaudit del tant esperat Concert d&#8217;Hivern!<\/p>\n<p>Esperem que hagueu gaudit de l&#8217;espectacle, ho han fet super b\u00e9!<\/p>\n<p>Si no heu pogut assistir no patiu que aqu\u00ed teniu un bon recull de fotos i els v\u00eddeos de totes les can\u00e7ons.<\/p>\n<p>&nbsp;<\/p>\n<p>&nbsp;<\/p>\n<p>Us deixem l&#8217;enlla\u00e7 als \u00e0lbums de fotos de cada concert:<\/p>\n<p><a href=\"https:\/\/photos.app.goo.gl\/uEo5DLYwUVALTaGMA\">Concert d&#8217;hivern Blaus<\/a><\/p>\n<p><a href=\"https:\/\/photos.app.goo.gl\/Et4EYn7owVuXYDSd9\">Concert d&#8217;hivern vermells<\/a><\/p>\n<p>I aqu\u00ed teniu els v\u00eddeos de cada concert:<\/p>\n<p><a href=\"https:\/\/photos.app.goo.gl\/ZMpMrhdag5jz28nL7\">V\u00eddeos Concert d&#8217;hivern vermells<\/a><\/p>\n<p><a href=\"https:\/\/photos.app.goo.gl\/fVXrwF1xhp29ZRnCA\">V\u00eddeos Concert d&#8217;hivern blaus<\/a><\/p>\n<p>&nbsp;<\/p>\n<p>Felicitats a totes i tots! Especialment a les mestres i el mestre de m\u00fasica per tota la feina, a la comissi\u00f3 de decoraci\u00f3 per posar el teatre tan maco i a la comissi\u00f3 de comunicaci\u00f3 per la realitzaci\u00f3 de fotos i v\u00eddeos!!<\/p>\n<p>&nbsp;<\/p>\n","protected":false},"excerpt":{"rendered":"<p>Avui hem gaudit del tant esperat Concert d&#8217;Hivern! Esperem que hagueu gaudit de l&#8217;espectacle, ho han fet super b\u00e9! Si no heu pogut assistir no patiu que aqu\u00ed teniu un bon recull de fotos i els v\u00eddeos de totes les can\u00e7ons. &nbsp; &nbsp; Us deixem l&#8217;enlla\u00e7 als \u00e0lbums de fotos de cada concert: Concert d&#8217;hivern [&hellip;]<\/p>\n","protected":false},"author":4,"featured_media":4806,"comment_status":"closed","ping_status":"closed","sticky":false,"template":"","format":"standard","meta":{"_bbp_topic_count":0,"_bbp_reply_count":0,"_bbp_total_topic_count":0,"_bbp_total_reply_count":0,"_bbp_voice_count":0,"_bbp_anonymous_reply_count":0,"_bbp_topic_count_hidden":0,"_bbp_reply_count_hidden":0,"_bbp_forum_subforum_count":0,"site-sidebar-layout":"default","site-content-layout":"","ast-site-content-layout":"","site-content-style":"default","site-sidebar-style":"default","ast-global-header-display":"","ast-banner-title-visibility":"","ast-main-header-display":"","ast-hfb-above-header-display":"","ast-hfb-below-header-display":"","ast-hfb-mobile-header-display":"","site-post-title":"","ast-breadcrumbs-content":"","ast-featured-img":"","footer-sml-layout":"","theme-transparent-header-meta":"","adv-header-id-meta":"","stick-header-meta":"","header-above-stick-meta":"","header-main-stick-meta":"","header-below-stick-meta":"","astra-migrate-meta-layouts":"default","ast-page-background-enabled":"default","ast-page-background-meta":{"desktop":{"background-color":"var(--ast-global-color-4)","background-image":"","background-repeat":"repeat","background-position":"center center","background-size":"auto","background-attachment":"scroll","background-type":"","background-media":"","overlay-type":"","overlay-color":"","overlay-opacity":"","overlay-gradient":""},"tablet":{"background-color":"","background-image":"","background-repeat":"repeat","background-position":"center center","background-size":"auto","background-attachment":"scroll","background-type":"","background-media":"","overlay-type":"","overlay-color":"","overlay-opacity":"","overlay-gradient":""},"mobile":{"background-color":"","background-image":"","background-repeat":"repeat","background-position":"center center","background-size":"auto","background-attachment":"scroll","background-type":"","background-media":"","overlay-type":"","overlay-color":"","overlay-opacity":"","overlay-gradient":""}},"ast-content-background-meta":{"desktop":{"background-color":"var(--ast-global-color-5)","background-image":"","background-repeat":"repeat","background-position":"center center","background-size":"auto","background-attachment":"scroll","background-type":"","background-media":"","overlay-type":"","overlay-color":"","overlay-opacity":"","overlay-gradient":""},"tablet":{"background-color":"var(--ast-global-color-5)","background-image":"","background-repeat":"repeat","background-position":"center center","background-size":"auto","background-attachment":"scroll","background-type":"","background-media":"","overlay-type":"","overlay-color":"","overlay-opacity":"","overlay-gradient":""},"mobile":{"background-color":"var(--ast-global-color-5)","background-image":"","background-repeat":"repeat","background-position":"center center","background-size":"auto","background-attachment":"scroll","background-type":"","background-media":"","overlay-type":"","overlay-color":"","overlay-opacity":"","overlay-gradient":""}},"footnotes":""},"categories":[8,3,22,1,4],"tags":[33,60,261,26],"class_list":["post-4796","post","type-post","status-publish","format-standard","has-post-thumbnail","hentry","category-grans","category-mitjans","category-petits","category-general","category-portada","tag-activitats-generals","tag-can-palots","tag-concert-dhivern","tag-festes"],"post_mailing_queue_ids":[],"_links":{"self":[{"href":"https:\/\/agora.xtec.cat\/escolaelsquatrevents\/wp-json\/wp\/v2\/posts\/4796","targetHints":{"allow":["GET"]}}],"collection":[{"href":"https:\/\/agora.xtec.cat\/escolaelsquatrevents\/wp-json\/wp\/v2\/posts"}],"about":[{"href":"https:\/\/agora.xtec.cat\/escolaelsquatrevents\/wp-json\/wp\/v2\/types\/post"}],"author":[{"embeddable":true,"href":"https:\/\/agora.xtec.cat\/escolaelsquatrevents\/wp-json\/wp\/v2\/users\/4"}],"replies":[{"embeddable":true,"href":"https:\/\/agora.xtec.cat\/escolaelsquatrevents\/wp-json\/wp\/v2\/comments?post=4796"}],"version-history":[{"count":3,"href":"https:\/\/agora.xtec.cat\/escolaelsquatrevents\/wp-json\/wp\/v2\/posts\/4796\/revisions"}],"predecessor-version":[{"id":4813,"href":"https:\/\/agora.xtec.cat\/escolaelsquatrevents\/wp-json\/wp\/v2\/posts\/4796\/revisions\/4813"}],"wp:featuredmedia":[{"embeddable":true,"href":"https:\/\/agora.xtec.cat\/escolaelsquatrevents\/wp-json\/wp\/v2\/media\/4806"}],"wp:attachment":[{"href":"https:\/\/agora.xtec.cat\/escolaelsquatrevents\/wp-json\/wp\/v2\/media?parent=4796"}],"wp:term":[{"taxonomy":"category","embeddable":true,"href":"https:\/\/agora.xtec.cat\/escolaelsquatrevents\/wp-json\/wp\/v2\/categories?post=4796"},{"taxonomy":"post_tag","embeddable":true,"href":"https:\/\/agora.xtec.cat\/escolaelsquatrevents\/wp-json\/wp\/v2\/tags?post=4796"}],"curies":[{"name":"wp","href":"https:\/\/api.w.org\/{rel}","templated":true}]}}