{"id":4766,"date":"2019-12-12T13:11:51","date_gmt":"2019-12-12T12:11:51","guid":{"rendered":"http:\/\/agora.xtec.cat\/escolaelsquatrevents\/?p=4766"},"modified":"2019-12-12T13:11:56","modified_gmt":"2019-12-12T12:11:56","slug":"lescala-a-p5","status":"publish","type":"post","link":"https:\/\/agora.xtec.cat\/escolaelsquatrevents\/general\/lescala-a-p5\/","title":{"rendered":"L&#8217;escala a P5"},"content":{"rendered":"<p>Fam\u00edlies de P5,<\/p>\n<p>Per fi hem comen\u00e7at a jugar a l&#8217;Escala a consci\u00e8ncia fonol\u00f2gica i est\u00e0 sent tot un \u00e8xit!<\/p>\n<p>&nbsp;<\/p>\n<p>Fem grups i, per torns, agafem una tarja que hem de &#8220;picar&#8221; per saber quantes s\u00edl\u00b7labes t\u00e9. Pugem tants esglaons com s\u00edl\u00b7labes tingui la paraula. Ep! Per\u00f2 hi ha esglaons trencats i alguns amb corda que et fan pujar ben r\u00e0pid. Guanya el grup que arriba abans a dalt de l&#8217;escala.<img loading=\"lazy\" decoding=\"async\" class=\"aligncenter size-medium wp-image-4767\" src=\"https:\/\/agora.xtec.cat\/escolaelsquatrevents\/wp-content\/uploads\/usu584\/2019\/12\/5b3e7a56-d76b-4008-a597-5719d60c93cb-300x225.jpg\" alt=\"\" width=\"300\" height=\"225\" srcset=\"https:\/\/agora.xtec.cat\/escolaelsquatrevents\/wp-content\/uploads\/usu584\/2019\/12\/5b3e7a56-d76b-4008-a597-5719d60c93cb-300x225.jpg 300w, https:\/\/agora.xtec.cat\/escolaelsquatrevents\/wp-content\/uploads\/usu584\/2019\/12\/5b3e7a56-d76b-4008-a597-5719d60c93cb-768x576.jpg 768w, https:\/\/agora.xtec.cat\/escolaelsquatrevents\/wp-content\/uploads\/usu584\/2019\/12\/5b3e7a56-d76b-4008-a597-5719d60c93cb-1024x768.jpg 1024w, https:\/\/agora.xtec.cat\/escolaelsquatrevents\/wp-content\/uploads\/usu584\/2019\/12\/5b3e7a56-d76b-4008-a597-5719d60c93cb-200x150.jpg 200w, https:\/\/agora.xtec.cat\/escolaelsquatrevents\/wp-content\/uploads\/usu584\/2019\/12\/5b3e7a56-d76b-4008-a597-5719d60c93cb.jpg 2048w\" sizes=\"auto, (max-width: 300px) 100vw, 300px\" \/><\/p>\n<p>Aquest joc ens serveix per motivar els alumnes picant s\u00edl\u00b7labes i estan molt engrescats!<\/p>\n<p>Segur que aquests dies us picaran per casa&#8230;animeu-los!<\/p>\n<p><a href=\"https:\/\/photos.app.goo.gl\/UEj2LEEKdT5RyFar9\"><strong>Cliqueu si voleu veure m\u00e9s imatges<\/strong><\/a><\/p>\n","protected":false},"excerpt":{"rendered":"<p>Fam\u00edlies de P5, Per fi hem comen\u00e7at a jugar a l&#8217;Escala a consci\u00e8ncia fonol\u00f2gica i est\u00e0 sent tot un \u00e8xit! &nbsp; Fem grups i, per torns, agafem una tarja que hem de &#8220;picar&#8221; per saber quantes s\u00edl\u00b7labes t\u00e9. Pugem tants esglaons com s\u00edl\u00b7labes tingui la paraula. Ep! Per\u00f2 hi ha esglaons trencats i alguns amb [&hellip;]<\/p>\n","protected":false},"author":3,"featured_media":4767,"comment_status":"closed","ping_status":"closed","sticky":false,"template":"","format":"standard","meta":{"_bbp_topic_count":0,"_bbp_reply_count":0,"_bbp_total_topic_count":0,"_bbp_total_reply_count":0,"_bbp_voice_count":0,"_bbp_anonymous_reply_count":0,"_bbp_topic_count_hidden":0,"_bbp_reply_count_hidden":0,"_bbp_forum_subforum_count":0,"site-sidebar-layout":"default","site-content-layout":"","ast-site-content-layout":"","site-content-style":"default","site-sidebar-style":"default","ast-global-header-display":"","ast-banner-title-visibility":"","ast-main-header-display":"","ast-hfb-above-header-display":"","ast-hfb-below-header-display":"","ast-hfb-mobile-header-display":"","site-post-title":"","ast-breadcrumbs-content":"","ast-featured-img":"","footer-sml-layout":"","theme-transparent-header-meta":"","adv-header-id-meta":"","stick-header-meta":"","header-above-stick-meta":"","header-main-stick-meta":"","header-below-stick-meta":"","astra-migrate-meta-layouts":"default","ast-page-background-enabled":"default","ast-page-background-meta":{"desktop":{"background-color":"var(--ast-global-color-4)","background-image":"","background-repeat":"repeat","background-position":"center center","background-size":"auto","background-attachment":"scroll","background-type":"","background-media":"","overlay-type":"","overlay-color":"","overlay-opacity":"","overlay-gradient":""},"tablet":{"background-color":"","background-image":"","background-repeat":"repeat","background-position":"center center","background-size":"auto","background-attachment":"scroll","background-type":"","background-media":"","overlay-type":"","overlay-color":"","overlay-opacity":"","overlay-gradient":""},"mobile":{"background-color":"","background-image":"","background-repeat":"repeat","background-position":"center center","background-size":"auto","background-attachment":"scroll","background-type":"","background-media":"","overlay-type":"","overlay-color":"","overlay-opacity":"","overlay-gradient":""}},"ast-content-background-meta":{"desktop":{"background-color":"var(--ast-global-color-5)","background-image":"","background-repeat":"repeat","background-position":"center center","background-size":"auto","background-attachment":"scroll","background-type":"","background-media":"","overlay-type":"","overlay-color":"","overlay-opacity":"","overlay-gradient":""},"tablet":{"background-color":"var(--ast-global-color-5)","background-image":"","background-repeat":"repeat","background-position":"center center","background-size":"auto","background-attachment":"scroll","background-type":"","background-media":"","overlay-type":"","overlay-color":"","overlay-opacity":"","overlay-gradient":""},"mobile":{"background-color":"var(--ast-global-color-5)","background-image":"","background-repeat":"repeat","background-position":"center center","background-size":"auto","background-attachment":"scroll","background-type":"","background-media":"","overlay-type":"","overlay-color":"","overlay-opacity":"","overlay-gradient":""}},"footnotes":""},"categories":[22,1,4],"tags":[158],"class_list":["post-4766","post","type-post","status-publish","format-standard","has-post-thumbnail","hentry","category-petits","category-general","category-portada","tag-consciencia-fonologica"],"post_mailing_queue_ids":[],"_links":{"self":[{"href":"https:\/\/agora.xtec.cat\/escolaelsquatrevents\/wp-json\/wp\/v2\/posts\/4766","targetHints":{"allow":["GET"]}}],"collection":[{"href":"https:\/\/agora.xtec.cat\/escolaelsquatrevents\/wp-json\/wp\/v2\/posts"}],"about":[{"href":"https:\/\/agora.xtec.cat\/escolaelsquatrevents\/wp-json\/wp\/v2\/types\/post"}],"author":[{"embeddable":true,"href":"https:\/\/agora.xtec.cat\/escolaelsquatrevents\/wp-json\/wp\/v2\/users\/3"}],"replies":[{"embeddable":true,"href":"https:\/\/agora.xtec.cat\/escolaelsquatrevents\/wp-json\/wp\/v2\/comments?post=4766"}],"version-history":[{"count":2,"href":"https:\/\/agora.xtec.cat\/escolaelsquatrevents\/wp-json\/wp\/v2\/posts\/4766\/revisions"}],"predecessor-version":[{"id":4769,"href":"https:\/\/agora.xtec.cat\/escolaelsquatrevents\/wp-json\/wp\/v2\/posts\/4766\/revisions\/4769"}],"wp:featuredmedia":[{"embeddable":true,"href":"https:\/\/agora.xtec.cat\/escolaelsquatrevents\/wp-json\/wp\/v2\/media\/4767"}],"wp:attachment":[{"href":"https:\/\/agora.xtec.cat\/escolaelsquatrevents\/wp-json\/wp\/v2\/media?parent=4766"}],"wp:term":[{"taxonomy":"category","embeddable":true,"href":"https:\/\/agora.xtec.cat\/escolaelsquatrevents\/wp-json\/wp\/v2\/categories?post=4766"},{"taxonomy":"post_tag","embeddable":true,"href":"https:\/\/agora.xtec.cat\/escolaelsquatrevents\/wp-json\/wp\/v2\/tags?post=4766"}],"curies":[{"name":"wp","href":"https:\/\/api.w.org\/{rel}","templated":true}]}}