{"id":4473,"date":"2019-10-31T13:58:48","date_gmt":"2019-10-31T12:58:48","guid":{"rendered":"http:\/\/agora.xtec.cat\/escolaelsquatrevents\/?p=4473"},"modified":"2019-10-31T14:05:21","modified_gmt":"2019-10-31T13:05:21","slug":"celebrem-la-castanyada","status":"publish","type":"post","link":"https:\/\/agora.xtec.cat\/escolaelsquatrevents\/general\/celebrem-la-castanyada\/","title":{"rendered":"Celebrem la castanyada"},"content":{"rendered":"<p>Benvolgudes fam\u00edlies,<\/p>\n<p>La tardor ens ha envait i ens ha portat a celebrar la castanyada. Com cada curs, a l&#8217;escola, tenim la sort que la comissi\u00f3 de decoraci\u00f3 ens ha ambientat els espais i ens ha portat la castanyera. Moltes gr\u00e0cies!<\/p>\n<p>La comissi\u00f3 de comunicaci\u00f3 s&#8217;ha encarregat de documentar tots els actes de celebraci\u00f3:<\/p>\n<ul>\n<li><a href=\"https:\/\/photos.app.goo.gl\/oHZQv4rURS4ZJiqC9\"><strong><span style=\"text-decoration: underline;\">Visita de la castanyera a les aules per recollir les castanyes<\/span><\/strong>.<\/a><\/li>\n<li><span style=\"text-decoration: underline;\"><strong><a href=\"https:\/\/photos.app.goo.gl\/2tPVVfAbRbHsrNFM7\">Festa oberta amb les fam\u00edlies del concurs de la castanya, la benvinguda al Halloween<\/a> i <a href=\"https:\/\/photos.app.goo.gl\/vP3vpdfBBU1umLXeA\">les danses de 2n<\/a><\/strong><\/span>.<\/li>\n<li><a href=\"https:\/\/photos.app.goo.gl\/EuwPfyo4vocq9dxY7\"><span style=\"text-decoration: underline;\"><strong>Menjada de castanyes torrades per l&#8217;AFA i voluntaris<\/strong><\/span>.<\/a><\/li>\n<\/ul>\n<p>Moltes gr\u00e0cies a tots i totes.<\/p>\n<p>Mengeu moltes castanyes i panellets! Jugueu amb les fulles i els bassals!<\/p>\n","protected":false},"excerpt":{"rendered":"<p>Benvolgudes fam\u00edlies, La tardor ens ha envait i ens ha portat a celebrar la castanyada. Com cada curs, a l&#8217;escola, tenim la sort que la comissi\u00f3 de decoraci\u00f3 ens ha ambientat els espais i ens ha portat la castanyera. Moltes gr\u00e0cies! La comissi\u00f3 de comunicaci\u00f3 s&#8217;ha encarregat de documentar tots els actes de celebraci\u00f3: Visita [&hellip;]<\/p>\n","protected":false},"author":1,"featured_media":4506,"comment_status":"closed","ping_status":"closed","sticky":false,"template":"","format":"standard","meta":{"_bbp_topic_count":0,"_bbp_reply_count":0,"_bbp_total_topic_count":0,"_bbp_total_reply_count":0,"_bbp_voice_count":0,"_bbp_anonymous_reply_count":0,"_bbp_topic_count_hidden":0,"_bbp_reply_count_hidden":0,"_bbp_forum_subforum_count":0,"site-sidebar-layout":"default","site-content-layout":"","ast-site-content-layout":"","site-content-style":"default","site-sidebar-style":"default","ast-global-header-display":"","ast-banner-title-visibility":"","ast-main-header-display":"","ast-hfb-above-header-display":"","ast-hfb-below-header-display":"","ast-hfb-mobile-header-display":"","site-post-title":"","ast-breadcrumbs-content":"","ast-featured-img":"","footer-sml-layout":"","theme-transparent-header-meta":"","adv-header-id-meta":"","stick-header-meta":"","header-above-stick-meta":"","header-main-stick-meta":"","header-below-stick-meta":"","astra-migrate-meta-layouts":"default","ast-page-background-enabled":"default","ast-page-background-meta":{"desktop":{"background-color":"var(--ast-global-color-4)","background-image":"","background-repeat":"repeat","background-position":"center center","background-size":"auto","background-attachment":"scroll","background-type":"","background-media":"","overlay-type":"","overlay-color":"","overlay-opacity":"","overlay-gradient":""},"tablet":{"background-color":"","background-image":"","background-repeat":"repeat","background-position":"center center","background-size":"auto","background-attachment":"scroll","background-type":"","background-media":"","overlay-type":"","overlay-color":"","overlay-opacity":"","overlay-gradient":""},"mobile":{"background-color":"","background-image":"","background-repeat":"repeat","background-position":"center center","background-size":"auto","background-attachment":"scroll","background-type":"","background-media":"","overlay-type":"","overlay-color":"","overlay-opacity":"","overlay-gradient":""}},"ast-content-background-meta":{"desktop":{"background-color":"var(--ast-global-color-5)","background-image":"","background-repeat":"repeat","background-position":"center center","background-size":"auto","background-attachment":"scroll","background-type":"","background-media":"","overlay-type":"","overlay-color":"","overlay-opacity":"","overlay-gradient":""},"tablet":{"background-color":"var(--ast-global-color-5)","background-image":"","background-repeat":"repeat","background-position":"center center","background-size":"auto","background-attachment":"scroll","background-type":"","background-media":"","overlay-type":"","overlay-color":"","overlay-opacity":"","overlay-gradient":""},"mobile":{"background-color":"var(--ast-global-color-5)","background-image":"","background-repeat":"repeat","background-position":"center center","background-size":"auto","background-attachment":"scroll","background-type":"","background-media":"","overlay-type":"","overlay-color":"","overlay-opacity":"","overlay-gradient":""}},"footnotes":""},"categories":[237,1,4],"tags":[33,34,24,26],"class_list":["post-4473","post","type-post","status-publish","format-standard","has-post-thumbnail","hentry","category-afa","category-general","category-portada","tag-activitats-generals","tag-ampa-afa","tag-castanyada","tag-festes"],"post_mailing_queue_ids":[],"_links":{"self":[{"href":"https:\/\/agora.xtec.cat\/escolaelsquatrevents\/wp-json\/wp\/v2\/posts\/4473","targetHints":{"allow":["GET"]}}],"collection":[{"href":"https:\/\/agora.xtec.cat\/escolaelsquatrevents\/wp-json\/wp\/v2\/posts"}],"about":[{"href":"https:\/\/agora.xtec.cat\/escolaelsquatrevents\/wp-json\/wp\/v2\/types\/post"}],"author":[{"embeddable":true,"href":"https:\/\/agora.xtec.cat\/escolaelsquatrevents\/wp-json\/wp\/v2\/users\/1"}],"replies":[{"embeddable":true,"href":"https:\/\/agora.xtec.cat\/escolaelsquatrevents\/wp-json\/wp\/v2\/comments?post=4473"}],"version-history":[{"count":3,"href":"https:\/\/agora.xtec.cat\/escolaelsquatrevents\/wp-json\/wp\/v2\/posts\/4473\/revisions"}],"predecessor-version":[{"id":4505,"href":"https:\/\/agora.xtec.cat\/escolaelsquatrevents\/wp-json\/wp\/v2\/posts\/4473\/revisions\/4505"}],"wp:featuredmedia":[{"embeddable":true,"href":"https:\/\/agora.xtec.cat\/escolaelsquatrevents\/wp-json\/wp\/v2\/media\/4506"}],"wp:attachment":[{"href":"https:\/\/agora.xtec.cat\/escolaelsquatrevents\/wp-json\/wp\/v2\/media?parent=4473"}],"wp:term":[{"taxonomy":"category","embeddable":true,"href":"https:\/\/agora.xtec.cat\/escolaelsquatrevents\/wp-json\/wp\/v2\/categories?post=4473"},{"taxonomy":"post_tag","embeddable":true,"href":"https:\/\/agora.xtec.cat\/escolaelsquatrevents\/wp-json\/wp\/v2\/tags?post=4473"}],"curies":[{"name":"wp","href":"https:\/\/api.w.org\/{rel}","templated":true}]}}