{"id":4374,"date":"2019-09-10T14:55:56","date_gmt":"2019-09-10T12:55:56","guid":{"rendered":"http:\/\/agora.xtec.cat\/escolaelsquatrevents\/?p=4374"},"modified":"2019-09-10T14:58:49","modified_gmt":"2019-09-10T12:58:49","slug":"comencem-el-curs-19-20","status":"publish","type":"post","link":"https:\/\/agora.xtec.cat\/escolaelsquatrevents\/general\/comencem-el-curs-19-20\/","title":{"rendered":"Comencem el curs 19-20"},"content":{"rendered":"<p>Bon dia fam\u00edlies,<\/p>\n<p><strong>Ja estem a punt per comen\u00e7ar el curs 2019-20 el proper dijous 12 de setembre en l&#8217;horari habitual<\/strong> (excepte els infants de P3 que faran adaptaci\u00f3). Les entrades i sortides continuaran com el curs passat: els petits entraran i sortiran pel pati d&#8217;infantil, 1r, 2n i 3r entraran pel pati de prim\u00e0ria i 4t, 5\u00e8 i 6\u00e8 entrana per la porta principal. Prim\u00e0ria sortir\u00e0 pel pati de prim\u00e0ria.<\/p>\n<p>Us informem que de cara al nou curs el <strong>pagament del material i sortides<\/strong> que es fa fraccionat NOM\u00c8S es podr\u00e0 fer durant el mesos de setembre i la 1a quinzena d&#8217;octubre dins de l&#8217;horari establert, el mes de gener i la 1a quinzena de febrer i el mes d&#8217;abril i la 1a quinzena de maig. D&#8217;aquesta manera ens assegurem que el trimestre en curs estar\u00e0 pagat i es podran realitzar les sortides corresponents. FORA D&#8217;AQUEST PERIODE NO ES FARAN COBRAMENTS. Aquest curs amb el cobrament total de la quota l&#8217;AFA donar\u00e0 una nova samarreta per a les sortides i activitats fora del centre i una gorra per resguardar-nos del sol durant els mesos de calor. Recordeu \u00a0que hi ha dues quotes: la de 165\u20ac, per germans grans o fills \u00fanics, i la quota de 150\u20ac per germans petits. Si feu el pagament pel banc recordeu escriure el nom i cognom dels vostres fills. Amb el pagament del 1r trimestre (65\u20ac) es donar\u00e0 l&#8217;agenda, carpeta i estoig. I a infantil de P3 a P5 es donar\u00e0 una motxilla en el moment que es tingui el 1r pagament.<\/p>\n<p>El <strong>dimecres 25 de setembre<\/strong> a les 17&#8217;30 h es far\u00e0 la<strong> reuni\u00f3 d&#8217;inici de curs<\/strong> de P4 i la de P5 on es presentar\u00e0 el nou curs i als\/les professors\/es corresponents, aix\u00ed com les novetats de cara al curs que entra. El mateix dimecres 25 de setembre a les 18 h es far\u00e0 la reuni\u00f3 per prim\u00e0ria, \u00e9s a dir, pels pares i mares dels alumnes que faran de 1r a 6\u00e8. Es recomana que per les xerrades vingueu sense els nens i nenes aix\u00ed fem m\u00e9s \u00e0gil la reuni\u00f3.<\/p>\n<p>A la web teniu tota tota la informaci\u00f3 relativa a les <strong>activitats extraescolars de l&#8217;AFA<\/strong>. IMPORTANT: LA DATA L\u00cdMIT D&#8217;INSCRIPCI\u00d3 A LES ACTIVITATS \u00c9S EL 17 DE SETEMBRE. Si teniu algun dubte l&#8217;AFA estar\u00e0 a la vostra disposici\u00f3 dins del seu horari d&#8217;atenci\u00f3: Dimarts de 16h a 17h i divendres de 8&#8217;30 a 9&#8217;30. Descarregueu-vos els fulls d&#8217;inscripci\u00f3: <a href=\"https:\/\/www.google.com\/url?q=https:\/\/drive.google.com\/a\/xtec.cat\/file\/d\/1C2NBsNZeuJolDQ1Ft2fBZ0N-honw4j6n\/view?usp%3Ddrivesdk&amp;sa=D&amp;ust=1568547138988000&amp;usg=AOvVaw3G2Lc1QySL4SAZOm6UaYf8\" target=\"_blank\" rel=\"noopener noreferrer\">https:\/\/drive.google.com\/a\/xtec.cat\/file\/d\/1C2NBsNZeuJolDQ1Ft2fBZ0N-honw4j6n\/view?usp=drivesdk<\/a> <a href=\"https:\/\/www.google.com\/url?q=https:\/\/drive.google.com\/a\/xtec.cat\/file\/d\/17wHrf9oYi_t1GC6uaEbWKvCzuLkMemsT\/view?usp%3Ddrivesdk&amp;sa=D&amp;ust=1568547138988000&amp;usg=AOvVaw2DsZm2VbYz-sV6Ne-dr1bC\" target=\"_blank\" rel=\"noopener noreferrer\">https:\/\/drive.google.com\/a\/xtec.cat\/file\/d\/17wHrf9oYi_t1GC6uaEbWKvCzuLkMemsT\/view?usp=drivesdk<\/a><\/p>\n<p>Us enviem tamb\u00e9 tota la <strong>informaci\u00f3 relativa al menjador<\/strong>. La nova empresa de gesti\u00f3 del servei \u00e9s SELECTANCE RESTAURACI\u00d3. Linquem el full d\u2019inscripci\u00f3 al servei i la fitxa m\u00e8dica en cas que es necessiti donar alguna medicaci\u00f3 als\/les alumnes. <a href=\"https:\/\/www.google.com\/url?q=https:\/\/drive.google.com\/a\/xtec.cat\/file\/d\/12VbK0jlvmA4QiULG_Be-coeAdJAUcdg_\/view?usp%3Ddrivesdk&amp;sa=D&amp;ust=1568547138988000&amp;usg=AOvVaw0_3ItsMAM3TJOSfzuiKFb-\" target=\"_blank\" rel=\"noopener noreferrer\">https:\/\/drive.google.com\/a\/xtec.cat\/file\/d\/12VbK0jlvmA4QiULG_Be-coeAdJAUcdg_\/view?usp=drivesdk<\/a> <a href=\"https:\/\/www.google.com\/url?q=https:\/\/drive.google.com\/a\/xtec.cat\/file\/d\/1389MkGTqq1H9P9-KaYG2JFj9VAPWvD7v\/view?usp%3Ddrivesdk&amp;sa=D&amp;ust=1568547138988000&amp;usg=AOvVaw0omaTOlWTLw_ic_NqA4R-s\" target=\"_blank\" rel=\"noopener noreferrer\">https:\/\/drive.google.com\/a\/xtec.cat\/file\/d\/1389MkGTqq1H9P9-KaYG2JFj9VAPWvD7v\/view?usp=drivesdk<\/a> <a href=\"https:\/\/www.google.com\/url?q=https:\/\/drive.google.com\/a\/xtec.cat\/file\/d\/1QhR05avfm90m0erjFHK35KxZUdFwWuuT\/view?usp%3Ddrivesdk&amp;sa=D&amp;ust=1568547138988000&amp;usg=AOvVaw12thmQEAIvHsHKWxrZeP4J\" target=\"_blank\" rel=\"noopener noreferrer\">https:\/\/drive.google.com\/a\/xtec.cat\/file\/d\/1QhR05avfm90m0erjFHK35KxZUdFwWuuT\/view?usp=drivesdk<\/a><\/p>\n<p>La <strong>biblioteca de moment romandr\u00e0 tancada fora de l&#8217;horari<\/strong> (s&#8217;obrir\u00e0 en breu). De la mateixa manera <strong>comen\u00e7arem les tert\u00falies i els Grups Interactius a partir de la primera setmana d&#8217;octubre<\/strong> (30 de setembre al 4 d&#8217;octubre).<\/p>\n<p><img loading=\"lazy\" decoding=\"async\" class=\"aligncenter size-large wp-image-4370\" src=\"https:\/\/agora.xtec.cat\/escolaelsquatrevents\/wp-content\/uploads\/usu584\/2019\/09\/20190909_160630-e1568114924899-1024x714.jpg\" alt=\"\" width=\"1024\" height=\"714\" srcset=\"https:\/\/agora.xtec.cat\/escolaelsquatrevents\/wp-content\/uploads\/usu584\/2019\/09\/20190909_160630-e1568114924899-1024x714.jpg 1024w, https:\/\/agora.xtec.cat\/escolaelsquatrevents\/wp-content\/uploads\/usu584\/2019\/09\/20190909_160630-e1568114924899-300x209.jpg 300w, https:\/\/agora.xtec.cat\/escolaelsquatrevents\/wp-content\/uploads\/usu584\/2019\/09\/20190909_160630-e1568114924899-768x535.jpg 768w\" sizes=\"auto, (max-width: 1024px) 100vw, 1024px\" \/><\/p>\n","protected":false},"excerpt":{"rendered":"<p>Bon dia fam\u00edlies, Ja estem a punt per comen\u00e7ar el curs 2019-20 el proper dijous 12 de setembre en l&#8217;horari habitual (excepte els infants de P3 que faran adaptaci\u00f3). Les entrades i sortides continuaran com el curs passat: els petits entraran i sortiran pel pati d&#8217;infantil, 1r, 2n i 3r entraran pel pati de prim\u00e0ria [&hellip;]<\/p>\n","protected":false},"author":1,"featured_media":1380,"comment_status":"closed","ping_status":"closed","sticky":false,"template":"","format":"standard","meta":{"_bbp_topic_count":0,"_bbp_reply_count":0,"_bbp_total_topic_count":0,"_bbp_total_reply_count":0,"_bbp_voice_count":0,"_bbp_anonymous_reply_count":0,"_bbp_topic_count_hidden":0,"_bbp_reply_count_hidden":0,"_bbp_forum_subforum_count":0,"site-sidebar-layout":"default","site-content-layout":"","ast-site-content-layout":"","site-content-style":"default","site-sidebar-style":"default","ast-global-header-display":"","ast-banner-title-visibility":"","ast-main-header-display":"","ast-hfb-above-header-display":"","ast-hfb-below-header-display":"","ast-hfb-mobile-header-display":"","site-post-title":"","ast-breadcrumbs-content":"","ast-featured-img":"","footer-sml-layout":"","theme-transparent-header-meta":"","adv-header-id-meta":"","stick-header-meta":"","header-above-stick-meta":"","header-main-stick-meta":"","header-below-stick-meta":"","astra-migrate-meta-layouts":"default","ast-page-background-enabled":"default","ast-page-background-meta":{"desktop":{"background-color":"var(--ast-global-color-4)","background-image":"","background-repeat":"repeat","background-position":"center center","background-size":"auto","background-attachment":"scroll","background-type":"","background-media":"","overlay-type":"","overlay-color":"","overlay-opacity":"","overlay-gradient":""},"tablet":{"background-color":"","background-image":"","background-repeat":"repeat","background-position":"center center","background-size":"auto","background-attachment":"scroll","background-type":"","background-media":"","overlay-type":"","overlay-color":"","overlay-opacity":"","overlay-gradient":""},"mobile":{"background-color":"","background-image":"","background-repeat":"repeat","background-position":"center center","background-size":"auto","background-attachment":"scroll","background-type":"","background-media":"","overlay-type":"","overlay-color":"","overlay-opacity":"","overlay-gradient":""}},"ast-content-background-meta":{"desktop":{"background-color":"var(--ast-global-color-5)","background-image":"","background-repeat":"repeat","background-position":"center center","background-size":"auto","background-attachment":"scroll","background-type":"","background-media":"","overlay-type":"","overlay-color":"","overlay-opacity":"","overlay-gradient":""},"tablet":{"background-color":"var(--ast-global-color-5)","background-image":"","background-repeat":"repeat","background-position":"center center","background-size":"auto","background-attachment":"scroll","background-type":"","background-media":"","overlay-type":"","overlay-color":"","overlay-opacity":"","overlay-gradient":""},"mobile":{"background-color":"var(--ast-global-color-5)","background-image":"","background-repeat":"repeat","background-position":"center center","background-size":"auto","background-attachment":"scroll","background-type":"","background-media":"","overlay-type":"","overlay-color":"","overlay-opacity":"","overlay-gradient":""}},"footnotes":""},"categories":[1],"tags":[],"class_list":["post-4374","post","type-post","status-publish","format-standard","has-post-thumbnail","hentry","category-general"],"post_mailing_queue_ids":[],"_links":{"self":[{"href":"https:\/\/agora.xtec.cat\/escolaelsquatrevents\/wp-json\/wp\/v2\/posts\/4374","targetHints":{"allow":["GET"]}}],"collection":[{"href":"https:\/\/agora.xtec.cat\/escolaelsquatrevents\/wp-json\/wp\/v2\/posts"}],"about":[{"href":"https:\/\/agora.xtec.cat\/escolaelsquatrevents\/wp-json\/wp\/v2\/types\/post"}],"author":[{"embeddable":true,"href":"https:\/\/agora.xtec.cat\/escolaelsquatrevents\/wp-json\/wp\/v2\/users\/1"}],"replies":[{"embeddable":true,"href":"https:\/\/agora.xtec.cat\/escolaelsquatrevents\/wp-json\/wp\/v2\/comments?post=4374"}],"version-history":[{"count":1,"href":"https:\/\/agora.xtec.cat\/escolaelsquatrevents\/wp-json\/wp\/v2\/posts\/4374\/revisions"}],"predecessor-version":[{"id":4375,"href":"https:\/\/agora.xtec.cat\/escolaelsquatrevents\/wp-json\/wp\/v2\/posts\/4374\/revisions\/4375"}],"wp:featuredmedia":[{"embeddable":true,"href":"https:\/\/agora.xtec.cat\/escolaelsquatrevents\/wp-json\/wp\/v2\/media\/1380"}],"wp:attachment":[{"href":"https:\/\/agora.xtec.cat\/escolaelsquatrevents\/wp-json\/wp\/v2\/media?parent=4374"}],"wp:term":[{"taxonomy":"category","embeddable":true,"href":"https:\/\/agora.xtec.cat\/escolaelsquatrevents\/wp-json\/wp\/v2\/categories?post=4374"},{"taxonomy":"post_tag","embeddable":true,"href":"https:\/\/agora.xtec.cat\/escolaelsquatrevents\/wp-json\/wp\/v2\/tags?post=4374"}],"curies":[{"name":"wp","href":"https:\/\/api.w.org\/{rel}","templated":true}]}}