{"id":4264,"date":"2019-06-07T16:29:28","date_gmt":"2019-06-07T14:29:28","guid":{"rendered":"http:\/\/agora.xtec.cat\/escolaelsquatrevents\/?p=4264"},"modified":"2019-06-07T17:57:23","modified_gmt":"2019-06-07T15:57:23","slug":"ultim-dia-biblioteca-oberta-a-la-tarda","status":"publish","type":"post","link":"https:\/\/agora.xtec.cat\/escolaelsquatrevents\/general\/ultim-dia-biblioteca-oberta-a-la-tarda\/","title":{"rendered":"\u00daltim dia biblioteca oberta a la tarda"},"content":{"rendered":"<div>Bona tarda,<\/div>\n<div><\/div>\n<div>Us comuniquem que avui \u00e9s l<strong>&#8216;\u00faltim dia de la biblioteca escolar oberta a les tardes!<\/strong>!<\/div>\n<div><\/div>\n<div>Aprofitem per fer-vos arribar informaci\u00f3 sobre una iniciativa que ens ha semblat molt interessant: el concurs <strong>&#8220;Llegir t\u00e9 premi&#8221;.<\/strong><\/div>\n<div><\/div>\n<div><a href=\"https:\/\/agora.xtec.cat\/escolaelsquatrevents\/wp-content\/uploads\/usu584\/2019\/06\/6248-logo-llegir-te-premi.png\"><img loading=\"lazy\" decoding=\"async\" class=\"aligncenter size-full wp-image-4265\" src=\"https:\/\/agora.xtec.cat\/escolaelsquatrevents\/wp-content\/uploads\/usu584\/2019\/06\/6248-logo-llegir-te-premi.png\" alt=\"\" width=\"257\" height=\"154\" \/><\/a><\/div>\n<div><span style=\"font-family: inherit; font-size: 1em;\">Des d&#8217;avui i fins al 30 de juny, 1.300 joves d\u2019entre 8 i 16 anys podran inscriure&#8217;s per a participar, des de l&#8217;1 de juliol fins al 12 de setembre, en la nova edici\u00f3 del concurs\u00a0<\/span><a style=\"font-family: inherit; font-size: 1em;\" href=\"http:\/\/llegirtepremi.cat\/\" target=\"_blank\" rel=\"noopener noreferrer\" data-saferedirecturl=\"https:\/\/www.google.com\/url?q=http:\/\/llegirtepremi.cat\/&amp;source=gmail&amp;ust=1560001678318000&amp;usg=AFQjCNHWCAlIxhMMKpHI4-qw1Z2VknLpuw\">Llegir t\u00e9 premi<\/a><span style=\"font-family: inherit; font-size: 1em;\">.<\/span><\/div>\n<div>\n<p>La iniciativa &#8216;Llegir t\u00e9 premi&#8217; t\u00e9 per objectiu fomentar la lectura individual i la creaci\u00f3 de clubs de lectura entre els joves durant el per\u00edode de vacances d&#8217;estiu. Aquest concurs es duu a terme a trav\u00e9s d&#8217;un\u00a0<a href=\"http:\/\/llegirtepremi.cat\/\" target=\"_blank\" rel=\"noopener noreferrer\" data-saferedirecturl=\"https:\/\/www.google.com\/url?q=http:\/\/llegirtepremi.cat\/&amp;source=gmail&amp;ust=1560001678318000&amp;usg=AFQjCNHWCAlIxhMMKpHI4-qw1Z2VknLpuw\">portal a Internet<\/a>\u00a0especialment dissenyat per aquesta finalitat. Els participants, fins a 1.300 joves, poden optar a guanyar diferents premis en funci\u00f3 del nombre de lectures realitzades i la verificaci\u00f3 de la comprensi\u00f3 lectora de les obres llegides.<\/p>\n<\/div>\n<p>Us animem a participar!! Bones vacances!<\/p>\n","protected":false},"excerpt":{"rendered":"<p>Bona tarda, Us comuniquem que avui \u00e9s l&#8216;\u00faltim dia de la biblioteca escolar oberta a les tardes!! Aprofitem per fer-vos arribar informaci\u00f3 sobre una iniciativa que ens ha semblat molt interessant: el concurs &#8220;Llegir t\u00e9 premi&#8221;. Des d&#8217;avui i fins al 30 de juny, 1.300 joves d\u2019entre 8 i 16 anys podran inscriure&#8217;s per a [&hellip;]<\/p>\n","protected":false},"author":4,"featured_media":4265,"comment_status":"open","ping_status":"closed","sticky":false,"template":"","format":"standard","meta":{"_bbp_topic_count":0,"_bbp_reply_count":0,"_bbp_total_topic_count":0,"_bbp_total_reply_count":0,"_bbp_voice_count":0,"_bbp_anonymous_reply_count":0,"_bbp_topic_count_hidden":0,"_bbp_reply_count_hidden":0,"_bbp_forum_subforum_count":0,"site-sidebar-layout":"default","site-content-layout":"","ast-site-content-layout":"","site-content-style":"default","site-sidebar-style":"default","ast-global-header-display":"","ast-banner-title-visibility":"","ast-main-header-display":"","ast-hfb-above-header-display":"","ast-hfb-below-header-display":"","ast-hfb-mobile-header-display":"","site-post-title":"","ast-breadcrumbs-content":"","ast-featured-img":"","footer-sml-layout":"","theme-transparent-header-meta":"","adv-header-id-meta":"","stick-header-meta":"","header-above-stick-meta":"","header-main-stick-meta":"","header-below-stick-meta":"","astra-migrate-meta-layouts":"default","ast-page-background-enabled":"default","ast-page-background-meta":{"desktop":{"background-color":"var(--ast-global-color-4)","background-image":"","background-repeat":"repeat","background-position":"center center","background-size":"auto","background-attachment":"scroll","background-type":"","background-media":"","overlay-type":"","overlay-color":"","overlay-opacity":"","overlay-gradient":""},"tablet":{"background-color":"","background-image":"","background-repeat":"repeat","background-position":"center center","background-size":"auto","background-attachment":"scroll","background-type":"","background-media":"","overlay-type":"","overlay-color":"","overlay-opacity":"","overlay-gradient":""},"mobile":{"background-color":"","background-image":"","background-repeat":"repeat","background-position":"center center","background-size":"auto","background-attachment":"scroll","background-type":"","background-media":"","overlay-type":"","overlay-color":"","overlay-opacity":"","overlay-gradient":""}},"ast-content-background-meta":{"desktop":{"background-color":"var(--ast-global-color-5)","background-image":"","background-repeat":"repeat","background-position":"center center","background-size":"auto","background-attachment":"scroll","background-type":"","background-media":"","overlay-type":"","overlay-color":"","overlay-opacity":"","overlay-gradient":""},"tablet":{"background-color":"var(--ast-global-color-5)","background-image":"","background-repeat":"repeat","background-position":"center center","background-size":"auto","background-attachment":"scroll","background-type":"","background-media":"","overlay-type":"","overlay-color":"","overlay-opacity":"","overlay-gradient":""},"mobile":{"background-color":"var(--ast-global-color-5)","background-image":"","background-repeat":"repeat","background-position":"center center","background-size":"auto","background-attachment":"scroll","background-type":"","background-media":"","overlay-type":"","overlay-color":"","overlay-opacity":"","overlay-gradient":""}},"footnotes":""},"categories":[1,4],"tags":[206],"class_list":["post-4264","post","type-post","status-publish","format-standard","has-post-thumbnail","hentry","category-general","category-portada","tag-biblioteca-escolar"],"post_mailing_queue_ids":[],"_links":{"self":[{"href":"https:\/\/agora.xtec.cat\/escolaelsquatrevents\/wp-json\/wp\/v2\/posts\/4264","targetHints":{"allow":["GET"]}}],"collection":[{"href":"https:\/\/agora.xtec.cat\/escolaelsquatrevents\/wp-json\/wp\/v2\/posts"}],"about":[{"href":"https:\/\/agora.xtec.cat\/escolaelsquatrevents\/wp-json\/wp\/v2\/types\/post"}],"author":[{"embeddable":true,"href":"https:\/\/agora.xtec.cat\/escolaelsquatrevents\/wp-json\/wp\/v2\/users\/4"}],"replies":[{"embeddable":true,"href":"https:\/\/agora.xtec.cat\/escolaelsquatrevents\/wp-json\/wp\/v2\/comments?post=4264"}],"version-history":[{"count":2,"href":"https:\/\/agora.xtec.cat\/escolaelsquatrevents\/wp-json\/wp\/v2\/posts\/4264\/revisions"}],"predecessor-version":[{"id":4268,"href":"https:\/\/agora.xtec.cat\/escolaelsquatrevents\/wp-json\/wp\/v2\/posts\/4264\/revisions\/4268"}],"wp:featuredmedia":[{"embeddable":true,"href":"https:\/\/agora.xtec.cat\/escolaelsquatrevents\/wp-json\/wp\/v2\/media\/4265"}],"wp:attachment":[{"href":"https:\/\/agora.xtec.cat\/escolaelsquatrevents\/wp-json\/wp\/v2\/media?parent=4264"}],"wp:term":[{"taxonomy":"category","embeddable":true,"href":"https:\/\/agora.xtec.cat\/escolaelsquatrevents\/wp-json\/wp\/v2\/categories?post=4264"},{"taxonomy":"post_tag","embeddable":true,"href":"https:\/\/agora.xtec.cat\/escolaelsquatrevents\/wp-json\/wp\/v2\/tags?post=4264"}],"curies":[{"name":"wp","href":"https:\/\/api.w.org\/{rel}","templated":true}]}}