{"id":4184,"date":"2019-05-27T10:35:11","date_gmt":"2019-05-27T08:35:11","guid":{"rendered":"http:\/\/agora.xtec.cat\/escolaelsquatrevents\/?p=4184"},"modified":"2019-05-27T10:35:11","modified_gmt":"2019-05-27T08:35:11","slug":"jornada-destadistica-2","status":"publish","type":"post","link":"https:\/\/agora.xtec.cat\/escolaelsquatrevents\/general\/jornada-destadistica-2\/","title":{"rendered":"JORNADA D&#8217;ESTAD\u00cdSTICA"},"content":{"rendered":"<p>Avui comencem la JORNADA D&#8217;ESTAD\u00cdSTICA.<\/p>\n<p><a href=\"https:\/\/photos.app.goo.gl\/Q7DV44VpnPYSm3aD9\"><img loading=\"lazy\" decoding=\"async\" class=\"alignleft size-medium wp-image-4185\" src=\"https:\/\/agora.xtec.cat\/escolaelsquatrevents\/wp-content\/uploads\/usu584\/2019\/05\/IMG_8901-300x200.jpg\" alt=\"\" width=\"300\" height=\"200\" srcset=\"https:\/\/agora.xtec.cat\/escolaelsquatrevents\/wp-content\/uploads\/usu584\/2019\/05\/IMG_8901-300x200.jpg 300w, https:\/\/agora.xtec.cat\/escolaelsquatrevents\/wp-content\/uploads\/usu584\/2019\/05\/IMG_8901-768x511.jpg 768w, https:\/\/agora.xtec.cat\/escolaelsquatrevents\/wp-content\/uploads\/usu584\/2019\/05\/IMG_8901-1024x682.jpg 1024w\" sizes=\"auto, (max-width: 300px) 100vw, 300px\" \/><\/a><\/p>\n<p>A les 9h els i les nostres alumnes han sortit al pati per votar les preguntes que han pensat cada nivell. Ha estat un mat\u00ed molt entretingut i participatiu.<\/p>\n<p>Les preguntes han estat les seg\u00fcents:<\/p>\n<p>P3: Quantes mascotes tens a casa?<\/p>\n<p>P4: Quants germans o germanes tens?<\/p>\n<p>P5: A quin pa\u00eds va n\u00e9ixer la mare i el pare?<\/p>\n<p>1r: Tens televisi\u00f3, m\u00f2bil, tablet o res a la teva habitaci\u00f3?<\/p>\n<p>2n: Quants membres sou a la fam\u00edlia (a casa)?<\/p>\n<p>3r: Qui treballa fora de casa?<\/p>\n<p>4t: Quantes hores mires la TV cada dia?<\/p>\n<p>5\u00e8: Quantes persones de casa practiquen esport?<\/p>\n<p>6\u00e8: Quins canals de TV mireu m\u00e9s sovint?<\/p>\n<p>&nbsp;<\/p>\n<p>Tindrem fins dimecres per fer la recollida de dades.<\/p>\n<p>El dijous a la tarda els alumnes de prim\u00e0ria es distribuiran per les aules i comunicaran als altres nivells els resultats de l&#8217;an\u00e0lisi de la pregunta que han triat.<\/p>\n<p>A la web publicarem els resultats.<\/p>\n","protected":false},"excerpt":{"rendered":"<p>Avui comencem la JORNADA D&#8217;ESTAD\u00cdSTICA. A les 9h els i les nostres alumnes han sortit al pati per votar les preguntes que han pensat cada nivell. Ha estat un mat\u00ed molt entretingut i participatiu. Les preguntes han estat les seg\u00fcents: P3: Quantes mascotes tens a casa? P4: Quants germans o germanes tens? P5: A quin [&hellip;]<\/p>\n","protected":false},"author":3,"featured_media":4185,"comment_status":"closed","ping_status":"closed","sticky":false,"template":"","format":"standard","meta":{"_bbp_topic_count":0,"_bbp_reply_count":0,"_bbp_total_topic_count":0,"_bbp_total_reply_count":0,"_bbp_voice_count":0,"_bbp_anonymous_reply_count":0,"_bbp_topic_count_hidden":0,"_bbp_reply_count_hidden":0,"_bbp_forum_subforum_count":0,"site-sidebar-layout":"default","site-content-layout":"","ast-site-content-layout":"","site-content-style":"default","site-sidebar-style":"default","ast-global-header-display":"","ast-banner-title-visibility":"","ast-main-header-display":"","ast-hfb-above-header-display":"","ast-hfb-below-header-display":"","ast-hfb-mobile-header-display":"","site-post-title":"","ast-breadcrumbs-content":"","ast-featured-img":"","footer-sml-layout":"","theme-transparent-header-meta":"","adv-header-id-meta":"","stick-header-meta":"","header-above-stick-meta":"","header-main-stick-meta":"","header-below-stick-meta":"","astra-migrate-meta-layouts":"default","ast-page-background-enabled":"default","ast-page-background-meta":{"desktop":{"background-color":"var(--ast-global-color-4)","background-image":"","background-repeat":"repeat","background-position":"center center","background-size":"auto","background-attachment":"scroll","background-type":"","background-media":"","overlay-type":"","overlay-color":"","overlay-opacity":"","overlay-gradient":""},"tablet":{"background-color":"","background-image":"","background-repeat":"repeat","background-position":"center center","background-size":"auto","background-attachment":"scroll","background-type":"","background-media":"","overlay-type":"","overlay-color":"","overlay-opacity":"","overlay-gradient":""},"mobile":{"background-color":"","background-image":"","background-repeat":"repeat","background-position":"center center","background-size":"auto","background-attachment":"scroll","background-type":"","background-media":"","overlay-type":"","overlay-color":"","overlay-opacity":"","overlay-gradient":""}},"ast-content-background-meta":{"desktop":{"background-color":"var(--ast-global-color-5)","background-image":"","background-repeat":"repeat","background-position":"center center","background-size":"auto","background-attachment":"scroll","background-type":"","background-media":"","overlay-type":"","overlay-color":"","overlay-opacity":"","overlay-gradient":""},"tablet":{"background-color":"var(--ast-global-color-5)","background-image":"","background-repeat":"repeat","background-position":"center center","background-size":"auto","background-attachment":"scroll","background-type":"","background-media":"","overlay-type":"","overlay-color":"","overlay-opacity":"","overlay-gradient":""},"mobile":{"background-color":"var(--ast-global-color-5)","background-image":"","background-repeat":"repeat","background-position":"center center","background-size":"auto","background-attachment":"scroll","background-type":"","background-media":"","overlay-type":"","overlay-color":"","overlay-opacity":"","overlay-gradient":""}},"footnotes":""},"categories":[8,3,22,1,69,4],"tags":[33,112,70],"class_list":["post-4184","post","type-post","status-publish","format-standard","has-post-thumbnail","hentry","category-grans","category-mitjans","category-petits","category-general","category-mates-oaoa","category-portada","tag-activitats-generals","tag-matematiques","tag-mates-oaoa"],"post_mailing_queue_ids":[],"_links":{"self":[{"href":"https:\/\/agora.xtec.cat\/escolaelsquatrevents\/wp-json\/wp\/v2\/posts\/4184","targetHints":{"allow":["GET"]}}],"collection":[{"href":"https:\/\/agora.xtec.cat\/escolaelsquatrevents\/wp-json\/wp\/v2\/posts"}],"about":[{"href":"https:\/\/agora.xtec.cat\/escolaelsquatrevents\/wp-json\/wp\/v2\/types\/post"}],"author":[{"embeddable":true,"href":"https:\/\/agora.xtec.cat\/escolaelsquatrevents\/wp-json\/wp\/v2\/users\/3"}],"replies":[{"embeddable":true,"href":"https:\/\/agora.xtec.cat\/escolaelsquatrevents\/wp-json\/wp\/v2\/comments?post=4184"}],"version-history":[{"count":1,"href":"https:\/\/agora.xtec.cat\/escolaelsquatrevents\/wp-json\/wp\/v2\/posts\/4184\/revisions"}],"predecessor-version":[{"id":4186,"href":"https:\/\/agora.xtec.cat\/escolaelsquatrevents\/wp-json\/wp\/v2\/posts\/4184\/revisions\/4186"}],"wp:featuredmedia":[{"embeddable":true,"href":"https:\/\/agora.xtec.cat\/escolaelsquatrevents\/wp-json\/wp\/v2\/media\/4185"}],"wp:attachment":[{"href":"https:\/\/agora.xtec.cat\/escolaelsquatrevents\/wp-json\/wp\/v2\/media?parent=4184"}],"wp:term":[{"taxonomy":"category","embeddable":true,"href":"https:\/\/agora.xtec.cat\/escolaelsquatrevents\/wp-json\/wp\/v2\/categories?post=4184"},{"taxonomy":"post_tag","embeddable":true,"href":"https:\/\/agora.xtec.cat\/escolaelsquatrevents\/wp-json\/wp\/v2\/tags?post=4184"}],"curies":[{"name":"wp","href":"https:\/\/api.w.org\/{rel}","templated":true}]}}