{"id":3977,"date":"2019-04-08T08:08:49","date_gmt":"2019-04-08T06:08:49","guid":{"rendered":"http:\/\/agora.xtec.cat\/escolaelsquatrevents\/?p=3977"},"modified":"2019-04-09T09:16:36","modified_gmt":"2019-04-09T07:16:36","slug":"jornades-esportives-de-sise","status":"publish","type":"post","link":"https:\/\/agora.xtec.cat\/escolaelsquatrevents\/general\/jornades-esportives-de-sise\/","title":{"rendered":"JORNADES ESPORTIVES DE SIS\u00c8"},"content":{"rendered":"<p>El divendres,\u00a0 5 d\u00b4abril, els i les alumnes de sis\u00e8 vam participar en les Jornades Esportives que es van celebrar a les pistes d\u00b4atletisme i al pavell\u00f3 el Tub de Granollers juntament amb moltes altres escoles de la comarca. Vam fer partits de futbol, de futbol flag, de b\u00e0squet i de handbol. Alguns els vam guanyar i\u00a0 altres, no , per\u00f2 l\u00b4important era participar. La pluja va arribar quan ja gaireb\u00e9 hav\u00edem acabat! Vam poder dinar a les grades i aix\u00ed no ens vam mullar. Va ser divertida tota la jornada! En acabat vam tornar a l &#8216;escola<\/p>\n<p><a href=\"https:\/\/photos.google.com\/share\/AF1QipM9hW5Zg6hSUIaARgHT4gqcBaem2FEqBa6bjegO3e-oycXycFS_YEq7cV31vJ3hkA?key=RUxnUDRWWXlDMmNNOGNPWTB3WTVKSmpWYXhuc09n\">FOTOS JORNADES<\/a><a href=\"https:\/\/agora.xtec.cat\/escolaelsquatrevents\/wp-content\/uploads\/usu584\/2019\/04\/20190405_093701_opt.jpg\"><img loading=\"lazy\" decoding=\"async\" class=\"alignleft size-medium wp-image-3978\" src=\"https:\/\/agora.xtec.cat\/escolaelsquatrevents\/wp-content\/uploads\/usu584\/2019\/04\/20190405_093701_opt-300x225.jpg\" alt=\"\" width=\"300\" height=\"225\" srcset=\"https:\/\/agora.xtec.cat\/escolaelsquatrevents\/wp-content\/uploads\/usu584\/2019\/04\/20190405_093701_opt-300x225.jpg 300w, https:\/\/agora.xtec.cat\/escolaelsquatrevents\/wp-content\/uploads\/usu584\/2019\/04\/20190405_093701_opt-768x576.jpg 768w, https:\/\/agora.xtec.cat\/escolaelsquatrevents\/wp-content\/uploads\/usu584\/2019\/04\/20190405_093701_opt-200x150.jpg 200w, https:\/\/agora.xtec.cat\/escolaelsquatrevents\/wp-content\/uploads\/usu584\/2019\/04\/20190405_093701_opt.jpg 900w\" sizes=\"auto, (max-width: 300px) 100vw, 300px\" \/><\/a><\/p>\n","protected":false},"excerpt":{"rendered":"<p>El divendres,\u00a0 5 d\u00b4abril, els i les alumnes de sis\u00e8 vam participar en les Jornades Esportives que es van celebrar a les pistes d\u00b4atletisme i al pavell\u00f3 el Tub de Granollers juntament amb moltes altres escoles de la comarca. Vam fer partits de futbol, de futbol flag, de b\u00e0squet i de handbol. Alguns els vam [&hellip;]<\/p>\n","protected":false},"author":3,"featured_media":3978,"comment_status":"closed","ping_status":"closed","sticky":false,"template":"","format":"standard","meta":{"_bbp_topic_count":0,"_bbp_reply_count":0,"_bbp_total_topic_count":0,"_bbp_total_reply_count":0,"_bbp_voice_count":0,"_bbp_anonymous_reply_count":0,"_bbp_topic_count_hidden":0,"_bbp_reply_count_hidden":0,"_bbp_forum_subforum_count":0,"site-sidebar-layout":"default","site-content-layout":"","ast-site-content-layout":"","site-content-style":"default","site-sidebar-style":"default","ast-global-header-display":"","ast-banner-title-visibility":"","ast-main-header-display":"","ast-hfb-above-header-display":"","ast-hfb-below-header-display":"","ast-hfb-mobile-header-display":"","site-post-title":"","ast-breadcrumbs-content":"","ast-featured-img":"","footer-sml-layout":"","theme-transparent-header-meta":"","adv-header-id-meta":"","stick-header-meta":"","header-above-stick-meta":"","header-main-stick-meta":"","header-below-stick-meta":"","astra-migrate-meta-layouts":"default","ast-page-background-enabled":"default","ast-page-background-meta":{"desktop":{"background-color":"var(--ast-global-color-4)","background-image":"","background-repeat":"repeat","background-position":"center center","background-size":"auto","background-attachment":"scroll","background-type":"","background-media":"","overlay-type":"","overlay-color":"","overlay-opacity":"","overlay-gradient":""},"tablet":{"background-color":"","background-image":"","background-repeat":"repeat","background-position":"center center","background-size":"auto","background-attachment":"scroll","background-type":"","background-media":"","overlay-type":"","overlay-color":"","overlay-opacity":"","overlay-gradient":""},"mobile":{"background-color":"","background-image":"","background-repeat":"repeat","background-position":"center center","background-size":"auto","background-attachment":"scroll","background-type":"","background-media":"","overlay-type":"","overlay-color":"","overlay-opacity":"","overlay-gradient":""}},"ast-content-background-meta":{"desktop":{"background-color":"var(--ast-global-color-5)","background-image":"","background-repeat":"repeat","background-position":"center center","background-size":"auto","background-attachment":"scroll","background-type":"","background-media":"","overlay-type":"","overlay-color":"","overlay-opacity":"","overlay-gradient":""},"tablet":{"background-color":"var(--ast-global-color-5)","background-image":"","background-repeat":"repeat","background-position":"center center","background-size":"auto","background-attachment":"scroll","background-type":"","background-media":"","overlay-type":"","overlay-color":"","overlay-opacity":"","overlay-gradient":""},"mobile":{"background-color":"var(--ast-global-color-5)","background-image":"","background-repeat":"repeat","background-position":"center center","background-size":"auto","background-attachment":"scroll","background-type":"","background-media":"","overlay-type":"","overlay-color":"","overlay-opacity":"","overlay-gradient":""}},"footnotes":""},"categories":[8,1,4],"tags":[102,33,115,78,114],"class_list":["post-3977","post","type-post","status-publish","format-standard","has-post-thumbnail","hentry","category-grans","category-general","category-portada","tag-6e","tag-activitats-generals","tag-comunitat-de-grans","tag-educacio-fisica","tag-jornades-esportives"],"post_mailing_queue_ids":[],"_links":{"self":[{"href":"https:\/\/agora.xtec.cat\/escolaelsquatrevents\/wp-json\/wp\/v2\/posts\/3977","targetHints":{"allow":["GET"]}}],"collection":[{"href":"https:\/\/agora.xtec.cat\/escolaelsquatrevents\/wp-json\/wp\/v2\/posts"}],"about":[{"href":"https:\/\/agora.xtec.cat\/escolaelsquatrevents\/wp-json\/wp\/v2\/types\/post"}],"author":[{"embeddable":true,"href":"https:\/\/agora.xtec.cat\/escolaelsquatrevents\/wp-json\/wp\/v2\/users\/3"}],"replies":[{"embeddable":true,"href":"https:\/\/agora.xtec.cat\/escolaelsquatrevents\/wp-json\/wp\/v2\/comments?post=3977"}],"version-history":[{"count":2,"href":"https:\/\/agora.xtec.cat\/escolaelsquatrevents\/wp-json\/wp\/v2\/posts\/3977\/revisions"}],"predecessor-version":[{"id":3980,"href":"https:\/\/agora.xtec.cat\/escolaelsquatrevents\/wp-json\/wp\/v2\/posts\/3977\/revisions\/3980"}],"wp:featuredmedia":[{"embeddable":true,"href":"https:\/\/agora.xtec.cat\/escolaelsquatrevents\/wp-json\/wp\/v2\/media\/3978"}],"wp:attachment":[{"href":"https:\/\/agora.xtec.cat\/escolaelsquatrevents\/wp-json\/wp\/v2\/media?parent=3977"}],"wp:term":[{"taxonomy":"category","embeddable":true,"href":"https:\/\/agora.xtec.cat\/escolaelsquatrevents\/wp-json\/wp\/v2\/categories?post=3977"},{"taxonomy":"post_tag","embeddable":true,"href":"https:\/\/agora.xtec.cat\/escolaelsquatrevents\/wp-json\/wp\/v2\/tags?post=3977"}],"curies":[{"name":"wp","href":"https:\/\/api.w.org\/{rel}","templated":true}]}}