{"id":3969,"date":"2019-04-06T12:14:15","date_gmt":"2019-04-06T10:14:15","guid":{"rendered":"http:\/\/agora.xtec.cat\/escolaelsquatrevents\/?p=3969"},"modified":"2019-04-09T09:28:32","modified_gmt":"2019-04-09T07:28:32","slug":"aprenem-a-menjar-sa","status":"publish","type":"post","link":"https:\/\/agora.xtec.cat\/escolaelsquatrevents\/general\/aprenem-a-menjar-sa\/","title":{"rendered":"APRENEM A MENJAR SA A P4"},"content":{"rendered":"<p>Han vingut unes infermeres del CAP de Canovelles a la nostra escola i ens han ensenyat quin \u00e9s el menjar m\u00e9s saludable que ens ajudar\u00e0 a ser m\u00e9s forts, valents i grans.<\/p>\n<p>Els hidrats de carboni ens fan ser forts i valents, el calci ens ajuda a tenir uns ossos ben forts, la fruita evita que ens posem malalts, la verdura ens ajuda a anar al lavabo i que no tinguem mal de panxa i les prote\u00efnes fan que tinguem molta energia.<\/p>\n<p>Les xuxes, que tant ens agraden, podem menjar-ne per\u00f2 de tant en tant.<\/p>\n<p>Hem fet un tastet de diferents aliments i eren tots bon\u00edssims!<\/p>\n<p>Voleu veure m\u00e9s fotos? Cliqueu a la imatge.<\/p>\n<p>&nbsp;<\/p>\n<p><a href=\"https:\/\/photos.app.goo.gl\/LJ5pg77jkkeej3iN6\"><img loading=\"lazy\" decoding=\"async\" class=\"aligncenter\" src=\"https:\/\/lh3.googleusercontent.com\/3jHvdQfYOP_0XNhpiSr_O2nk0prp2j7a3kFGQ73sJUc81rS6XhfZhmuT5IcK_Dba3o0lGKKFmlkwoUNXmQD--N4VvYjfWs8edE97EdvMe3FIqO16qAR8OyGVZVWjTpaRlO7vHBHXUDGIi6PfCH6KIF8_ZKLI0LvdLK7nUOKWbl7hpFARmoNm4jLLVzrfCenQYON47s5y_hBr7UHa9Q0erKVi1SfVBLsqMZv31d6NWM9wgb_vsWiwBfXiLIdaLrxmfOjVnhCQ-SGrBIbQlPe-FJwLHzdyaLZvxNvjq65zvgz24YFH5J8UlBgrtRrfQDvn9ATFHMK3jy6QoxFyLEqhhjtIflqeYecwJhatv8s553Rsnfcfm1zX3mTbiOMsEOJq5ttHsoDY8c1oLy0dC4lBde-drwu4YDwodb1hvvZWSbjzEU5FnTFGszehgn9NN47RRtPPniH4nbFunQo8YODSaVrG_Z1L_Jh_Ck_BJZY24BaUJT5ZSCMYsioOG_Fwkq18LTYe6eGL5n5GVKH7jBPLPeWMSbaAf7KiMfFRR8u2QL-GZNn4nMVnKDsflypNGtaoaaH7gVeqdHK6yUnwqaio6Zz8Jp9gwtlHkNA6Crm9zWgGWgddaxkJPkQyGbu1guu14B_bp4BUorXYU5cYf6isA9kd5phyvPhN=w375-h281-no\" alt=\"\" width=\"375\" height=\"281\" \/><\/a><\/p>\n","protected":false},"excerpt":{"rendered":"<p>Han vingut unes infermeres del CAP de Canovelles a la nostra escola i ens han ensenyat quin \u00e9s el menjar m\u00e9s saludable que ens ajudar\u00e0 a ser m\u00e9s forts, valents i grans. Els hidrats de carboni ens fan ser forts i valents, el calci ens ajuda a tenir uns ossos ben forts, la fruita evita [&hellip;]<\/p>\n","protected":false},"author":3,"featured_media":3981,"comment_status":"closed","ping_status":"closed","sticky":false,"template":"","format":"standard","meta":{"_bbp_topic_count":0,"_bbp_reply_count":0,"_bbp_total_topic_count":0,"_bbp_total_reply_count":0,"_bbp_voice_count":0,"_bbp_anonymous_reply_count":0,"_bbp_topic_count_hidden":0,"_bbp_reply_count_hidden":0,"_bbp_forum_subforum_count":0,"site-sidebar-layout":"default","site-content-layout":"","ast-site-content-layout":"","site-content-style":"default","site-sidebar-style":"default","ast-global-header-display":"","ast-banner-title-visibility":"","ast-main-header-display":"","ast-hfb-above-header-display":"","ast-hfb-below-header-display":"","ast-hfb-mobile-header-display":"","site-post-title":"","ast-breadcrumbs-content":"","ast-featured-img":"","footer-sml-layout":"","theme-transparent-header-meta":"","adv-header-id-meta":"","stick-header-meta":"","header-above-stick-meta":"","header-main-stick-meta":"","header-below-stick-meta":"","astra-migrate-meta-layouts":"default","ast-page-background-enabled":"default","ast-page-background-meta":{"desktop":{"background-color":"var(--ast-global-color-4)","background-image":"","background-repeat":"repeat","background-position":"center center","background-size":"auto","background-attachment":"scroll","background-type":"","background-media":"","overlay-type":"","overlay-color":"","overlay-opacity":"","overlay-gradient":""},"tablet":{"background-color":"","background-image":"","background-repeat":"repeat","background-position":"center center","background-size":"auto","background-attachment":"scroll","background-type":"","background-media":"","overlay-type":"","overlay-color":"","overlay-opacity":"","overlay-gradient":""},"mobile":{"background-color":"","background-image":"","background-repeat":"repeat","background-position":"center center","background-size":"auto","background-attachment":"scroll","background-type":"","background-media":"","overlay-type":"","overlay-color":"","overlay-opacity":"","overlay-gradient":""}},"ast-content-background-meta":{"desktop":{"background-color":"var(--ast-global-color-5)","background-image":"","background-repeat":"repeat","background-position":"center center","background-size":"auto","background-attachment":"scroll","background-type":"","background-media":"","overlay-type":"","overlay-color":"","overlay-opacity":"","overlay-gradient":""},"tablet":{"background-color":"var(--ast-global-color-5)","background-image":"","background-repeat":"repeat","background-position":"center center","background-size":"auto","background-attachment":"scroll","background-type":"","background-media":"","overlay-type":"","overlay-color":"","overlay-opacity":"","overlay-gradient":""},"mobile":{"background-color":"var(--ast-global-color-5)","background-image":"","background-repeat":"repeat","background-position":"center center","background-size":"auto","background-attachment":"scroll","background-type":"","background-media":"","overlay-type":"","overlay-color":"","overlay-opacity":"","overlay-gradient":""}},"footnotes":""},"categories":[22,1,4],"tags":[18,33,131,25],"class_list":["post-3969","post","type-post","status-publish","format-standard","has-post-thumbnail","hentry","category-petits","category-general","category-portada","tag-act-classe","tag-activitats-generals","tag-comunitat-de-petits","tag-petits"],"post_mailing_queue_ids":[],"_links":{"self":[{"href":"https:\/\/agora.xtec.cat\/escolaelsquatrevents\/wp-json\/wp\/v2\/posts\/3969","targetHints":{"allow":["GET"]}}],"collection":[{"href":"https:\/\/agora.xtec.cat\/escolaelsquatrevents\/wp-json\/wp\/v2\/posts"}],"about":[{"href":"https:\/\/agora.xtec.cat\/escolaelsquatrevents\/wp-json\/wp\/v2\/types\/post"}],"author":[{"embeddable":true,"href":"https:\/\/agora.xtec.cat\/escolaelsquatrevents\/wp-json\/wp\/v2\/users\/3"}],"replies":[{"embeddable":true,"href":"https:\/\/agora.xtec.cat\/escolaelsquatrevents\/wp-json\/wp\/v2\/comments?post=3969"}],"version-history":[{"count":3,"href":"https:\/\/agora.xtec.cat\/escolaelsquatrevents\/wp-json\/wp\/v2\/posts\/3969\/revisions"}],"predecessor-version":[{"id":3985,"href":"https:\/\/agora.xtec.cat\/escolaelsquatrevents\/wp-json\/wp\/v2\/posts\/3969\/revisions\/3985"}],"wp:featuredmedia":[{"embeddable":true,"href":"https:\/\/agora.xtec.cat\/escolaelsquatrevents\/wp-json\/wp\/v2\/media\/3981"}],"wp:attachment":[{"href":"https:\/\/agora.xtec.cat\/escolaelsquatrevents\/wp-json\/wp\/v2\/media?parent=3969"}],"wp:term":[{"taxonomy":"category","embeddable":true,"href":"https:\/\/agora.xtec.cat\/escolaelsquatrevents\/wp-json\/wp\/v2\/categories?post=3969"},{"taxonomy":"post_tag","embeddable":true,"href":"https:\/\/agora.xtec.cat\/escolaelsquatrevents\/wp-json\/wp\/v2\/tags?post=3969"}],"curies":[{"name":"wp","href":"https:\/\/api.w.org\/{rel}","templated":true}]}}