{"id":3717,"date":"2019-03-08T12:15:21","date_gmt":"2019-03-08T11:15:21","guid":{"rendered":"http:\/\/agora.xtec.cat\/escolaelsquatrevents\/?p=3717"},"modified":"2019-03-08T12:15:21","modified_gmt":"2019-03-08T11:15:21","slug":"concurs-a-la-biblioteca","status":"publish","type":"post","link":"https:\/\/agora.xtec.cat\/escolaelsquatrevents\/general\/concurs-a-la-biblioteca\/","title":{"rendered":"CONCURS A LA BIBLIOTECA"},"content":{"rendered":"<p>Hem rebut nous llibres a la biblioteca, entre ells molts llibres de la col\u00b7lecci\u00f3 de &#8220;L&#8217;Agus i els monstres&#8221;, uns llibres molt divertits i que agraden molt les seves aventures.<\/p>\n<p>Durant aquest trimestre, a m\u00e9s l&#8217;Agus fa un concurs dirigit a nens de 6 a 12 anys. Voleu participar en aquest concurs? Doncs nom\u00e9s heu de posar en marxa la vostra imaginaci\u00f3 i dibuixar un monstre ben especial!!<\/p>\n<p><a href=\"https:\/\/agora.xtec.cat\/escolaelsquatrevents\/wp-content\/uploads\/usu584\/2019\/02\/x_diari.jpg\"><img loading=\"lazy\" decoding=\"async\" class=\"aligncenter wp-image-3894 \" src=\"https:\/\/agora.xtec.cat\/escolaelsquatrevents\/wp-content\/uploads\/usu584\/2019\/02\/x_diari-300x167.jpg\" alt=\"\" width=\"376\" height=\"209\" srcset=\"https:\/\/agora.xtec.cat\/escolaelsquatrevents\/wp-content\/uploads\/usu584\/2019\/02\/x_diari-300x167.jpg 300w, https:\/\/agora.xtec.cat\/escolaelsquatrevents\/wp-content\/uploads\/usu584\/2019\/02\/x_diari-768x428.jpg 768w, https:\/\/agora.xtec.cat\/escolaelsquatrevents\/wp-content\/uploads\/usu584\/2019\/02\/x_diari-1024x570.jpg 1024w, https:\/\/agora.xtec.cat\/escolaelsquatrevents\/wp-content\/uploads\/usu584\/2019\/02\/x_diari.jpg 1600w\" sizes=\"auto, (max-width: 376px) 100vw, 376px\" \/><\/a><\/p>\n<p>Podeu venir a la biblioteca a dibuixar el vostre monstre inventat: dilluns, dimecres i divendres de 16.30h a 18h; o dibuixar-lo a casa i despr\u00e9s el porteu a la biblioteca. Hi ha un munt de premis i la possibilitat que el monstre m\u00e9s original surti publicat al proper llibre!!!<\/p>\n<p><strong>A la biblioteca trobareu els fulls on heu de dibuixar el monstre<\/strong>.<\/p>\n<p>Tots els participants rebreu un petit obsequi en el moment de presentar el vostre dibuix.<\/p>\n<p>Animeu-vos a participar !!!<\/p>\n<p>M\u00e9s informaci\u00f3 a la biblioteca i al plaf\u00f3 informatiu de l&#8217;entrada.<\/p>\n","protected":false},"excerpt":{"rendered":"<p>Hem rebut nous llibres a la biblioteca, entre ells molts llibres de la col\u00b7lecci\u00f3 de &#8220;L&#8217;Agus i els monstres&#8221;, uns llibres molt divertits i que agraden molt les seves aventures. Durant aquest trimestre, a m\u00e9s l&#8217;Agus fa un concurs dirigit a nens de 6 a 12 anys. Voleu participar en aquest concurs? Doncs nom\u00e9s heu [&hellip;]<\/p>\n","protected":false},"author":3,"featured_media":3894,"comment_status":"closed","ping_status":"closed","sticky":false,"template":"","format":"standard","meta":{"_bbp_topic_count":0,"_bbp_reply_count":0,"_bbp_total_topic_count":0,"_bbp_total_reply_count":0,"_bbp_voice_count":0,"_bbp_anonymous_reply_count":0,"_bbp_topic_count_hidden":0,"_bbp_reply_count_hidden":0,"_bbp_forum_subforum_count":0,"site-sidebar-layout":"default","site-content-layout":"","ast-site-content-layout":"","site-content-style":"default","site-sidebar-style":"default","ast-global-header-display":"","ast-banner-title-visibility":"","ast-main-header-display":"","ast-hfb-above-header-display":"","ast-hfb-below-header-display":"","ast-hfb-mobile-header-display":"","site-post-title":"","ast-breadcrumbs-content":"","ast-featured-img":"","footer-sml-layout":"","theme-transparent-header-meta":"","adv-header-id-meta":"","stick-header-meta":"","header-above-stick-meta":"","header-main-stick-meta":"","header-below-stick-meta":"","astra-migrate-meta-layouts":"default","ast-page-background-enabled":"default","ast-page-background-meta":{"desktop":{"background-color":"var(--ast-global-color-4)","background-image":"","background-repeat":"repeat","background-position":"center center","background-size":"auto","background-attachment":"scroll","background-type":"","background-media":"","overlay-type":"","overlay-color":"","overlay-opacity":"","overlay-gradient":""},"tablet":{"background-color":"","background-image":"","background-repeat":"repeat","background-position":"center center","background-size":"auto","background-attachment":"scroll","background-type":"","background-media":"","overlay-type":"","overlay-color":"","overlay-opacity":"","overlay-gradient":""},"mobile":{"background-color":"","background-image":"","background-repeat":"repeat","background-position":"center center","background-size":"auto","background-attachment":"scroll","background-type":"","background-media":"","overlay-type":"","overlay-color":"","overlay-opacity":"","overlay-gradient":""}},"ast-content-background-meta":{"desktop":{"background-color":"var(--ast-global-color-5)","background-image":"","background-repeat":"repeat","background-position":"center center","background-size":"auto","background-attachment":"scroll","background-type":"","background-media":"","overlay-type":"","overlay-color":"","overlay-opacity":"","overlay-gradient":""},"tablet":{"background-color":"var(--ast-global-color-5)","background-image":"","background-repeat":"repeat","background-position":"center center","background-size":"auto","background-attachment":"scroll","background-type":"","background-media":"","overlay-type":"","overlay-color":"","overlay-opacity":"","overlay-gradient":""},"mobile":{"background-color":"var(--ast-global-color-5)","background-image":"","background-repeat":"repeat","background-position":"center center","background-size":"auto","background-attachment":"scroll","background-type":"","background-media":"","overlay-type":"","overlay-color":"","overlay-opacity":"","overlay-gradient":""}},"footnotes":""},"categories":[1,4],"tags":[206,115,133,27],"class_list":["post-3717","post","type-post","status-publish","format-standard","has-post-thumbnail","hentry","category-general","category-portada","tag-biblioteca-escolar","tag-comunitat-de-grans","tag-comunitat-de-mitjans","tag-informacio"],"post_mailing_queue_ids":[],"_links":{"self":[{"href":"https:\/\/agora.xtec.cat\/escolaelsquatrevents\/wp-json\/wp\/v2\/posts\/3717","targetHints":{"allow":["GET"]}}],"collection":[{"href":"https:\/\/agora.xtec.cat\/escolaelsquatrevents\/wp-json\/wp\/v2\/posts"}],"about":[{"href":"https:\/\/agora.xtec.cat\/escolaelsquatrevents\/wp-json\/wp\/v2\/types\/post"}],"author":[{"embeddable":true,"href":"https:\/\/agora.xtec.cat\/escolaelsquatrevents\/wp-json\/wp\/v2\/users\/3"}],"replies":[{"embeddable":true,"href":"https:\/\/agora.xtec.cat\/escolaelsquatrevents\/wp-json\/wp\/v2\/comments?post=3717"}],"version-history":[{"count":3,"href":"https:\/\/agora.xtec.cat\/escolaelsquatrevents\/wp-json\/wp\/v2\/posts\/3717\/revisions"}],"predecessor-version":[{"id":3915,"href":"https:\/\/agora.xtec.cat\/escolaelsquatrevents\/wp-json\/wp\/v2\/posts\/3717\/revisions\/3915"}],"wp:featuredmedia":[{"embeddable":true,"href":"https:\/\/agora.xtec.cat\/escolaelsquatrevents\/wp-json\/wp\/v2\/media\/3894"}],"wp:attachment":[{"href":"https:\/\/agora.xtec.cat\/escolaelsquatrevents\/wp-json\/wp\/v2\/media?parent=3717"}],"wp:term":[{"taxonomy":"category","embeddable":true,"href":"https:\/\/agora.xtec.cat\/escolaelsquatrevents\/wp-json\/wp\/v2\/categories?post=3717"},{"taxonomy":"post_tag","embeddable":true,"href":"https:\/\/agora.xtec.cat\/escolaelsquatrevents\/wp-json\/wp\/v2\/tags?post=3717"}],"curies":[{"name":"wp","href":"https:\/\/api.w.org\/{rel}","templated":true}]}}