{"id":3666,"date":"2019-01-30T20:59:38","date_gmt":"2019-01-30T19:59:38","guid":{"rendered":"http:\/\/agora.xtec.cat\/escolaelsquatrevents\/?p=3666"},"modified":"2019-01-30T21:04:23","modified_gmt":"2019-01-30T20:04:23","slug":"dia-de-la-pau-2019","status":"publish","type":"post","link":"https:\/\/agora.xtec.cat\/escolaelsquatrevents\/general\/dia-de-la-pau-2019\/","title":{"rendered":"DIA DE LA PAU 2019"},"content":{"rendered":"<p>Ahir 30 de gener va ser el Dia Escola de la No-viol\u00e8ncia i la Pau i avui ho hem celebrat a l&#8217;escola.<\/p>\n<p>Els objectius del Dia Escolar de la No-viol\u00e8ncia i la Pau s\u00f3n:<a href=\"https:\/\/agora.xtec.cat\/escolaelsquatrevents\/wp-content\/uploads\/usu584\/2019\/01\/20190129_093333-COLLAGE.jpg\"><img loading=\"lazy\" decoding=\"async\" class=\"wp-image-3668 size-medium alignright\" src=\"https:\/\/agora.xtec.cat\/escolaelsquatrevents\/wp-content\/uploads\/usu584\/2019\/01\/20190129_093333-COLLAGE-300x225.jpg\" alt=\"\" width=\"300\" height=\"225\" srcset=\"https:\/\/agora.xtec.cat\/escolaelsquatrevents\/wp-content\/uploads\/usu584\/2019\/01\/20190129_093333-COLLAGE-300x225.jpg 300w, https:\/\/agora.xtec.cat\/escolaelsquatrevents\/wp-content\/uploads\/usu584\/2019\/01\/20190129_093333-COLLAGE-768x576.jpg 768w, https:\/\/agora.xtec.cat\/escolaelsquatrevents\/wp-content\/uploads\/usu584\/2019\/01\/20190129_093333-COLLAGE-1024x768.jpg 1024w, https:\/\/agora.xtec.cat\/escolaelsquatrevents\/wp-content\/uploads\/usu584\/2019\/01\/20190129_093333-COLLAGE-200x150.jpg 200w, https:\/\/agora.xtec.cat\/escolaelsquatrevents\/wp-content\/uploads\/usu584\/2019\/01\/20190129_093333-COLLAGE.jpg 2046w\" sizes=\"auto, (max-width: 300px) 100vw, 300px\" \/><\/a><\/p>\n<ul>\n<li>Sensibilitzar que la pau \u00e9s molt m\u00e9s que l&#8217;abs\u00e8ncia de guerres i baralles.<\/li>\n<li>Con\u00e8ixer i familiaritzar-se amb els conceptes d&#8217;amor universal, de no-viol\u00e8ncia i de pau positiva, aix\u00ed com amb els procediments de reivindicaci\u00f3 no-violenta dels drets humans.<\/li>\n<li>Con\u00e8ixer persones i\/o grups que lluiten per la pau i la just\u00edcia al m\u00f3n.<\/li>\n<li>Saber resoldre els conflictes de manera pac\u00edfica i dialogant, \u00e9s a dir, expressant les opinions de forma tranquil\u00b7la, clara i ordenada.<\/li>\n<li>Compartir una estona amb tots els alumnes i mestres amb la finalitat de celebrar la diada de la no-viol\u00e8ncia i la pau.<\/li>\n<\/ul>\n<p>Nosaltres aquest any ho hem fet de la seg\u00fcent manera:<\/p>\n<p>Dilluns i dimarts a les classes hem vist el v\u00eddeo de la &#8220;Sadako i les mil grullas de paper&#8221;, hem parlat i reflexionat sobre el v\u00eddeo. Us deixem l&#8217;enlla\u00e7 al v\u00eddeo per si el voleu mirar:<\/p>\n<p><a href=\"https:\/\/www.youtube.com\/watch?v=7HaZeUQQzrw\">Sadako &amp; las Mil Grullas de Papel<\/a><\/p>\n<p>Avui a primera hora hem fet tallers. Els alumnes de la comunitat de grans han ajudat als petits, i els mitjans s&#8217;han barrejats entre ells, han fet un ocell de paper, s\u00edmbol de la pau, per parelles i a cada ocell han posat el nom de cadascun. A m\u00e9s cada classe ha preparat la silueta d&#8217;un ocell en goma eva amb els noms de tots.<\/p>\n<p>En acabar hem fet un esmorzar conjunt, i despr\u00e9s del pati hem fet la celebraci\u00f3 de l&#8217;acte per la Pau amb la plantada d&#8217;un &#8220;ginkgo biloba&#8221;, arbre de la pau. Els alumnes de 6\u00e8 han llegit un manifest\u00a0 i hem escoltat una can\u00e7\u00f3. Per finalitzar en penjat els nostres ocells de paper.<\/p>\n<p>Us deixem unes imatges perqu\u00e8 pugueu veure tot el que hem fet.<\/p>\n<p><a href=\"https:\/\/photos.app.goo.gl\/DmxvVh8svbmWL5QP9\">Dia de la Pau 2019<\/a><\/p>\n<p>Aqu\u00ed teniu tamb\u00e9 la can\u00e7\u00f3 que hem escoltat:<\/p>\n<p><a href=\"https:\/\/www.youtube.com\/watch?v=-ISx80tGzgg\">D\u00e0maris Gelabert &amp; Convidats &#8211; La festa de la pau (Videoclip Oficial)<\/a><\/p>\n<p><em>Aquesta can\u00e7\u00f3 de la Damaris, en col.laboraci\u00f3 amb artistes reconeguts \u00e9s un projecte a benefici de Metges sense Fronteres.<\/em><\/p>\n","protected":false},"excerpt":{"rendered":"<p>Ahir 30 de gener va ser el Dia Escola de la No-viol\u00e8ncia i la Pau i avui ho hem celebrat a l&#8217;escola. Els objectius del Dia Escolar de la No-viol\u00e8ncia i la Pau s\u00f3n: Sensibilitzar que la pau \u00e9s molt m\u00e9s que l&#8217;abs\u00e8ncia de guerres i baralles. Con\u00e8ixer i familiaritzar-se amb els conceptes d&#8217;amor universal, [&hellip;]<\/p>\n","protected":false},"author":4,"featured_media":3668,"comment_status":"closed","ping_status":"closed","sticky":false,"template":"","format":"standard","meta":{"_bbp_topic_count":0,"_bbp_reply_count":0,"_bbp_total_topic_count":0,"_bbp_total_reply_count":0,"_bbp_voice_count":0,"_bbp_anonymous_reply_count":0,"_bbp_topic_count_hidden":0,"_bbp_reply_count_hidden":0,"_bbp_forum_subforum_count":0,"site-sidebar-layout":"default","site-content-layout":"","ast-site-content-layout":"","site-content-style":"default","site-sidebar-style":"default","ast-global-header-display":"","ast-banner-title-visibility":"","ast-main-header-display":"","ast-hfb-above-header-display":"","ast-hfb-below-header-display":"","ast-hfb-mobile-header-display":"","site-post-title":"","ast-breadcrumbs-content":"","ast-featured-img":"","footer-sml-layout":"","theme-transparent-header-meta":"","adv-header-id-meta":"","stick-header-meta":"","header-above-stick-meta":"","header-main-stick-meta":"","header-below-stick-meta":"","astra-migrate-meta-layouts":"default","ast-page-background-enabled":"default","ast-page-background-meta":{"desktop":{"background-color":"var(--ast-global-color-4)","background-image":"","background-repeat":"repeat","background-position":"center center","background-size":"auto","background-attachment":"scroll","background-type":"","background-media":"","overlay-type":"","overlay-color":"","overlay-opacity":"","overlay-gradient":""},"tablet":{"background-color":"","background-image":"","background-repeat":"repeat","background-position":"center center","background-size":"auto","background-attachment":"scroll","background-type":"","background-media":"","overlay-type":"","overlay-color":"","overlay-opacity":"","overlay-gradient":""},"mobile":{"background-color":"","background-image":"","background-repeat":"repeat","background-position":"center center","background-size":"auto","background-attachment":"scroll","background-type":"","background-media":"","overlay-type":"","overlay-color":"","overlay-opacity":"","overlay-gradient":""}},"ast-content-background-meta":{"desktop":{"background-color":"var(--ast-global-color-5)","background-image":"","background-repeat":"repeat","background-position":"center center","background-size":"auto","background-attachment":"scroll","background-type":"","background-media":"","overlay-type":"","overlay-color":"","overlay-opacity":"","overlay-gradient":""},"tablet":{"background-color":"var(--ast-global-color-5)","background-image":"","background-repeat":"repeat","background-position":"center center","background-size":"auto","background-attachment":"scroll","background-type":"","background-media":"","overlay-type":"","overlay-color":"","overlay-opacity":"","overlay-gradient":""},"mobile":{"background-color":"var(--ast-global-color-5)","background-image":"","background-repeat":"repeat","background-position":"center center","background-size":"auto","background-attachment":"scroll","background-type":"","background-media":"","overlay-type":"","overlay-color":"","overlay-opacity":"","overlay-gradient":""}},"footnotes":""},"categories":[8,3,22,1,4],"tags":[33,202,26],"class_list":["post-3666","post","type-post","status-publish","format-standard","has-post-thumbnail","hentry","category-grans","category-mitjans","category-petits","category-general","category-portada","tag-activitats-generals","tag-dia-de-la-pau","tag-festes"],"post_mailing_queue_ids":[],"_links":{"self":[{"href":"https:\/\/agora.xtec.cat\/escolaelsquatrevents\/wp-json\/wp\/v2\/posts\/3666","targetHints":{"allow":["GET"]}}],"collection":[{"href":"https:\/\/agora.xtec.cat\/escolaelsquatrevents\/wp-json\/wp\/v2\/posts"}],"about":[{"href":"https:\/\/agora.xtec.cat\/escolaelsquatrevents\/wp-json\/wp\/v2\/types\/post"}],"author":[{"embeddable":true,"href":"https:\/\/agora.xtec.cat\/escolaelsquatrevents\/wp-json\/wp\/v2\/users\/4"}],"replies":[{"embeddable":true,"href":"https:\/\/agora.xtec.cat\/escolaelsquatrevents\/wp-json\/wp\/v2\/comments?post=3666"}],"version-history":[{"count":3,"href":"https:\/\/agora.xtec.cat\/escolaelsquatrevents\/wp-json\/wp\/v2\/posts\/3666\/revisions"}],"predecessor-version":[{"id":3685,"href":"https:\/\/agora.xtec.cat\/escolaelsquatrevents\/wp-json\/wp\/v2\/posts\/3666\/revisions\/3685"}],"wp:featuredmedia":[{"embeddable":true,"href":"https:\/\/agora.xtec.cat\/escolaelsquatrevents\/wp-json\/wp\/v2\/media\/3668"}],"wp:attachment":[{"href":"https:\/\/agora.xtec.cat\/escolaelsquatrevents\/wp-json\/wp\/v2\/media?parent=3666"}],"wp:term":[{"taxonomy":"category","embeddable":true,"href":"https:\/\/agora.xtec.cat\/escolaelsquatrevents\/wp-json\/wp\/v2\/categories?post=3666"},{"taxonomy":"post_tag","embeddable":true,"href":"https:\/\/agora.xtec.cat\/escolaelsquatrevents\/wp-json\/wp\/v2\/tags?post=3666"}],"curies":[{"name":"wp","href":"https:\/\/api.w.org\/{rel}","templated":true}]}}