{"id":3511,"date":"2018-12-11T16:16:51","date_gmt":"2018-12-11T15:16:51","guid":{"rendered":"http:\/\/agora.xtec.cat\/escolaelsquatrevents\/?p=3511"},"modified":"2018-12-12T11:07:02","modified_gmt":"2018-12-12T10:07:02","slug":"fem-teatre-a-p5","status":"publish","type":"post","link":"https:\/\/agora.xtec.cat\/escolaelsquatrevents\/general\/fem-teatre-a-p5\/","title":{"rendered":"Fem teatre a P5!"},"content":{"rendered":"<p><a href=\"https:\/\/agora.xtec.cat\/escolaelsquatrevents\/wp-content\/uploads\/usu584\/2018\/12\/IMG_20181106_124056.jpg\"><img loading=\"lazy\" decoding=\"async\" class=\"size-medium wp-image-3513\" src=\"https:\/\/agora.xtec.cat\/escolaelsquatrevents\/wp-content\/uploads\/usu584\/2018\/12\/IMG_20181106_124056-300x169.jpg\" alt=\"\" width=\"300\" height=\"169\" srcset=\"https:\/\/agora.xtec.cat\/escolaelsquatrevents\/wp-content\/uploads\/usu584\/2018\/12\/IMG_20181106_124056-300x169.jpg 300w, https:\/\/agora.xtec.cat\/escolaelsquatrevents\/wp-content\/uploads\/usu584\/2018\/12\/IMG_20181106_124056-768x434.jpg 768w, https:\/\/agora.xtec.cat\/escolaelsquatrevents\/wp-content\/uploads\/usu584\/2018\/12\/IMG_20181106_124056-1024x578.jpg 1024w\" sizes=\"auto, (max-width: 300px) 100vw, 300px\" \/><\/a><\/p>\n<p>Extra extra! Els nens i nenes de P5 faran una <strong>obra de teatre a Cal Palots!<\/strong> Atenci\u00f3 prepareu-vos per l&#8217;estrena mundial!<\/p>\n<p>Si senyors i senyores aquest any pels voltants de Sant Jordi els infants de P5 estrenaran obra. Al llarg de tot el curs tenen una hora de teatre a la setmana on treballen la veu, el cos, el vestuari, l&#8217;escenari i la resta d&#8217;elements que el teatre ens ofereix per fer. Aquesta hora els serveix per treballar la vergonya, la mem\u00f2ria, la creativitat , l&#8217;atenci\u00f3 i molt\u00edssimes altres coses que complementen els seus aprenentatges escolars. Tenim uns actors i actrius de P5\u00a0 a l&#8217;escola dignes de goyas i oscars de ben segur! Mireu quins dibuixos m\u00e9s genials van fer quan els vam demanar quin personatge de ficci\u00f3 volien ser!<\/p>\n","protected":false},"excerpt":{"rendered":"<p>Extra extra! Els nens i nenes de P5 faran una obra de teatre a Cal Palots! Atenci\u00f3 prepareu-vos per l&#8217;estrena mundial! Si senyors i senyores aquest any pels voltants de Sant Jordi els infants de P5 estrenaran obra. Al llarg de tot el curs tenen una hora de teatre a la setmana on treballen la [&hellip;]<\/p>\n","protected":false},"author":3,"featured_media":0,"comment_status":"open","ping_status":"closed","sticky":false,"template":"","format":"standard","meta":{"_bbp_topic_count":0,"_bbp_reply_count":0,"_bbp_total_topic_count":0,"_bbp_total_reply_count":0,"_bbp_voice_count":0,"_bbp_anonymous_reply_count":0,"_bbp_topic_count_hidden":0,"_bbp_reply_count_hidden":0,"_bbp_forum_subforum_count":0,"site-sidebar-layout":"default","site-content-layout":"","ast-site-content-layout":"","site-content-style":"default","site-sidebar-style":"default","ast-global-header-display":"","ast-banner-title-visibility":"","ast-main-header-display":"","ast-hfb-above-header-display":"","ast-hfb-below-header-display":"","ast-hfb-mobile-header-display":"","site-post-title":"","ast-breadcrumbs-content":"","ast-featured-img":"","footer-sml-layout":"","theme-transparent-header-meta":"","adv-header-id-meta":"","stick-header-meta":"","header-above-stick-meta":"","header-main-stick-meta":"","header-below-stick-meta":"","astra-migrate-meta-layouts":"default","ast-page-background-enabled":"default","ast-page-background-meta":{"desktop":{"background-color":"var(--ast-global-color-4)","background-image":"","background-repeat":"repeat","background-position":"center center","background-size":"auto","background-attachment":"scroll","background-type":"","background-media":"","overlay-type":"","overlay-color":"","overlay-opacity":"","overlay-gradient":""},"tablet":{"background-color":"","background-image":"","background-repeat":"repeat","background-position":"center center","background-size":"auto","background-attachment":"scroll","background-type":"","background-media":"","overlay-type":"","overlay-color":"","overlay-opacity":"","overlay-gradient":""},"mobile":{"background-color":"","background-image":"","background-repeat":"repeat","background-position":"center center","background-size":"auto","background-attachment":"scroll","background-type":"","background-media":"","overlay-type":"","overlay-color":"","overlay-opacity":"","overlay-gradient":""}},"ast-content-background-meta":{"desktop":{"background-color":"var(--ast-global-color-5)","background-image":"","background-repeat":"repeat","background-position":"center center","background-size":"auto","background-attachment":"scroll","background-type":"","background-media":"","overlay-type":"","overlay-color":"","overlay-opacity":"","overlay-gradient":""},"tablet":{"background-color":"var(--ast-global-color-5)","background-image":"","background-repeat":"repeat","background-position":"center center","background-size":"auto","background-attachment":"scroll","background-type":"","background-media":"","overlay-type":"","overlay-color":"","overlay-opacity":"","overlay-gradient":""},"mobile":{"background-color":"var(--ast-global-color-5)","background-image":"","background-repeat":"repeat","background-position":"center center","background-size":"auto","background-attachment":"scroll","background-type":"","background-media":"","overlay-type":"","overlay-color":"","overlay-opacity":"","overlay-gradient":""}},"footnotes":""},"categories":[22,1,4],"tags":[131,56,98],"class_list":["post-3511","post","type-post","status-publish","format-standard","hentry","category-petits","category-general","category-portada","tag-comunitat-de-petits","tag-p5","tag-teatre"],"post_mailing_queue_ids":[],"_links":{"self":[{"href":"https:\/\/agora.xtec.cat\/escolaelsquatrevents\/wp-json\/wp\/v2\/posts\/3511","targetHints":{"allow":["GET"]}}],"collection":[{"href":"https:\/\/agora.xtec.cat\/escolaelsquatrevents\/wp-json\/wp\/v2\/posts"}],"about":[{"href":"https:\/\/agora.xtec.cat\/escolaelsquatrevents\/wp-json\/wp\/v2\/types\/post"}],"author":[{"embeddable":true,"href":"https:\/\/agora.xtec.cat\/escolaelsquatrevents\/wp-json\/wp\/v2\/users\/3"}],"replies":[{"embeddable":true,"href":"https:\/\/agora.xtec.cat\/escolaelsquatrevents\/wp-json\/wp\/v2\/comments?post=3511"}],"version-history":[{"count":3,"href":"https:\/\/agora.xtec.cat\/escolaelsquatrevents\/wp-json\/wp\/v2\/posts\/3511\/revisions"}],"predecessor-version":[{"id":3519,"href":"https:\/\/agora.xtec.cat\/escolaelsquatrevents\/wp-json\/wp\/v2\/posts\/3511\/revisions\/3519"}],"wp:attachment":[{"href":"https:\/\/agora.xtec.cat\/escolaelsquatrevents\/wp-json\/wp\/v2\/media?parent=3511"}],"wp:term":[{"taxonomy":"category","embeddable":true,"href":"https:\/\/agora.xtec.cat\/escolaelsquatrevents\/wp-json\/wp\/v2\/categories?post=3511"},{"taxonomy":"post_tag","embeddable":true,"href":"https:\/\/agora.xtec.cat\/escolaelsquatrevents\/wp-json\/wp\/v2\/tags?post=3511"}],"curies":[{"name":"wp","href":"https:\/\/api.w.org\/{rel}","templated":true}]}}