{"id":3419,"date":"2018-11-22T23:44:15","date_gmt":"2018-11-22T22:44:15","guid":{"rendered":"http:\/\/agora.xtec.cat\/escolaelsquatrevents\/?p=3419"},"modified":"2018-11-22T23:44:15","modified_gmt":"2018-11-22T22:44:15","slug":"santa-cecilia-2018","status":"publish","type":"post","link":"https:\/\/agora.xtec.cat\/escolaelsquatrevents\/general\/santa-cecilia-2018\/","title":{"rendered":"Santa Cec\u00edlia 2018"},"content":{"rendered":"<p>Un curs m\u00e9s a l\u2019escola Els Quatre Vents hem volgut celebrar el dia de la m\u00fasica: Santa Cec\u00edlia.<\/p>\n<p>Ahir va venir la coral Rosa de Bardissa a fer un concert als m\u00e9s petits, i aquest mat\u00ed els alumnes d\u2019educaci\u00f3 prim\u00e0ria han gaudit d\u2019una petita proposta musical organitzada per l\u2019ajuntament de Canovelles al teatre de Can Palots.<\/p>\n<p>A la tarda la 4Winds Band ha vingut de mar endins plena de pirates per fer-nos ballar i gaudir de la m\u00fasica com mai. Tots ens hem convertit, per moments, en petits grumets per saltar i ballar. Quina gran emoci\u00f3!!!<\/p>\n<p>&nbsp;<\/p>\n<p><img loading=\"lazy\" decoding=\"async\" class=\"size-large wp-image-3420 alignleft\" src=\"https:\/\/agora.xtec.cat\/escolaelsquatrevents\/wp-content\/uploads\/usu584\/2018\/11\/11E318C7-E341-48CF-920A-C5A784A826FE-1024x768.jpeg\" alt=\"\" width=\"1024\" height=\"768\" srcset=\"https:\/\/agora.xtec.cat\/escolaelsquatrevents\/wp-content\/uploads\/usu584\/2018\/11\/11E318C7-E341-48CF-920A-C5A784A826FE-1024x768.jpeg 1024w, https:\/\/agora.xtec.cat\/escolaelsquatrevents\/wp-content\/uploads\/usu584\/2018\/11\/11E318C7-E341-48CF-920A-C5A784A826FE-300x225.jpeg 300w, https:\/\/agora.xtec.cat\/escolaelsquatrevents\/wp-content\/uploads\/usu584\/2018\/11\/11E318C7-E341-48CF-920A-C5A784A826FE-768x576.jpeg 768w, https:\/\/agora.xtec.cat\/escolaelsquatrevents\/wp-content\/uploads\/usu584\/2018\/11\/11E318C7-E341-48CF-920A-C5A784A826FE-200x150.jpeg 200w, https:\/\/agora.xtec.cat\/escolaelsquatrevents\/wp-content\/uploads\/usu584\/2018\/11\/11E318C7-E341-48CF-920A-C5A784A826FE.jpeg 1440w\" sizes=\"auto, (max-width: 1024px) 100vw, 1024px\" \/><\/p>\n<p>Finalment els alumnes de 2n ens han delaitat amb les gitanes i danses tradicionals que no ens van poder oferir per la castanyada degut a la pluja. Han fet el galop d\u2019entrada, el ball de Sant Ferriol, el Patatuf i la Catxutxa genial!!!<\/p>\n<p><a href=\"https:\/\/agora.xtec.cat\/escolaelsquatrevents\/wp-content\/uploads\/usu584\/2018\/11\/DSC06851-COLLAGE.jpg\"><img loading=\"lazy\" decoding=\"async\" class=\"aligncenter wp-image-3429 size-large\" src=\"https:\/\/agora.xtec.cat\/escolaelsquatrevents\/wp-content\/uploads\/usu584\/2018\/11\/DSC06851-COLLAGE-1024x1024.jpg\" alt=\"\" width=\"1024\" height=\"1024\" srcset=\"https:\/\/agora.xtec.cat\/escolaelsquatrevents\/wp-content\/uploads\/usu584\/2018\/11\/DSC06851-COLLAGE-1024x1024.jpg 1024w, https:\/\/agora.xtec.cat\/escolaelsquatrevents\/wp-content\/uploads\/usu584\/2018\/11\/DSC06851-COLLAGE-150x150.jpg 150w, https:\/\/agora.xtec.cat\/escolaelsquatrevents\/wp-content\/uploads\/usu584\/2018\/11\/DSC06851-COLLAGE-300x300.jpg 300w, https:\/\/agora.xtec.cat\/escolaelsquatrevents\/wp-content\/uploads\/usu584\/2018\/11\/DSC06851-COLLAGE-768x768.jpg 768w, https:\/\/agora.xtec.cat\/escolaelsquatrevents\/wp-content\/uploads\/usu584\/2018\/11\/DSC06851-COLLAGE.jpg 2047w\" sizes=\"auto, (max-width: 1024px) 100vw, 1024px\" \/><\/a><\/p>\n<p>Podeu veure totes les imatges aqu\u00ed:\u00a0<a href=\"https:\/\/photos.app.goo.gl\/k2vksDtd9WRM1QXp7\" target=\"_blank\" rel=\"noopener\">Santa Cec\u00edlia 2018<\/a><\/p>\n<p>Volem agrair la comissi\u00f3 de comunicaci\u00f3 que est\u00e0 formada per unes mares molt predisposades a enregistrar en primer pla aquests moments tan emotius i que tots i totes volem recordar. Aix\u00ed podem reviure amb els nostres nens i nenes aquests moments. Gr\u00e0cies per la gran feina que feu amb les fotos i v\u00eddeos!<\/p>\n<p>&nbsp;<\/p>\n","protected":false},"excerpt":{"rendered":"<p>Un curs m\u00e9s a l\u2019escola Els Quatre Vents hem volgut celebrar el dia de la m\u00fasica: Santa Cec\u00edlia. Ahir va venir la coral Rosa de Bardissa a fer un concert als m\u00e9s petits, i aquest mat\u00ed els alumnes d\u2019educaci\u00f3 prim\u00e0ria han gaudit d\u2019una petita proposta musical organitzada per l\u2019ajuntament de Canovelles al teatre de Can [&hellip;]<\/p>\n","protected":false},"author":1,"featured_media":3420,"comment_status":"closed","ping_status":"closed","sticky":false,"template":"","format":"standard","meta":{"_bbp_topic_count":0,"_bbp_reply_count":0,"_bbp_total_topic_count":0,"_bbp_total_reply_count":0,"_bbp_voice_count":0,"_bbp_anonymous_reply_count":0,"_bbp_topic_count_hidden":0,"_bbp_reply_count_hidden":0,"_bbp_forum_subforum_count":0,"site-sidebar-layout":"default","site-content-layout":"","ast-site-content-layout":"","site-content-style":"default","site-sidebar-style":"default","ast-global-header-display":"","ast-banner-title-visibility":"","ast-main-header-display":"","ast-hfb-above-header-display":"","ast-hfb-below-header-display":"","ast-hfb-mobile-header-display":"","site-post-title":"","ast-breadcrumbs-content":"","ast-featured-img":"","footer-sml-layout":"","theme-transparent-header-meta":"","adv-header-id-meta":"","stick-header-meta":"","header-above-stick-meta":"","header-main-stick-meta":"","header-below-stick-meta":"","astra-migrate-meta-layouts":"default","ast-page-background-enabled":"default","ast-page-background-meta":{"desktop":{"background-color":"var(--ast-global-color-4)","background-image":"","background-repeat":"repeat","background-position":"center center","background-size":"auto","background-attachment":"scroll","background-type":"","background-media":"","overlay-type":"","overlay-color":"","overlay-opacity":"","overlay-gradient":""},"tablet":{"background-color":"","background-image":"","background-repeat":"repeat","background-position":"center center","background-size":"auto","background-attachment":"scroll","background-type":"","background-media":"","overlay-type":"","overlay-color":"","overlay-opacity":"","overlay-gradient":""},"mobile":{"background-color":"","background-image":"","background-repeat":"repeat","background-position":"center center","background-size":"auto","background-attachment":"scroll","background-type":"","background-media":"","overlay-type":"","overlay-color":"","overlay-opacity":"","overlay-gradient":""}},"ast-content-background-meta":{"desktop":{"background-color":"var(--ast-global-color-5)","background-image":"","background-repeat":"repeat","background-position":"center center","background-size":"auto","background-attachment":"scroll","background-type":"","background-media":"","overlay-type":"","overlay-color":"","overlay-opacity":"","overlay-gradient":""},"tablet":{"background-color":"var(--ast-global-color-5)","background-image":"","background-repeat":"repeat","background-position":"center center","background-size":"auto","background-attachment":"scroll","background-type":"","background-media":"","overlay-type":"","overlay-color":"","overlay-opacity":"","overlay-gradient":""},"mobile":{"background-color":"var(--ast-global-color-5)","background-image":"","background-repeat":"repeat","background-position":"center center","background-size":"auto","background-attachment":"scroll","background-type":"","background-media":"","overlay-type":"","overlay-color":"","overlay-opacity":"","overlay-gradient":""}},"footnotes":""},"categories":[1,4],"tags":[87,18,26,55,146],"class_list":["post-3419","post","type-post","status-publish","format-standard","has-post-thumbnail","hentry","category-general","category-portada","tag-2n","tag-act-classe","tag-festes","tag-musica","tag-santa-cecilia"],"post_mailing_queue_ids":[],"_links":{"self":[{"href":"https:\/\/agora.xtec.cat\/escolaelsquatrevents\/wp-json\/wp\/v2\/posts\/3419","targetHints":{"allow":["GET"]}}],"collection":[{"href":"https:\/\/agora.xtec.cat\/escolaelsquatrevents\/wp-json\/wp\/v2\/posts"}],"about":[{"href":"https:\/\/agora.xtec.cat\/escolaelsquatrevents\/wp-json\/wp\/v2\/types\/post"}],"author":[{"embeddable":true,"href":"https:\/\/agora.xtec.cat\/escolaelsquatrevents\/wp-json\/wp\/v2\/users\/1"}],"replies":[{"embeddable":true,"href":"https:\/\/agora.xtec.cat\/escolaelsquatrevents\/wp-json\/wp\/v2\/comments?post=3419"}],"version-history":[{"count":3,"href":"https:\/\/agora.xtec.cat\/escolaelsquatrevents\/wp-json\/wp\/v2\/posts\/3419\/revisions"}],"predecessor-version":[{"id":3430,"href":"https:\/\/agora.xtec.cat\/escolaelsquatrevents\/wp-json\/wp\/v2\/posts\/3419\/revisions\/3430"}],"wp:featuredmedia":[{"embeddable":true,"href":"https:\/\/agora.xtec.cat\/escolaelsquatrevents\/wp-json\/wp\/v2\/media\/3420"}],"wp:attachment":[{"href":"https:\/\/agora.xtec.cat\/escolaelsquatrevents\/wp-json\/wp\/v2\/media?parent=3419"}],"wp:term":[{"taxonomy":"category","embeddable":true,"href":"https:\/\/agora.xtec.cat\/escolaelsquatrevents\/wp-json\/wp\/v2\/categories?post=3419"},{"taxonomy":"post_tag","embeddable":true,"href":"https:\/\/agora.xtec.cat\/escolaelsquatrevents\/wp-json\/wp\/v2\/tags?post=3419"}],"curies":[{"name":"wp","href":"https:\/\/api.w.org\/{rel}","templated":true}]}}