{"id":3311,"date":"2018-11-05T22:31:47","date_gmt":"2018-11-05T21:31:47","guid":{"rendered":"http:\/\/agora.xtec.cat\/escolaelsquatrevents\/?p=3311"},"modified":"2018-11-05T22:31:47","modified_gmt":"2018-11-05T21:31:47","slug":"lafa-comenca-a-preparar-se-per-la-rua-de-carnaval","status":"publish","type":"post","link":"https:\/\/agora.xtec.cat\/escolaelsquatrevents\/general\/lafa-comenca-a-preparar-se-per-la-rua-de-carnaval\/","title":{"rendered":"L&#8217;AFA comen\u00e7a a preparar-se per la rua de carnaval"},"content":{"rendered":"<div id=\"post-body-5389465710606946999\" class=\"post-body entry-content\">L&#8217;AFA us convida a la primera reuni\u00f3 per comen\u00e7ar a preparar la rua de carnaval!<\/div>\n<div><\/div>\n<div class=\"post-body entry-content\">Ser\u00e0 el proper divendres 9 de novembre a les 15.15h a la sala de la comunitat.<\/p>\n<p>Entre tots triareu la disfressa d&#8217;enguany! Porteu idees!!<\/p><\/div>\n<div><\/div>\n<div>Si us agrada la gresca i la xerinola no podeu faltar!!<\/div>\n<div><\/div>\n<div class=\"post-body entry-content\">Si no podeu venir a la reuni\u00f3, per\u00f2 voleu participar, feu arribar les vostres propostes al mail: afa4vents@gmail.com i si poses el teu n\u00famero de tel\u00e8fon t&#8217;afegiran al grup de whatsapp.<\/p>\n<p>Aquest any la rua ser\u00e0 el dissabte 2 de mar\u00e7.<\/p>\n<p><a href=\"https:\/\/agora.xtec.cat\/escolaelsquatrevents\/wp-content\/uploads\/usu584\/2018\/11\/2018-11-05_20h03_05.png\"><img loading=\"lazy\" decoding=\"async\" class=\"aligncenter size-full wp-image-3312\" src=\"https:\/\/agora.xtec.cat\/escolaelsquatrevents\/wp-content\/uploads\/usu584\/2018\/11\/2018-11-05_20h03_05.png\" alt=\"\" width=\"880\" height=\"598\" srcset=\"https:\/\/agora.xtec.cat\/escolaelsquatrevents\/wp-content\/uploads\/usu584\/2018\/11\/2018-11-05_20h03_05.png 880w, https:\/\/agora.xtec.cat\/escolaelsquatrevents\/wp-content\/uploads\/usu584\/2018\/11\/2018-11-05_20h03_05-300x204.png 300w, https:\/\/agora.xtec.cat\/escolaelsquatrevents\/wp-content\/uploads\/usu584\/2018\/11\/2018-11-05_20h03_05-768x522.png 768w\" sizes=\"auto, (max-width: 880px) 100vw, 880px\" \/><\/a><\/div>\n<div><a href=\"https:\/\/afa4vents.blogspot.com\/\">https:\/\/afa4vents.blogspot.com\/<\/a><\/div>\n","protected":false},"excerpt":{"rendered":"<p>L&#8217;AFA us convida a la primera reuni\u00f3 per comen\u00e7ar a preparar la rua de carnaval! Ser\u00e0 el proper divendres 9 de novembre a les 15.15h a la sala de la comunitat. Entre tots triareu la disfressa d&#8217;enguany! Porteu idees!! Si us agrada la gresca i la xerinola no podeu faltar!! Si no podeu venir a [&hellip;]<\/p>\n","protected":false},"author":4,"featured_media":3312,"comment_status":"closed","ping_status":"closed","sticky":false,"template":"","format":"standard","meta":{"_bbp_topic_count":0,"_bbp_reply_count":0,"_bbp_total_topic_count":0,"_bbp_total_reply_count":0,"_bbp_voice_count":0,"_bbp_anonymous_reply_count":0,"_bbp_topic_count_hidden":0,"_bbp_reply_count_hidden":0,"_bbp_forum_subforum_count":0,"site-sidebar-layout":"default","site-content-layout":"","ast-site-content-layout":"","site-content-style":"default","site-sidebar-style":"default","ast-global-header-display":"","ast-banner-title-visibility":"","ast-main-header-display":"","ast-hfb-above-header-display":"","ast-hfb-below-header-display":"","ast-hfb-mobile-header-display":"","site-post-title":"","ast-breadcrumbs-content":"","ast-featured-img":"","footer-sml-layout":"","theme-transparent-header-meta":"","adv-header-id-meta":"","stick-header-meta":"","header-above-stick-meta":"","header-main-stick-meta":"","header-below-stick-meta":"","astra-migrate-meta-layouts":"default","ast-page-background-enabled":"default","ast-page-background-meta":{"desktop":{"background-color":"var(--ast-global-color-4)","background-image":"","background-repeat":"repeat","background-position":"center center","background-size":"auto","background-attachment":"scroll","background-type":"","background-media":"","overlay-type":"","overlay-color":"","overlay-opacity":"","overlay-gradient":""},"tablet":{"background-color":"","background-image":"","background-repeat":"repeat","background-position":"center center","background-size":"auto","background-attachment":"scroll","background-type":"","background-media":"","overlay-type":"","overlay-color":"","overlay-opacity":"","overlay-gradient":""},"mobile":{"background-color":"","background-image":"","background-repeat":"repeat","background-position":"center center","background-size":"auto","background-attachment":"scroll","background-type":"","background-media":"","overlay-type":"","overlay-color":"","overlay-opacity":"","overlay-gradient":""}},"ast-content-background-meta":{"desktop":{"background-color":"var(--ast-global-color-5)","background-image":"","background-repeat":"repeat","background-position":"center center","background-size":"auto","background-attachment":"scroll","background-type":"","background-media":"","overlay-type":"","overlay-color":"","overlay-opacity":"","overlay-gradient":""},"tablet":{"background-color":"var(--ast-global-color-5)","background-image":"","background-repeat":"repeat","background-position":"center center","background-size":"auto","background-attachment":"scroll","background-type":"","background-media":"","overlay-type":"","overlay-color":"","overlay-opacity":"","overlay-gradient":""},"mobile":{"background-color":"var(--ast-global-color-5)","background-image":"","background-repeat":"repeat","background-position":"center center","background-size":"auto","background-attachment":"scroll","background-type":"","background-media":"","overlay-type":"","overlay-color":"","overlay-opacity":"","overlay-gradient":""}},"footnotes":""},"categories":[1,4],"tags":[34,74,184],"class_list":["post-3311","post","type-post","status-publish","format-standard","has-post-thumbnail","hentry","category-general","category-portada","tag-ampa-afa","tag-carnestoltes","tag-carnval"],"post_mailing_queue_ids":[],"_links":{"self":[{"href":"https:\/\/agora.xtec.cat\/escolaelsquatrevents\/wp-json\/wp\/v2\/posts\/3311","targetHints":{"allow":["GET"]}}],"collection":[{"href":"https:\/\/agora.xtec.cat\/escolaelsquatrevents\/wp-json\/wp\/v2\/posts"}],"about":[{"href":"https:\/\/agora.xtec.cat\/escolaelsquatrevents\/wp-json\/wp\/v2\/types\/post"}],"author":[{"embeddable":true,"href":"https:\/\/agora.xtec.cat\/escolaelsquatrevents\/wp-json\/wp\/v2\/users\/4"}],"replies":[{"embeddable":true,"href":"https:\/\/agora.xtec.cat\/escolaelsquatrevents\/wp-json\/wp\/v2\/comments?post=3311"}],"version-history":[{"count":2,"href":"https:\/\/agora.xtec.cat\/escolaelsquatrevents\/wp-json\/wp\/v2\/posts\/3311\/revisions"}],"predecessor-version":[{"id":3314,"href":"https:\/\/agora.xtec.cat\/escolaelsquatrevents\/wp-json\/wp\/v2\/posts\/3311\/revisions\/3314"}],"wp:featuredmedia":[{"embeddable":true,"href":"https:\/\/agora.xtec.cat\/escolaelsquatrevents\/wp-json\/wp\/v2\/media\/3312"}],"wp:attachment":[{"href":"https:\/\/agora.xtec.cat\/escolaelsquatrevents\/wp-json\/wp\/v2\/media?parent=3311"}],"wp:term":[{"taxonomy":"category","embeddable":true,"href":"https:\/\/agora.xtec.cat\/escolaelsquatrevents\/wp-json\/wp\/v2\/categories?post=3311"},{"taxonomy":"post_tag","embeddable":true,"href":"https:\/\/agora.xtec.cat\/escolaelsquatrevents\/wp-json\/wp\/v2\/tags?post=3311"}],"curies":[{"name":"wp","href":"https:\/\/api.w.org\/{rel}","templated":true}]}}