{"id":3299,"date":"2018-11-05T10:01:25","date_gmt":"2018-11-05T09:01:25","guid":{"rendered":"http:\/\/agora.xtec.cat\/escolaelsquatrevents\/?p=3299"},"modified":"2018-11-05T10:01:25","modified_gmt":"2018-11-05T09:01:25","slug":"eleccions-al-consell-escolar-del-centre","status":"publish","type":"post","link":"https:\/\/agora.xtec.cat\/escolaelsquatrevents\/general\/eleccions-al-consell-escolar-del-centre\/","title":{"rendered":"Eleccions al Consell Escolar del centre"},"content":{"rendered":"<p>&nbsp;<\/p>\n<h4 data-originalfontsize=\"1.18em\" data-originalcomputedfontsize=\"15.34000015258789\">Benvolgudes fam\u00edlies,<\/h4>\n<p data-removefontsize=\"true\" data-originalcomputedfontsize=\"13\">Avui dia 5 de novembre comen\u00e7a el proc\u00e9s de les eleccions per renovar els sectors del consell escolar del nostre centre.<\/p>\n<p data-removefontsize=\"true\" data-originalcomputedfontsize=\"13\">Us animem a participar. M\u00e9s abaix teniu el calendari de tot el proc\u00e9s:<\/p>\n<h4 data-originalfontsize=\"1.18em\" data-originalcomputedfontsize=\"15.34000015258789\"><span style=\"color: #0000ff;\">Qui forma el consell escolar?<\/span><\/h4>\n<p data-removefontsize=\"true\" data-originalcomputedfontsize=\"11.199999809265137\"><span style=\"color: #0000ff;\">El formen els representants de tota la comunitat educativa, \u00e9s a dir, direcci\u00f3, professors, alumnes, fam\u00edlies, personal d&#8217;administraci\u00f3 i serveis, representant de l&#8217;administraci\u00f3 local i altres persones que el mateix consell consideri necess\u00e0ries.<\/span><\/p>\n<h4 data-originalfontsize=\"1.18em\" data-originalcomputedfontsize=\"15.34000015258789\"><span style=\"color: #0000ff;\">Quina \u00e9s la funci\u00f3 del consell escolar als centres p\u00fablics?<\/span><\/h4>\n<p data-removefontsize=\"true\" data-originalcomputedfontsize=\"11.199999809265137\"><span style=\"color: #0000ff;\">La funci\u00f3 principal del consell escolar \u00e9s participar en la presa de decisions en relaci\u00f3 amb aquells temes importants per al funcionament i l&#8217;organitzaci\u00f3 del centre: el projecte educatiu, la programaci\u00f3 general, la gesti\u00f3 econ\u00f2mica, la resoluci\u00f3 dels conflictes, les activitats extraescolars, l&#8217;horari lectiu, etc.<\/span><\/p>\n<h4 data-originalfontsize=\"1.18em\" data-originalcomputedfontsize=\"15.34000015258789\"><span style=\"color: #0000ff;\">Com podeu participar en les eleccions del consell escolar?<\/span><\/h4>\n<p data-removefontsize=\"true\" data-originalcomputedfontsize=\"11.199999809265137\"><span style=\"color: #0000ff;\">En les eleccions, les fam\u00edlies hi podeu participar de dues maneres diferents:<\/span><\/p>\n<ul>\n<li data-removefontsize=\"true\" data-originalcomputedfontsize=\"11.199999809265137\"><span style=\"color: #0000ff;\">Presentant-vos com a candidats per representar els pares i mares al consell escolar.<\/span><\/li>\n<li data-removefontsize=\"true\" data-originalcomputedfontsize=\"11.199999809265137\"><span style=\"color: #0000ff;\">Participant el dia que el centre convoqui les eleccions votant els candidats que considereu m\u00e9s representatius.<\/span><\/li>\n<\/ul>\n<h4 data-originalfontsize=\"1.18em\" data-originalcomputedfontsize=\"15.34000015258789\"><span style=\"color: #0000ff;\">Per qu\u00e8 \u00e9s important que les fam\u00edlies participeu en el consell escolar?<\/span><\/h4>\n<p data-removefontsize=\"true\" data-originalcomputedfontsize=\"11.199999809265137\"><span style=\"color: #0000ff;\">Els professionals dels centres i les fam\u00edlies compartim un objectiu:\u00a0l&#8217;\u00e8xit social i personal dels fills. Les decisions que es prenen al consell escolar s\u00f3n claus\u00a0per al funcionament i la millora del centre i, per tant, tamb\u00e9 per a l&#8217;\u00e8xit educatiu de tots els alumnes. \u00c9s per aquest motiu que la participaci\u00f3 i implicaci\u00f3 dels pares en les eleccions al consell escolar \u00e9s tan important.<\/span><\/p>\n<p data-removefontsize=\"true\" data-originalcomputedfontsize=\"11.199999809265137\"><span style=\"color: #0000ff;\">Quan les fam\u00edlies participeu en les eleccions, doneu suport al vostre candidat i delegueu en la seva veu i representaci\u00f3. Aix\u00ed feu arribar les seves opinions i aportacions. \u00c9s important que participeu en les eleccions al consell escolar perqu\u00e8:<\/span><\/p>\n<ul>\n<li data-removefontsize=\"true\" data-originalcomputedfontsize=\"11.199999809265137\"><span style=\"color: #0000ff;\">Sou els responsables de la formaci\u00f3 dels vostres fills i \u00e9s important tenir uns bons representants al consell escolar que us informin i facin arribar la vostra veu.<\/span><\/li>\n<li data-removefontsize=\"true\" data-originalcomputedfontsize=\"11.199999809265137\"><span style=\"color: #0000ff;\">Les fam\u00edlies i els docents compartim un mateix objectiu. Per aix\u00f2 hem de ser capa\u00e7os de decidir, entre tots, a qu\u00e8 ens comprometem per aconseguir-ho.<\/span><\/li>\n<li data-removefontsize=\"true\" data-originalcomputedfontsize=\"11.199999809265137\"><span style=\"color: #0000ff;\">Les fam\u00edlies teniu el dret de participar de manera democr\u00e0tica en l\u2019organitzaci\u00f3 del centre. Aquesta \u00e9s una manera de valorar l&#8217;escola i tamb\u00e9 contribu\u00efu que el vostre fill la valori.<\/span><\/li>\n<li data-removefontsize=\"true\" data-originalcomputedfontsize=\"11.199999809265137\"><span style=\"color: #0000ff;\">L&#8217;\u00e8xit educatiu del vostre fill tamb\u00e9 dep\u00e8n del funcionament i el clima de centre. Implicar-vos en el seguiment i l&#8217;avaluaci\u00f3 d&#8217;aquest funcionament incideix en el desenvolupament i creixement personal dels vostres fills.<\/span><\/li>\n<li data-removefontsize=\"true\" data-originalcomputedfontsize=\"11.199999809265137\"><span style=\"color: #0000ff;\">\u00c9s la manera de fer arribar la vostra veu en temes que us poden preocupar, com activitats extraescolars o quina \u00e9s l&#8217;alimentaci\u00f3 que han de rebre en el menjador escolar.<\/span><\/li>\n<li data-removefontsize=\"true\" data-originalcomputedfontsize=\"11.199999809265137\"><span style=\"color: #0000ff;\">\u00c9s important tenir una escola oberta a l&#8217;entorn, que col\u00b7labori amb els altres centres i les diferents entitats i que entre tots pugueu fer del vostre municipi, barri o poble un entorn m\u00e9s educatiu i cohesionat. El consell escolar decideix quines han de ser aquestes relacions.<\/span><\/li>\n<\/ul>\n<h4 data-originalfontsize=\"1.18em\" data-originalcomputedfontsize=\"13.215999603271484\"><span style=\"color: #0000ff;\">\u00a0<\/span><\/h4>\n<h4 data-originalfontsize=\"1.18em\" data-originalcomputedfontsize=\"13.215999603271484\">Calendari i proc\u00e9s<\/h4>\n<ul>\n<li data-originalfontsize=\"1.18em\" data-originalcomputedfontsize=\"13.215999603271484\">Data d&#8217;inici del proc\u00e9s: 5 de novembre de 2018. Publicarem al vest\u00edbul el cens de fam\u00edlies del centre.<\/li>\n<li data-originalfontsize=\"1.18em\" data-originalcomputedfontsize=\"13.215999603271484\">Presentaci\u00f3 de candidatures: teniu fins al 16 de novembre per presentar a la direcci\u00f3 del centre les vostres candidatures per poder participar del proc\u00e9s, <a href=\"https:\/\/agora.xtec.cat\/escolaelsquatrevents\/wp-content\/uploads\/usu584\/2018\/11\/document-presentaci\u00f3-candidatura.pdf\">amb aquest model de sol\u00b7licitud<\/a>.<\/li>\n<li data-originalfontsize=\"1.18em\" data-originalcomputedfontsize=\"13.215999603271484\">Constituci\u00f3 de les meses electorals: el dia 9 a les 8:30 farem el sorteig per designar els representants de les meses electorals. En cas de sortir escollirs us ho notificarem per carta.<\/li>\n<li data-originalfontsize=\"1.18em\" data-originalcomputedfontsize=\"13.215999603271484\">Votacions de cada sector: entre el 26 de novembre podreu votar a les meses electoral que hi haur\u00e0 al vest\u00edbul de l&#8217;escola i en els seg\u00fcents horaris:\n<ul>\n<li data-originalfontsize=\"1.18em\" data-originalcomputedfontsize=\"13.215999603271484\"><span data-removefontsize=\"true\" data-originalcomputedfontsize=\"13.333333015441895\">De 08:30 a 09.00h<\/span><\/li>\n<li data-originalfontsize=\"1.18em\" data-originalcomputedfontsize=\"13.215999603271484\">De 12:30 a 13:15h<\/li>\n<li data-originalfontsize=\"1.18em\" data-originalcomputedfontsize=\"13.215999603271484\">De 15:00h a 17:00<\/li>\n<\/ul>\n<\/li>\n<li data-originalfontsize=\"1.18em\" data-originalcomputedfontsize=\"13.215999603271484\">Constituci\u00f3 del nou consell escolar: abans del 21 de desembre de 2018<\/li>\n<\/ul>\n<h4 data-originalfontsize=\"1.18em\" data-originalcomputedfontsize=\"13.215999603271484\"><\/h4>\n<h4 data-originalfontsize=\"1.18em\" data-originalcomputedfontsize=\"13.215999603271484\"><span style=\"color: #0000ff;\">Qu\u00e8 hem de saber o fer les fam\u00edlies abans de les votacions?<\/span><\/h4>\n<ul>\n<li data-originalfontsize=\"small\" data-originalcomputedfontsize=\"13\"><span style=\"color: #0000ff;\">Consultar el calendari del proc\u00e9s electoral del vostre centre educatiu.<\/span><\/li>\n<li data-originalfontsize=\"small\" data-originalcomputedfontsize=\"13\"><span style=\"color: #0000ff;\">Consultar el cens electoral provisional publicat per la direcci\u00f3 del centre.<\/span><\/li>\n<li data-originalfontsize=\"small\" data-originalcomputedfontsize=\"13\"><span style=\"color: #0000ff;\">Presentar les reclamacions al cens en cas de no ser-hi.<\/span><\/li>\n<li data-originalfontsize=\"small\" data-originalcomputedfontsize=\"13\"><span style=\"color: #0000ff;\">Consultar la persona que representa l&#8217;AMPA en el consell escolar.<\/span><\/li>\n<li data-originalfontsize=\"small\" data-originalcomputedfontsize=\"13\"><span style=\"color: #0000ff;\">Presentar-nos com a candidats a formar part del consell escolar.<\/span><\/li>\n<li data-originalfontsize=\"small\" data-originalcomputedfontsize=\"13\"><span style=\"color: #0000ff;\">Con\u00e8ixer si hem estat designats membres de la mesa electoral.<\/span><\/li>\n<li data-originalfontsize=\"small\" data-originalcomputedfontsize=\"13\"><span style=\"color: #0000ff;\">Consultar el cens definitiu.<\/span><\/li>\n<li data-originalfontsize=\"small\" data-originalcomputedfontsize=\"13\"><span style=\"color: #0000ff;\">Consultar les candidatures presentades.<\/span><\/li>\n<li data-originalfontsize=\"small\" data-originalcomputedfontsize=\"13\"><span style=\"color: #0000ff;\">Votar.<\/span><\/li>\n<\/ul>\n<p data-originalfontsize=\"small\" data-originalcomputedfontsize=\"13\">Si vols tenir m\u00e9s informaci\u00f3 al respecte, consulta aquest link<\/p>\n<p>\u00a0<a href=\"http:\/\/familiaiescola.gencat.cat\/ca\/recomanacions\/recomanacions\/eleccions_als_consells_escolars\/\" data-saferedirecturl=\"https:\/\/www.google.com\/url?q=http:\/\/familiaiescola.gencat.cat\/ca\/recomanacions\/recomanacions\/eleccions_als_consells_escolars\/&amp;source=gmail&amp;ust=1541486297913000&amp;usg=AFQjCNEXW87f2KUaYMhuCKNgJSa2oh3aoQ\" data-removefontsize=\"true\" data-originalcomputedfontsize=\"13\">http:\/\/familiaiescola.gencat.cat\/ca\/recomanacions\/recomanacions\/eleccions_als_consells_escolars\/<\/a><\/p>\n<p><strong data-originalfontsize=\"12.8px\" data-originalcomputedfontsize=\"12.800000190734863\">C<\/strong><strong data-removefontsize=\"true\" data-originalcomputedfontsize=\"16\">ordialment,<\/strong><\/p>\n<p><em><strong data-removefontsize=\"true\" data-originalcomputedfontsize=\"12.800000190734863\">l&#8217;Equip directiu de l&#8217;escola Els Quatre Vents<\/strong><\/em><\/p>\n<p>&nbsp;<\/p>\n","protected":false},"excerpt":{"rendered":"<p>&nbsp; Benvolgudes fam\u00edlies, Avui dia 5 de novembre comen\u00e7a el proc\u00e9s de les eleccions per renovar els sectors del consell escolar del nostre centre. Us animem a participar. M\u00e9s abaix teniu el calendari de tot el proc\u00e9s: Qui forma el consell escolar? El formen els representants de tota la comunitat educativa, \u00e9s a dir, direcci\u00f3, [&hellip;]<\/p>\n","protected":false},"author":1,"featured_media":0,"comment_status":"open","ping_status":"closed","sticky":false,"template":"","format":"standard","meta":{"_bbp_topic_count":0,"_bbp_reply_count":0,"_bbp_total_topic_count":0,"_bbp_total_reply_count":0,"_bbp_voice_count":0,"_bbp_anonymous_reply_count":0,"_bbp_topic_count_hidden":0,"_bbp_reply_count_hidden":0,"_bbp_forum_subforum_count":0,"site-sidebar-layout":"default","site-content-layout":"","ast-site-content-layout":"","site-content-style":"default","site-sidebar-style":"default","ast-global-header-display":"","ast-banner-title-visibility":"","ast-main-header-display":"","ast-hfb-above-header-display":"","ast-hfb-below-header-display":"","ast-hfb-mobile-header-display":"","site-post-title":"","ast-breadcrumbs-content":"","ast-featured-img":"","footer-sml-layout":"","theme-transparent-header-meta":"","adv-header-id-meta":"","stick-header-meta":"","header-above-stick-meta":"","header-main-stick-meta":"","header-below-stick-meta":"","astra-migrate-meta-layouts":"default","ast-page-background-enabled":"default","ast-page-background-meta":{"desktop":{"background-color":"var(--ast-global-color-4)","background-image":"","background-repeat":"repeat","background-position":"center center","background-size":"auto","background-attachment":"scroll","background-type":"","background-media":"","overlay-type":"","overlay-color":"","overlay-opacity":"","overlay-gradient":""},"tablet":{"background-color":"","background-image":"","background-repeat":"repeat","background-position":"center center","background-size":"auto","background-attachment":"scroll","background-type":"","background-media":"","overlay-type":"","overlay-color":"","overlay-opacity":"","overlay-gradient":""},"mobile":{"background-color":"","background-image":"","background-repeat":"repeat","background-position":"center center","background-size":"auto","background-attachment":"scroll","background-type":"","background-media":"","overlay-type":"","overlay-color":"","overlay-opacity":"","overlay-gradient":""}},"ast-content-background-meta":{"desktop":{"background-color":"var(--ast-global-color-5)","background-image":"","background-repeat":"repeat","background-position":"center center","background-size":"auto","background-attachment":"scroll","background-type":"","background-media":"","overlay-type":"","overlay-color":"","overlay-opacity":"","overlay-gradient":""},"tablet":{"background-color":"var(--ast-global-color-5)","background-image":"","background-repeat":"repeat","background-position":"center center","background-size":"auto","background-attachment":"scroll","background-type":"","background-media":"","overlay-type":"","overlay-color":"","overlay-opacity":"","overlay-gradient":""},"mobile":{"background-color":"var(--ast-global-color-5)","background-image":"","background-repeat":"repeat","background-position":"center center","background-size":"auto","background-attachment":"scroll","background-type":"","background-media":"","overlay-type":"","overlay-color":"","overlay-opacity":"","overlay-gradient":""}},"footnotes":""},"categories":[1],"tags":[],"class_list":["post-3299","post","type-post","status-publish","format-standard","hentry","category-general"],"post_mailing_queue_ids":[],"_links":{"self":[{"href":"https:\/\/agora.xtec.cat\/escolaelsquatrevents\/wp-json\/wp\/v2\/posts\/3299","targetHints":{"allow":["GET"]}}],"collection":[{"href":"https:\/\/agora.xtec.cat\/escolaelsquatrevents\/wp-json\/wp\/v2\/posts"}],"about":[{"href":"https:\/\/agora.xtec.cat\/escolaelsquatrevents\/wp-json\/wp\/v2\/types\/post"}],"author":[{"embeddable":true,"href":"https:\/\/agora.xtec.cat\/escolaelsquatrevents\/wp-json\/wp\/v2\/users\/1"}],"replies":[{"embeddable":true,"href":"https:\/\/agora.xtec.cat\/escolaelsquatrevents\/wp-json\/wp\/v2\/comments?post=3299"}],"version-history":[{"count":2,"href":"https:\/\/agora.xtec.cat\/escolaelsquatrevents\/wp-json\/wp\/v2\/posts\/3299\/revisions"}],"predecessor-version":[{"id":3302,"href":"https:\/\/agora.xtec.cat\/escolaelsquatrevents\/wp-json\/wp\/v2\/posts\/3299\/revisions\/3302"}],"wp:attachment":[{"href":"https:\/\/agora.xtec.cat\/escolaelsquatrevents\/wp-json\/wp\/v2\/media?parent=3299"}],"wp:term":[{"taxonomy":"category","embeddable":true,"href":"https:\/\/agora.xtec.cat\/escolaelsquatrevents\/wp-json\/wp\/v2\/categories?post=3299"},{"taxonomy":"post_tag","embeddable":true,"href":"https:\/\/agora.xtec.cat\/escolaelsquatrevents\/wp-json\/wp\/v2\/tags?post=3299"}],"curies":[{"name":"wp","href":"https:\/\/api.w.org\/{rel}","templated":true}]}}