{"id":3253,"date":"2018-10-31T12:49:20","date_gmt":"2018-10-31T11:49:20","guid":{"rendered":"http:\/\/agora.xtec.cat\/escolaelsquatrevents\/?p=3253"},"modified":"2018-10-31T12:49:20","modified_gmt":"2018-10-31T11:49:20","slug":"ja-ha-arribat-la-tardor-castanyada-2018","status":"publish","type":"post","link":"https:\/\/agora.xtec.cat\/escolaelsquatrevents\/general\/ja-ha-arribat-la-tardor-castanyada-2018\/","title":{"rendered":"Ja ha arribat la tardor- Castanyada 2018"},"content":{"rendered":"<p>\u00c9s el temps de les castanyes!<\/p>\n<p><a href=\"https:\/\/photos.app.goo.gl\/iUt7vLHbhBcGDMU57\"><img loading=\"lazy\" decoding=\"async\" class=\"attachment-266x266 alignleft\" src=\"https:\/\/agora.xtec.cat\/escolaelsquatrevents\/wp-content\/uploads\/usu584\/2018\/10\/IMG_9288.jpg\" sizes=\"auto, (max-width: 266px) 100vw, 266px\" srcset=\"https:\/\/agora.xtec.cat\/escolaelsquatrevents\/wp-content\/uploads\/usu584\/2018\/10\/IMG_9288.jpg 2016w, https:\/\/agora.xtec.cat\/escolaelsquatrevents\/wp-content\/uploads\/usu584\/2018\/10\/IMG_9288-300x225.jpg 300w, https:\/\/agora.xtec.cat\/escolaelsquatrevents\/wp-content\/uploads\/usu584\/2018\/10\/IMG_9288-768x576.jpg 768w, https:\/\/agora.xtec.cat\/escolaelsquatrevents\/wp-content\/uploads\/usu584\/2018\/10\/IMG_9288-1024x768.jpg 1024w, https:\/\/agora.xtec.cat\/escolaelsquatrevents\/wp-content\/uploads\/usu584\/2018\/10\/IMG_9288-200x150.jpg 200w\" alt=\"\" width=\"387\" height=\"290\" \/><\/a><\/p>\n<p>Tot i que el dia ha estat pluj\u00f3s, per la festa sempre estem preparats!<\/p>\n<p>De bon mat\u00ed hem rebut la visita de la <strong>Castanyera<\/strong>, que ha baixat de la muntanya per con\u00e8ixer el nostre edifici. S&#8217;ha perdut una mica buscant-nos pels barracons, per\u00f2 seguint l&#8217;olor dels <strong>pastissos de tardor<\/strong> ens ha trobat. Agra\u00efm a les fam\u00edlies els\u00a0 dol\u00e7os que heu elaborat i ben contents ens hem menjat.<\/p>\n<p>Amb la panxa plena, hem celebrat el <strong>Concurs de la Castanya<\/strong>. Felicitem als guanyadors i guanyadores!<\/p>\n<p>&nbsp;<\/p>\n<p>Us deixem un recull d&#8217;imatges per a qu\u00e8 veieu com hem gaudit de la festa!<\/p>\n<p><strong><a href=\"https:\/\/photos.app.goo.gl\/iUt7vLHbhBcGDMU57\">Imatges festa de tardor<\/a><\/strong><\/p>\n<p>&nbsp;<\/p>\n<p>Comissi\u00f3 de Comunicaci\u00f3<\/p>\n","protected":false},"excerpt":{"rendered":"<p>\u00c9s el temps de les castanyes! Tot i que el dia ha estat pluj\u00f3s, per la festa sempre estem preparats! De bon mat\u00ed hem rebut la visita de la Castanyera, que ha baixat de la muntanya per con\u00e8ixer el nostre edifici. S&#8217;ha perdut una mica buscant-nos pels barracons, per\u00f2 seguint l&#8217;olor dels pastissos de tardor [&hellip;]<\/p>\n","protected":false},"author":4,"featured_media":3295,"comment_status":"closed","ping_status":"closed","sticky":false,"template":"","format":"standard","meta":{"_bbp_topic_count":0,"_bbp_reply_count":0,"_bbp_total_topic_count":0,"_bbp_total_reply_count":0,"_bbp_voice_count":0,"_bbp_anonymous_reply_count":0,"_bbp_topic_count_hidden":0,"_bbp_reply_count_hidden":0,"_bbp_forum_subforum_count":0,"site-sidebar-layout":"default","site-content-layout":"","ast-site-content-layout":"","site-content-style":"default","site-sidebar-style":"default","ast-global-header-display":"","ast-banner-title-visibility":"","ast-main-header-display":"","ast-hfb-above-header-display":"","ast-hfb-below-header-display":"","ast-hfb-mobile-header-display":"","site-post-title":"","ast-breadcrumbs-content":"","ast-featured-img":"","footer-sml-layout":"","theme-transparent-header-meta":"","adv-header-id-meta":"","stick-header-meta":"","header-above-stick-meta":"","header-main-stick-meta":"","header-below-stick-meta":"","astra-migrate-meta-layouts":"default","ast-page-background-enabled":"default","ast-page-background-meta":{"desktop":{"background-color":"var(--ast-global-color-4)","background-image":"","background-repeat":"repeat","background-position":"center center","background-size":"auto","background-attachment":"scroll","background-type":"","background-media":"","overlay-type":"","overlay-color":"","overlay-opacity":"","overlay-gradient":""},"tablet":{"background-color":"","background-image":"","background-repeat":"repeat","background-position":"center center","background-size":"auto","background-attachment":"scroll","background-type":"","background-media":"","overlay-type":"","overlay-color":"","overlay-opacity":"","overlay-gradient":""},"mobile":{"background-color":"","background-image":"","background-repeat":"repeat","background-position":"center center","background-size":"auto","background-attachment":"scroll","background-type":"","background-media":"","overlay-type":"","overlay-color":"","overlay-opacity":"","overlay-gradient":""}},"ast-content-background-meta":{"desktop":{"background-color":"var(--ast-global-color-5)","background-image":"","background-repeat":"repeat","background-position":"center center","background-size":"auto","background-attachment":"scroll","background-type":"","background-media":"","overlay-type":"","overlay-color":"","overlay-opacity":"","overlay-gradient":""},"tablet":{"background-color":"var(--ast-global-color-5)","background-image":"","background-repeat":"repeat","background-position":"center center","background-size":"auto","background-attachment":"scroll","background-type":"","background-media":"","overlay-type":"","overlay-color":"","overlay-opacity":"","overlay-gradient":""},"mobile":{"background-color":"var(--ast-global-color-5)","background-image":"","background-repeat":"repeat","background-position":"center center","background-size":"auto","background-attachment":"scroll","background-type":"","background-media":"","overlay-type":"","overlay-color":"","overlay-opacity":"","overlay-gradient":""}},"footnotes":""},"categories":[8,3,22,1,4],"tags":[18,59,24,53,115,133,131,26],"class_list":["post-3253","post","type-post","status-publish","format-standard","has-post-thumbnail","hentry","category-grans","category-mitjans","category-petits","category-general","category-portada","tag-act-classe","tag-castanya","tag-castanyada","tag-comissions","tag-comunitat-de-grans","tag-comunitat-de-mitjans","tag-comunitat-de-petits","tag-festes"],"post_mailing_queue_ids":[],"_links":{"self":[{"href":"https:\/\/agora.xtec.cat\/escolaelsquatrevents\/wp-json\/wp\/v2\/posts\/3253","targetHints":{"allow":["GET"]}}],"collection":[{"href":"https:\/\/agora.xtec.cat\/escolaelsquatrevents\/wp-json\/wp\/v2\/posts"}],"about":[{"href":"https:\/\/agora.xtec.cat\/escolaelsquatrevents\/wp-json\/wp\/v2\/types\/post"}],"author":[{"embeddable":true,"href":"https:\/\/agora.xtec.cat\/escolaelsquatrevents\/wp-json\/wp\/v2\/users\/4"}],"replies":[{"embeddable":true,"href":"https:\/\/agora.xtec.cat\/escolaelsquatrevents\/wp-json\/wp\/v2\/comments?post=3253"}],"version-history":[{"count":3,"href":"https:\/\/agora.xtec.cat\/escolaelsquatrevents\/wp-json\/wp\/v2\/posts\/3253\/revisions"}],"predecessor-version":[{"id":3298,"href":"https:\/\/agora.xtec.cat\/escolaelsquatrevents\/wp-json\/wp\/v2\/posts\/3253\/revisions\/3298"}],"wp:featuredmedia":[{"embeddable":true,"href":"https:\/\/agora.xtec.cat\/escolaelsquatrevents\/wp-json\/wp\/v2\/media\/3295"}],"wp:attachment":[{"href":"https:\/\/agora.xtec.cat\/escolaelsquatrevents\/wp-json\/wp\/v2\/media?parent=3253"}],"wp:term":[{"taxonomy":"category","embeddable":true,"href":"https:\/\/agora.xtec.cat\/escolaelsquatrevents\/wp-json\/wp\/v2\/categories?post=3253"},{"taxonomy":"post_tag","embeddable":true,"href":"https:\/\/agora.xtec.cat\/escolaelsquatrevents\/wp-json\/wp\/v2\/tags?post=3253"}],"curies":[{"name":"wp","href":"https:\/\/api.w.org\/{rel}","templated":true}]}}