{"id":3138,"date":"2018-09-10T16:33:32","date_gmt":"2018-09-10T14:33:32","guid":{"rendered":"http:\/\/agora.xtec.cat\/escolaelsquatrevents\/?p=3138"},"modified":"2018-09-11T10:52:35","modified_gmt":"2018-09-11T08:52:35","slug":"inici-de-curs-18-19","status":"publish","type":"post","link":"https:\/\/agora.xtec.cat\/escolaelsquatrevents\/general\/inici-de-curs-18-19\/","title":{"rendered":"INICI DE CURS 18-19"},"content":{"rendered":"<div dir=\"auto\">\n<p>Benvolgudes fam\u00edlies,<\/p>\n<\/div>\n<div dir=\"auto\">\n<p><strong>Dem\u00e0 12 de setembre obrirem les portes del nou edifici de l&#8217;escola Els Quatre Vents<\/strong>. Tot el claustre de mestres us est\u00e0 esperant per iniciar un curs ben peculiar, on les instal\u00b7lacions seran prim\u00edcia.<\/p>\n<p>Per tal que pugueu con\u00e8ixer l&#8217;edifici farem <strong>PORTES OBERTES PER A LES FAMILIES DEL CENTRE el dimecres 12 de setembre a les 16h. Farem dues visites: la primera de 16 a 16.25h i la segona de 16.45 a 17.15h.<\/strong> Us preguem puntualitat per respectar l&#8217;horari de sortida dels infants i mestres. En cas que no pogueu venir en aquest horari, no patiu perqu\u00e8 farem altres portes obertes i la inauguraci\u00f3 de les instal\u00b7lacions en breu, on la resta de ve\u00efns del poble podran venir a veure la nova escola.<\/p>\n<p>Finalment, anunciar-vos que aquests tres primers dies se&#8217;ls servir\u00e0 c\u00e0tering als alumnes de menjador.<\/p>\n<p>Us demanem comprensi\u00f3 i paci\u00e8ncia ja que encara no tenim l&#8217;edifici al 100%. Seguim sense l\u00ednia telef\u00f2nica, aix\u00ed que us podrem atendre al correu de l&#8217;escola\u00a0<a href=\"mailto:a8064805@xtec.cat\" target=\"_blank\" rel=\"noopener\">a8064805@xtec.cat<\/a><\/p>\n<\/div>\n<div dir=\"auto\"><img loading=\"lazy\" decoding=\"async\" class=\"aligncenter wp-image-3135 size-large\" src=\"http:\/\/agora.xtec.cat\/escolaelsquatrevents\/wp-content\/uploads\/usu584\/2018\/09\/IMG_0626-1024x563.jpg\" alt=\"\" width=\"1024\" height=\"563\" srcset=\"https:\/\/agora.xtec.cat\/escolaelsquatrevents\/wp-content\/uploads\/usu584\/2018\/09\/IMG_0626-1024x563.jpg 1024w, https:\/\/agora.xtec.cat\/escolaelsquatrevents\/wp-content\/uploads\/usu584\/2018\/09\/IMG_0626-300x165.jpg 300w, https:\/\/agora.xtec.cat\/escolaelsquatrevents\/wp-content\/uploads\/usu584\/2018\/09\/IMG_0626-768x422.jpg 768w, https:\/\/agora.xtec.cat\/escolaelsquatrevents\/wp-content\/uploads\/usu584\/2018\/09\/IMG_0626.jpg 1413w\" sizes=\"auto, (max-width: 1024px) 100vw, 1024px\" \/><\/div>\n<div dir=\"auto\"><\/div>\n<div dir=\"auto\">\n<p><span style=\"font-family: inherit; font-size: 1em;\">Us saluda cordialment<\/span><\/p>\n<\/div>\n<div dir=\"auto\">\n<p>\u00a0L&#8217;Equip Directiu<\/p>\n<\/div>\n","protected":false},"excerpt":{"rendered":"<p>Benvolgudes fam\u00edlies, Dem\u00e0 12 de setembre obrirem les portes del nou edifici de l&#8217;escola Els Quatre Vents. Tot el claustre de mestres us est\u00e0 esperant per iniciar un curs ben peculiar, on les instal\u00b7lacions seran prim\u00edcia. Per tal que pugueu con\u00e8ixer l&#8217;edifici farem PORTES OBERTES PER A LES FAMILIES DEL CENTRE el dimecres 12 de [&hellip;]<\/p>\n","protected":false},"author":1,"featured_media":3135,"comment_status":"closed","ping_status":"closed","sticky":false,"template":"","format":"standard","meta":{"_bbp_topic_count":0,"_bbp_reply_count":0,"_bbp_total_topic_count":0,"_bbp_total_reply_count":0,"_bbp_voice_count":0,"_bbp_anonymous_reply_count":0,"_bbp_topic_count_hidden":0,"_bbp_reply_count_hidden":0,"_bbp_forum_subforum_count":0,"site-sidebar-layout":"default","site-content-layout":"","ast-site-content-layout":"","site-content-style":"default","site-sidebar-style":"default","ast-global-header-display":"","ast-banner-title-visibility":"","ast-main-header-display":"","ast-hfb-above-header-display":"","ast-hfb-below-header-display":"","ast-hfb-mobile-header-display":"","site-post-title":"","ast-breadcrumbs-content":"","ast-featured-img":"","footer-sml-layout":"","theme-transparent-header-meta":"","adv-header-id-meta":"","stick-header-meta":"","header-above-stick-meta":"","header-main-stick-meta":"","header-below-stick-meta":"","astra-migrate-meta-layouts":"default","ast-page-background-enabled":"default","ast-page-background-meta":{"desktop":{"background-color":"var(--ast-global-color-4)","background-image":"","background-repeat":"repeat","background-position":"center center","background-size":"auto","background-attachment":"scroll","background-type":"","background-media":"","overlay-type":"","overlay-color":"","overlay-opacity":"","overlay-gradient":""},"tablet":{"background-color":"","background-image":"","background-repeat":"repeat","background-position":"center center","background-size":"auto","background-attachment":"scroll","background-type":"","background-media":"","overlay-type":"","overlay-color":"","overlay-opacity":"","overlay-gradient":""},"mobile":{"background-color":"","background-image":"","background-repeat":"repeat","background-position":"center center","background-size":"auto","background-attachment":"scroll","background-type":"","background-media":"","overlay-type":"","overlay-color":"","overlay-opacity":"","overlay-gradient":""}},"ast-content-background-meta":{"desktop":{"background-color":"var(--ast-global-color-5)","background-image":"","background-repeat":"repeat","background-position":"center center","background-size":"auto","background-attachment":"scroll","background-type":"","background-media":"","overlay-type":"","overlay-color":"","overlay-opacity":"","overlay-gradient":""},"tablet":{"background-color":"var(--ast-global-color-5)","background-image":"","background-repeat":"repeat","background-position":"center center","background-size":"auto","background-attachment":"scroll","background-type":"","background-media":"","overlay-type":"","overlay-color":"","overlay-opacity":"","overlay-gradient":""},"mobile":{"background-color":"var(--ast-global-color-5)","background-image":"","background-repeat":"repeat","background-position":"center center","background-size":"auto","background-attachment":"scroll","background-type":"","background-media":"","overlay-type":"","overlay-color":"","overlay-opacity":"","overlay-gradient":""}},"footnotes":""},"categories":[1,4],"tags":[33,27],"class_list":["post-3138","post","type-post","status-publish","format-standard","has-post-thumbnail","hentry","category-general","category-portada","tag-activitats-generals","tag-informacio"],"post_mailing_queue_ids":[],"_links":{"self":[{"href":"https:\/\/agora.xtec.cat\/escolaelsquatrevents\/wp-json\/wp\/v2\/posts\/3138","targetHints":{"allow":["GET"]}}],"collection":[{"href":"https:\/\/agora.xtec.cat\/escolaelsquatrevents\/wp-json\/wp\/v2\/posts"}],"about":[{"href":"https:\/\/agora.xtec.cat\/escolaelsquatrevents\/wp-json\/wp\/v2\/types\/post"}],"author":[{"embeddable":true,"href":"https:\/\/agora.xtec.cat\/escolaelsquatrevents\/wp-json\/wp\/v2\/users\/1"}],"replies":[{"embeddable":true,"href":"https:\/\/agora.xtec.cat\/escolaelsquatrevents\/wp-json\/wp\/v2\/comments?post=3138"}],"version-history":[{"count":3,"href":"https:\/\/agora.xtec.cat\/escolaelsquatrevents\/wp-json\/wp\/v2\/posts\/3138\/revisions"}],"predecessor-version":[{"id":3152,"href":"https:\/\/agora.xtec.cat\/escolaelsquatrevents\/wp-json\/wp\/v2\/posts\/3138\/revisions\/3152"}],"wp:featuredmedia":[{"embeddable":true,"href":"https:\/\/agora.xtec.cat\/escolaelsquatrevents\/wp-json\/wp\/v2\/media\/3135"}],"wp:attachment":[{"href":"https:\/\/agora.xtec.cat\/escolaelsquatrevents\/wp-json\/wp\/v2\/media?parent=3138"}],"wp:term":[{"taxonomy":"category","embeddable":true,"href":"https:\/\/agora.xtec.cat\/escolaelsquatrevents\/wp-json\/wp\/v2\/categories?post=3138"},{"taxonomy":"post_tag","embeddable":true,"href":"https:\/\/agora.xtec.cat\/escolaelsquatrevents\/wp-json\/wp\/v2\/tags?post=3138"}],"curies":[{"name":"wp","href":"https:\/\/api.w.org\/{rel}","templated":true}]}}