{"id":3119,"date":"2018-09-05T21:35:26","date_gmt":"2018-09-05T19:35:26","guid":{"rendered":"http:\/\/agora.xtec.cat\/escolaelsquatrevents\/?p=3119"},"modified":"2018-09-10T16:28:41","modified_gmt":"2018-09-10T14:28:41","slug":"informacions-inici-de-curs-18-19","status":"publish","type":"post","link":"https:\/\/agora.xtec.cat\/escolaelsquatrevents\/general\/informacions-inici-de-curs-18-19\/","title":{"rendered":"INFORMACIONS INICI DE CURS 18-19"},"content":{"rendered":"<div dir=\"auto\">\n<p>Benvolgudes fam\u00edlies,<\/p>\n<\/div>\n<div dir=\"auto\">\n<p>\u00a0Ja tenim aqu\u00ed el setembre i toca donar inici al curs escolar 18-19. Desitgem que hagueu descansat en fam\u00edlia i hagueu gaudit de les vacances.<\/p>\n<p>\u00c9s un curs desitjat per molts on les instal\u00b7lacions seran prim\u00edcia. Com tots els inicis, ser\u00e0 dif\u00edcil fins que fem la posada a punt de tot, per\u00f2 hi estem treballant molt per tal que aquest inici sigui el m\u00e9s aviat possible.<\/p>\n<p>Passem a donar algunes informacions importants del vostre inter\u00e8s:<\/p>\n<p>* Degut a les dates que hi som i amb previsi\u00f3 de tenir-ho tot apunt, les PORTES OBERTES DEL 10 queden anul\u00b7lades i les fariem el primer dia de classes lectives a les 16h.<\/p>\n<p>* Per tal de poder garantir l&#8217;atenci\u00f3 administrativa i poder resoldre dubtes us podrem atendre els dies 6, 7 i 10 en horari de 9h a 12h a les aules de P5, on estar\u00edem instal\u00b7lats provisionalment com a despatx d&#8217;administraci\u00f3. L\u2019entrada des del carrer ser\u00e0 per la porta d\u2019emerg\u00e8ncies que hi ha a l\u2019extrem de l\u2019edifici m\u00e9s proper a la nostra antiga ubicaci\u00f3, no per la porta principal.<\/p>\n<p>Fins que disposem de l\u00ednia telef\u00f2nica us podem atendre al correu de l&#8217;escola\u00a0<a href=\"mailto:a8064805@xtec.cat\" target=\"_blank\" rel=\"noopener\">a8064805@xtec.cat<\/a><\/p>\n<p>* Us annexem i penjarem a la p\u00e0gina web del centre la butlleta d&#8217;inscripci\u00f3 al menjador escolar.\u00a0 On veureu la nova empresa, el preu&#8230; A les reunions d&#8217;inici de curs podreu con\u00e8ixer el projecte de menjador i les seves caracter\u00edstiques. Qui necessiti del servei de menjador pot portar la butlleta d&#8217;inscripci\u00f3 personalment fins al dia 10 en horari d&#8217;atenci\u00f3.<\/p>\n<p><a href=\"https:\/\/drive.google.com\/a\/xtec.cat\/file\/d\/1NjlbB6sFGPrEpaqpmgSRKg03ZuYlFksZ\/view?\">https:\/\/drive.google.com\/a\/xtec.cat\/file\/d\/1NjlbB6sFGPrEpaqpmgSRKg03ZuYlFksZ\/view?<\/a><\/p>\n<\/div>\n<div dir=\"auto\">\n<p>* per les noves fam\u00edlies de P3 recordar que aquest dijous 6 ens trobem a les 17h per fer la reuni\u00f3 d&#8217;inici de curs i que aquesta \u00e9s far\u00e0 a les aules de P5 preparades per l&#8217;ocasi\u00f3.<\/p>\n<p>LA PREVISI\u00d3 DE LA DIRECCI\u00d3 DEL CENTRE \u00c9S COMEN\u00c7AR EL CURS ESCOLAR EL 12 DE SETEMBRE A LES 8.30H PER\u00d2 NO HO PODEM GARANTIR A DATA D&#8217;AVUI. US INFORMARIEM EL M\u00c9S AVIAT POSSIBLE, NO ABANS DEL DIA 7 EN CAS QUE HAGUESSIN CANVIS RESPECTE A L&#8217;INICI DE LES CLASSES.<\/p>\n<\/div>\n<div dir=\"auto\"><\/div>\n<div dir=\"auto\">\n<p>Agra\u00efnt-vos la vostra comprensi\u00f3,<\/p>\n<\/div>\n<div dir=\"auto\">\n<p>us saluda cordialment<\/p>\n<\/div>\n<div dir=\"auto\">\n<p>\u00a0L&#8217;ED<\/p>\n<\/div>\n<div dir=\"auto\">\n<p><a href=\"https:\/\/drive.google.com\/a\/xtec.cat\/file\/d\/1NjlbB6sFGPrEpaqpmgSRKg03ZuYlFksZ\/view?usp=drivesdk\" target=\"_blank\" rel=\"noopener\" data-saferedirecturl=\"https:\/\/www.google.com\/url?q=https:\/\/drive.google.com\/a\/xtec.cat\/file\/d\/1NjlbB6sFGPrEpaqpmgSRKg03ZuYlFksZ\/view?usp%3Ddrivesdk&amp;source=gmail&amp;ust=1536260361535000&amp;usg=AFQjCNEwwfZ1zIQY8HdgSHj6a9XesGj4jg\">usp=drivesdk<\/a><\/p>\n<\/div>\n","protected":false},"excerpt":{"rendered":"<p>Benvolgudes fam\u00edlies, \u00a0Ja tenim aqu\u00ed el setembre i toca donar inici al curs escolar 18-19. Desitgem que hagueu descansat en fam\u00edlia i hagueu gaudit de les vacances. \u00c9s un curs desitjat per molts on les instal\u00b7lacions seran prim\u00edcia. Com tots els inicis, ser\u00e0 dif\u00edcil fins que fem la posada a punt de tot, per\u00f2 hi [&hellip;]<\/p>\n","protected":false},"author":4,"featured_media":3116,"comment_status":"open","ping_status":"closed","sticky":false,"template":"","format":"standard","meta":{"_bbp_topic_count":0,"_bbp_reply_count":0,"_bbp_total_topic_count":0,"_bbp_total_reply_count":0,"_bbp_voice_count":0,"_bbp_anonymous_reply_count":0,"_bbp_topic_count_hidden":0,"_bbp_reply_count_hidden":0,"_bbp_forum_subforum_count":0,"site-sidebar-layout":"default","site-content-layout":"","ast-site-content-layout":"","site-content-style":"default","site-sidebar-style":"default","ast-global-header-display":"","ast-banner-title-visibility":"","ast-main-header-display":"","ast-hfb-above-header-display":"","ast-hfb-below-header-display":"","ast-hfb-mobile-header-display":"","site-post-title":"","ast-breadcrumbs-content":"","ast-featured-img":"","footer-sml-layout":"","theme-transparent-header-meta":"","adv-header-id-meta":"","stick-header-meta":"","header-above-stick-meta":"","header-main-stick-meta":"","header-below-stick-meta":"","astra-migrate-meta-layouts":"default","ast-page-background-enabled":"default","ast-page-background-meta":{"desktop":{"background-color":"var(--ast-global-color-4)","background-image":"","background-repeat":"repeat","background-position":"center center","background-size":"auto","background-attachment":"scroll","background-type":"","background-media":"","overlay-type":"","overlay-color":"","overlay-opacity":"","overlay-gradient":""},"tablet":{"background-color":"","background-image":"","background-repeat":"repeat","background-position":"center center","background-size":"auto","background-attachment":"scroll","background-type":"","background-media":"","overlay-type":"","overlay-color":"","overlay-opacity":"","overlay-gradient":""},"mobile":{"background-color":"","background-image":"","background-repeat":"repeat","background-position":"center center","background-size":"auto","background-attachment":"scroll","background-type":"","background-media":"","overlay-type":"","overlay-color":"","overlay-opacity":"","overlay-gradient":""}},"ast-content-background-meta":{"desktop":{"background-color":"var(--ast-global-color-5)","background-image":"","background-repeat":"repeat","background-position":"center center","background-size":"auto","background-attachment":"scroll","background-type":"","background-media":"","overlay-type":"","overlay-color":"","overlay-opacity":"","overlay-gradient":""},"tablet":{"background-color":"var(--ast-global-color-5)","background-image":"","background-repeat":"repeat","background-position":"center center","background-size":"auto","background-attachment":"scroll","background-type":"","background-media":"","overlay-type":"","overlay-color":"","overlay-opacity":"","overlay-gradient":""},"mobile":{"background-color":"var(--ast-global-color-5)","background-image":"","background-repeat":"repeat","background-position":"center center","background-size":"auto","background-attachment":"scroll","background-type":"","background-media":"","overlay-type":"","overlay-color":"","overlay-opacity":"","overlay-gradient":""}},"footnotes":""},"categories":[1,4],"tags":[27],"class_list":["post-3119","post","type-post","status-publish","format-standard","has-post-thumbnail","hentry","category-general","category-portada","tag-informacio"],"post_mailing_queue_ids":[],"_links":{"self":[{"href":"https:\/\/agora.xtec.cat\/escolaelsquatrevents\/wp-json\/wp\/v2\/posts\/3119","targetHints":{"allow":["GET"]}}],"collection":[{"href":"https:\/\/agora.xtec.cat\/escolaelsquatrevents\/wp-json\/wp\/v2\/posts"}],"about":[{"href":"https:\/\/agora.xtec.cat\/escolaelsquatrevents\/wp-json\/wp\/v2\/types\/post"}],"author":[{"embeddable":true,"href":"https:\/\/agora.xtec.cat\/escolaelsquatrevents\/wp-json\/wp\/v2\/users\/4"}],"replies":[{"embeddable":true,"href":"https:\/\/agora.xtec.cat\/escolaelsquatrevents\/wp-json\/wp\/v2\/comments?post=3119"}],"version-history":[{"count":2,"href":"https:\/\/agora.xtec.cat\/escolaelsquatrevents\/wp-json\/wp\/v2\/posts\/3119\/revisions"}],"predecessor-version":[{"id":3121,"href":"https:\/\/agora.xtec.cat\/escolaelsquatrevents\/wp-json\/wp\/v2\/posts\/3119\/revisions\/3121"}],"wp:featuredmedia":[{"embeddable":true,"href":"https:\/\/agora.xtec.cat\/escolaelsquatrevents\/wp-json\/wp\/v2\/media\/3116"}],"wp:attachment":[{"href":"https:\/\/agora.xtec.cat\/escolaelsquatrevents\/wp-json\/wp\/v2\/media?parent=3119"}],"wp:term":[{"taxonomy":"category","embeddable":true,"href":"https:\/\/agora.xtec.cat\/escolaelsquatrevents\/wp-json\/wp\/v2\/categories?post=3119"},{"taxonomy":"post_tag","embeddable":true,"href":"https:\/\/agora.xtec.cat\/escolaelsquatrevents\/wp-json\/wp\/v2\/tags?post=3119"}],"curies":[{"name":"wp","href":"https:\/\/api.w.org\/{rel}","templated":true}]}}