{"id":3108,"date":"2018-07-03T15:52:38","date_gmt":"2018-07-03T13:52:38","guid":{"rendered":"http:\/\/agora.xtec.cat\/escolaelsquatrevents\/?p=3108"},"modified":"2018-09-10T16:29:06","modified_gmt":"2018-09-10T14:29:06","slug":"premis-ma-lluisa-prat-2018","status":"publish","type":"post","link":"https:\/\/agora.xtec.cat\/escolaelsquatrevents\/general\/premis-ma-lluisa-prat-2018\/","title":{"rendered":"Premis M\u00aa LLuisa Prat 2018"},"content":{"rendered":"<p>Dimarts 19 de juny\u00a0 a la sala polivalent del Teatre Auditori Can Palots es va fer l&#8217;acte d&#8217;entrega\u00a0 dels Premis M. Llu\u00efsa Prat en reconeixement a l\u2019esfor\u00e7 i la creativitat de l\u2019alumnat de les escoles i instituts de Canovelles.<\/p>\n<p>Un any m\u00e9s\u00a0tornem a tenir a una de les nostres alumnes entre els guanyadors.<\/p>\n<p>El c\u00f2mic de l&#8217;\u00a0Abril S\u00e1nchez Le\u00f3n\u00a0 &#8220;<em>Una c\u00f2mica aventura&#8221; va rebre un acc\u00e8ssit al millor treball literari dels alumnes de 6\u00e8 de prim\u00e0ria,<\/em><em>\u00a0&#8220;P<\/em>er saber transmetre les emocions en els seus dibuixos, perqu\u00e8 \u00e9s una hist\u00f2ria fresca, din\u00e0mica, divertida i trencadora d\u2019 esquemes i t\u00f2pics&#8221; (paraules del jurat)<\/p>\n<p>Els guanyadors van emportar-se un diploma, un abonament per a tots els espectacles del Teatre Auditori Can Palots de la propera temporada, el llibre sobre la hist\u00f2ria de Canovelles i un usb.<\/p>\n<p>Felicitats Abril!!<\/p>\n<p><a href=\"http:\/\/agora.xtec.cat\/escolaelsquatrevents\/wp-content\/uploads\/usu584\/2018\/07\/20180622_084525.jpg\"><img loading=\"lazy\" decoding=\"async\" class=\"aligncenter wp-image-3109 size-medium\" src=\"http:\/\/agora.xtec.cat\/escolaelsquatrevents\/wp-content\/uploads\/usu584\/2018\/07\/20180622_084525-e1530625900956-225x300.jpg\" alt=\"\" width=\"225\" height=\"300\" srcset=\"https:\/\/agora.xtec.cat\/escolaelsquatrevents\/wp-content\/uploads\/usu584\/2018\/07\/20180622_084525-e1530625900956-225x300.jpg 225w, https:\/\/agora.xtec.cat\/escolaelsquatrevents\/wp-content\/uploads\/usu584\/2018\/07\/20180622_084525-e1530625900956-768x1024.jpg 768w\" sizes=\"auto, (max-width: 225px) 100vw, 225px\" \/><\/a><\/p>\n","protected":false},"excerpt":{"rendered":"<p>Dimarts 19 de juny\u00a0 a la sala polivalent del Teatre Auditori Can Palots es va fer l&#8217;acte d&#8217;entrega\u00a0 dels Premis M. Llu\u00efsa Prat en reconeixement a l\u2019esfor\u00e7 i la creativitat de l\u2019alumnat de les escoles i instituts de Canovelles. Un any m\u00e9s\u00a0tornem a tenir a una de les nostres alumnes entre els guanyadors. El c\u00f2mic [&hellip;]<\/p>\n","protected":false},"author":4,"featured_media":3109,"comment_status":"open","ping_status":"closed","sticky":false,"template":"","format":"standard","meta":{"_bbp_topic_count":0,"_bbp_reply_count":0,"_bbp_total_topic_count":0,"_bbp_total_reply_count":0,"_bbp_voice_count":0,"_bbp_anonymous_reply_count":0,"_bbp_topic_count_hidden":0,"_bbp_reply_count_hidden":0,"_bbp_forum_subforum_count":0,"site-sidebar-layout":"default","site-content-layout":"","ast-site-content-layout":"","site-content-style":"default","site-sidebar-style":"default","ast-global-header-display":"","ast-banner-title-visibility":"","ast-main-header-display":"","ast-hfb-above-header-display":"","ast-hfb-below-header-display":"","ast-hfb-mobile-header-display":"","site-post-title":"","ast-breadcrumbs-content":"","ast-featured-img":"","footer-sml-layout":"","theme-transparent-header-meta":"","adv-header-id-meta":"","stick-header-meta":"","header-above-stick-meta":"","header-main-stick-meta":"","header-below-stick-meta":"","astra-migrate-meta-layouts":"default","ast-page-background-enabled":"default","ast-page-background-meta":{"desktop":{"background-color":"var(--ast-global-color-4)","background-image":"","background-repeat":"repeat","background-position":"center center","background-size":"auto","background-attachment":"scroll","background-type":"","background-media":"","overlay-type":"","overlay-color":"","overlay-opacity":"","overlay-gradient":""},"tablet":{"background-color":"","background-image":"","background-repeat":"repeat","background-position":"center center","background-size":"auto","background-attachment":"scroll","background-type":"","background-media":"","overlay-type":"","overlay-color":"","overlay-opacity":"","overlay-gradient":""},"mobile":{"background-color":"","background-image":"","background-repeat":"repeat","background-position":"center center","background-size":"auto","background-attachment":"scroll","background-type":"","background-media":"","overlay-type":"","overlay-color":"","overlay-opacity":"","overlay-gradient":""}},"ast-content-background-meta":{"desktop":{"background-color":"var(--ast-global-color-5)","background-image":"","background-repeat":"repeat","background-position":"center center","background-size":"auto","background-attachment":"scroll","background-type":"","background-media":"","overlay-type":"","overlay-color":"","overlay-opacity":"","overlay-gradient":""},"tablet":{"background-color":"var(--ast-global-color-5)","background-image":"","background-repeat":"repeat","background-position":"center center","background-size":"auto","background-attachment":"scroll","background-type":"","background-media":"","overlay-type":"","overlay-color":"","overlay-opacity":"","overlay-gradient":""},"mobile":{"background-color":"var(--ast-global-color-5)","background-image":"","background-repeat":"repeat","background-position":"center center","background-size":"auto","background-attachment":"scroll","background-type":"","background-media":"","overlay-type":"","overlay-color":"","overlay-opacity":"","overlay-gradient":""}},"footnotes":""},"categories":[8,1,4],"tags":[33,115],"class_list":["post-3108","post","type-post","status-publish","format-standard","has-post-thumbnail","hentry","category-grans","category-general","category-portada","tag-activitats-generals","tag-comunitat-de-grans"],"post_mailing_queue_ids":[],"_links":{"self":[{"href":"https:\/\/agora.xtec.cat\/escolaelsquatrevents\/wp-json\/wp\/v2\/posts\/3108","targetHints":{"allow":["GET"]}}],"collection":[{"href":"https:\/\/agora.xtec.cat\/escolaelsquatrevents\/wp-json\/wp\/v2\/posts"}],"about":[{"href":"https:\/\/agora.xtec.cat\/escolaelsquatrevents\/wp-json\/wp\/v2\/types\/post"}],"author":[{"embeddable":true,"href":"https:\/\/agora.xtec.cat\/escolaelsquatrevents\/wp-json\/wp\/v2\/users\/4"}],"replies":[{"embeddable":true,"href":"https:\/\/agora.xtec.cat\/escolaelsquatrevents\/wp-json\/wp\/v2\/comments?post=3108"}],"version-history":[{"count":3,"href":"https:\/\/agora.xtec.cat\/escolaelsquatrevents\/wp-json\/wp\/v2\/posts\/3108\/revisions"}],"predecessor-version":[{"id":3112,"href":"https:\/\/agora.xtec.cat\/escolaelsquatrevents\/wp-json\/wp\/v2\/posts\/3108\/revisions\/3112"}],"wp:featuredmedia":[{"embeddable":true,"href":"https:\/\/agora.xtec.cat\/escolaelsquatrevents\/wp-json\/wp\/v2\/media\/3109"}],"wp:attachment":[{"href":"https:\/\/agora.xtec.cat\/escolaelsquatrevents\/wp-json\/wp\/v2\/media?parent=3108"}],"wp:term":[{"taxonomy":"category","embeddable":true,"href":"https:\/\/agora.xtec.cat\/escolaelsquatrevents\/wp-json\/wp\/v2\/categories?post=3108"},{"taxonomy":"post_tag","embeddable":true,"href":"https:\/\/agora.xtec.cat\/escolaelsquatrevents\/wp-json\/wp\/v2\/tags?post=3108"}],"curies":[{"name":"wp","href":"https:\/\/api.w.org\/{rel}","templated":true}]}}