{"id":2976,"date":"2018-06-05T08:52:41","date_gmt":"2018-06-05T06:52:41","guid":{"rendered":"http:\/\/agora.xtec.cat\/escolaelsquatrevents\/?p=2976"},"modified":"2018-06-05T14:17:30","modified_gmt":"2018-06-05T12:17:30","slug":"cantania-2018","status":"publish","type":"post","link":"https:\/\/agora.xtec.cat\/escolaelsquatrevents\/general\/cantania-2018\/","title":{"rendered":"CANT\u00c0NIA 2018"},"content":{"rendered":"<p>Els alumnes i les alumnes de cinqu\u00e8 aquest any tamb\u00e9 han participat en la Cant\u00e0nia.<\/p>\n<p>L\u00b4obra d\u00b4aquest any, Part\u00edcules ens parla de l\u2019origen i evoluci\u00f3 de l\u2019Univers. Ara fa uns tretze mil vuit cents milions d\u2019anys hi va haver una gran explosi\u00f3: un magma ben esp\u00e8s que de cop s\u2019espandeix. \u00c9s l\u2019origen del m\u00f3n; tot \u00e9s calent i roent. Una mena de sopa ca\u00f2tica i incandescent. Tots els alumnes d\u00b4unes vuit escoles han cantat i han participai en una coreografia impactant que volia explicar l\u00b4origen de l\u00b4univers. Ha estat una experi\u00e8ncia molt intensa i emocionant.<\/p>\n<p>Aquesta \u00e9s una activitat participativa dirigida a escolars de cinqu\u00e8\u00a0 de prim\u00e0ria. Cada temporada s\u2019encarrega una obra nova per a un gran cor de nens i nenes, a compositors i escriptors catalans de reconegut prestigi. Durant tot el curs escolar es treballa a l\u2019escola. L\u2019objectiu \u00e9s organitzar un acte per als alumnes que per la qualitat i per la implicaci\u00f3 personal i col\u00b7lectiva en l\u2019acte, es converteixi en una viv\u00e8ncia musical inoblidable per a tots.<\/p>\n<p>La Cant\u00e0nia va n\u00e9ixer el curs 1989 \u2013 1990 a partir de la voluntat de les mestres de m\u00fasica de les 9 escoles municipals de Barcelona de fer alguna activitat conjunta. L\u2019any 1997 es van afegir totes les escoles de la ciutat. L\u2019\u00e8xit va ser tal, que l\u2019any 2002 va comen\u00e7ar a implantar-se a d\u2019altres ciutats de Catalunya.<\/p>\n<p><a href=\"https:\/\/photos.google.com\/share\/AF1QipM_Yva-Gb1r9ibMpRIe6CakdxbPVxxUv8hKL36LHXureA0afUv7deLmcPiDyynTRw?key=ZkVsX1FJNkxiaEV6dXo1X0I5bHlPR3JSbTZPLVRR\"><img loading=\"lazy\" decoding=\"async\" class=\"aligncenter wp-image-2978 size-large\" src=\"http:\/\/agora.xtec.cat\/escolaelsquatrevents\/wp-content\/uploads\/usu584\/2018\/06\/IMG-20180602-WA0022-1024x497.jpg\" alt=\"\" width=\"1024\" height=\"497\" srcset=\"https:\/\/agora.xtec.cat\/escolaelsquatrevents\/wp-content\/uploads\/usu584\/2018\/06\/IMG-20180602-WA0022-1024x497.jpg 1024w, https:\/\/agora.xtec.cat\/escolaelsquatrevents\/wp-content\/uploads\/usu584\/2018\/06\/IMG-20180602-WA0022-300x146.jpg 300w, https:\/\/agora.xtec.cat\/escolaelsquatrevents\/wp-content\/uploads\/usu584\/2018\/06\/IMG-20180602-WA0022-768x373.jpg 768w, https:\/\/agora.xtec.cat\/escolaelsquatrevents\/wp-content\/uploads\/usu584\/2018\/06\/IMG-20180602-WA0022.jpg 1600w\" sizes=\"auto, (max-width: 1024px) 100vw, 1024px\" \/><\/a><\/p>\n<p>&nbsp;<\/p>\n<p>&nbsp;<\/p>\n<p>&nbsp;<\/p>\n<p>&nbsp;<\/p>\n<p>&nbsp;<\/p>\n<p>&nbsp;<\/p>\n<p>&nbsp;<\/p>\n<p>&nbsp;<\/p>\n<p>&nbsp;<\/p>\n<p>&nbsp;<\/p>\n<p>&nbsp;<\/p>\n","protected":false},"excerpt":{"rendered":"<p>Els alumnes i les alumnes de cinqu\u00e8 aquest any tamb\u00e9 han participat en la Cant\u00e0nia. L\u00b4obra d\u00b4aquest any, Part\u00edcules ens parla de l\u2019origen i evoluci\u00f3 de l\u2019Univers. Ara fa uns tretze mil vuit cents milions d\u2019anys hi va haver una gran explosi\u00f3: un magma ben esp\u00e8s que de cop s\u2019espandeix. \u00c9s l\u2019origen del m\u00f3n; tot [&hellip;]<\/p>\n","protected":false},"author":3,"featured_media":2978,"comment_status":"closed","ping_status":"closed","sticky":false,"template":"","format":"standard","meta":{"_bbp_topic_count":0,"_bbp_reply_count":0,"_bbp_total_topic_count":0,"_bbp_total_reply_count":0,"_bbp_voice_count":0,"_bbp_anonymous_reply_count":0,"_bbp_topic_count_hidden":0,"_bbp_reply_count_hidden":0,"_bbp_forum_subforum_count":0,"site-sidebar-layout":"default","site-content-layout":"","ast-site-content-layout":"","site-content-style":"default","site-sidebar-style":"default","ast-global-header-display":"","ast-banner-title-visibility":"","ast-main-header-display":"","ast-hfb-above-header-display":"","ast-hfb-below-header-display":"","ast-hfb-mobile-header-display":"","site-post-title":"","ast-breadcrumbs-content":"","ast-featured-img":"","footer-sml-layout":"","theme-transparent-header-meta":"","adv-header-id-meta":"","stick-header-meta":"","header-above-stick-meta":"","header-main-stick-meta":"","header-below-stick-meta":"","astra-migrate-meta-layouts":"default","ast-page-background-enabled":"default","ast-page-background-meta":{"desktop":{"background-color":"var(--ast-global-color-4)","background-image":"","background-repeat":"repeat","background-position":"center center","background-size":"auto","background-attachment":"scroll","background-type":"","background-media":"","overlay-type":"","overlay-color":"","overlay-opacity":"","overlay-gradient":""},"tablet":{"background-color":"","background-image":"","background-repeat":"repeat","background-position":"center center","background-size":"auto","background-attachment":"scroll","background-type":"","background-media":"","overlay-type":"","overlay-color":"","overlay-opacity":"","overlay-gradient":""},"mobile":{"background-color":"","background-image":"","background-repeat":"repeat","background-position":"center center","background-size":"auto","background-attachment":"scroll","background-type":"","background-media":"","overlay-type":"","overlay-color":"","overlay-opacity":"","overlay-gradient":""}},"ast-content-background-meta":{"desktop":{"background-color":"var(--ast-global-color-5)","background-image":"","background-repeat":"repeat","background-position":"center center","background-size":"auto","background-attachment":"scroll","background-type":"","background-media":"","overlay-type":"","overlay-color":"","overlay-opacity":"","overlay-gradient":""},"tablet":{"background-color":"var(--ast-global-color-5)","background-image":"","background-repeat":"repeat","background-position":"center center","background-size":"auto","background-attachment":"scroll","background-type":"","background-media":"","overlay-type":"","overlay-color":"","overlay-opacity":"","overlay-gradient":""},"mobile":{"background-color":"var(--ast-global-color-5)","background-image":"","background-repeat":"repeat","background-position":"center center","background-size":"auto","background-attachment":"scroll","background-type":"","background-media":"","overlay-type":"","overlay-color":"","overlay-opacity":"","overlay-gradient":""}},"footnotes":""},"categories":[8,1,4],"tags":[33,120,115,55],"class_list":["post-2976","post","type-post","status-publish","format-standard","has-post-thumbnail","hentry","category-grans","category-general","category-portada","tag-activitats-generals","tag-cantania","tag-comunitat-de-grans","tag-musica"],"post_mailing_queue_ids":[],"_links":{"self":[{"href":"https:\/\/agora.xtec.cat\/escolaelsquatrevents\/wp-json\/wp\/v2\/posts\/2976","targetHints":{"allow":["GET"]}}],"collection":[{"href":"https:\/\/agora.xtec.cat\/escolaelsquatrevents\/wp-json\/wp\/v2\/posts"}],"about":[{"href":"https:\/\/agora.xtec.cat\/escolaelsquatrevents\/wp-json\/wp\/v2\/types\/post"}],"author":[{"embeddable":true,"href":"https:\/\/agora.xtec.cat\/escolaelsquatrevents\/wp-json\/wp\/v2\/users\/3"}],"replies":[{"embeddable":true,"href":"https:\/\/agora.xtec.cat\/escolaelsquatrevents\/wp-json\/wp\/v2\/comments?post=2976"}],"version-history":[{"count":4,"href":"https:\/\/agora.xtec.cat\/escolaelsquatrevents\/wp-json\/wp\/v2\/posts\/2976\/revisions"}],"predecessor-version":[{"id":3012,"href":"https:\/\/agora.xtec.cat\/escolaelsquatrevents\/wp-json\/wp\/v2\/posts\/2976\/revisions\/3012"}],"wp:featuredmedia":[{"embeddable":true,"href":"https:\/\/agora.xtec.cat\/escolaelsquatrevents\/wp-json\/wp\/v2\/media\/2978"}],"wp:attachment":[{"href":"https:\/\/agora.xtec.cat\/escolaelsquatrevents\/wp-json\/wp\/v2\/media?parent=2976"}],"wp:term":[{"taxonomy":"category","embeddable":true,"href":"https:\/\/agora.xtec.cat\/escolaelsquatrevents\/wp-json\/wp\/v2\/categories?post=2976"},{"taxonomy":"post_tag","embeddable":true,"href":"https:\/\/agora.xtec.cat\/escolaelsquatrevents\/wp-json\/wp\/v2\/tags?post=2976"}],"curies":[{"name":"wp","href":"https:\/\/api.w.org\/{rel}","templated":true}]}}