{"id":2911,"date":"2018-05-21T12:11:25","date_gmt":"2018-05-21T10:11:25","guid":{"rendered":"http:\/\/agora.xtec.cat\/escolaelsquatrevents\/?p=2911"},"modified":"2018-05-21T17:29:43","modified_gmt":"2018-05-21T15:29:43","slug":"viatge-de-final-de-curs-dels-alumnes-de-6e","status":"publish","type":"post","link":"https:\/\/agora.xtec.cat\/escolaelsquatrevents\/general\/viatge-de-final-de-curs-dels-alumnes-de-6e\/","title":{"rendered":"Viatge de final de curs dels alumnes de 6\u00e8"},"content":{"rendered":"<p>Els nostres alumnes de 6\u00e8 ja han arribat a la casa de col\u00f2nies i estan a punt per gaudir d&#8217;uns dies\u00a0<span style=\"font-family: inherit; font-size: 1em;\">inoblidables plens d&#8217;activitats, amics i riure. <\/span><\/p>\n<p><a href=\"https:\/\/photos.app.goo.gl\/CSz4xGEEWeD3PrdR6\"><img loading=\"lazy\" decoding=\"async\" class=\"alignnone wp-image-2912 size-large\" src=\"http:\/\/agora.xtec.cat\/escolaelsquatrevents\/wp-content\/uploads\/usu584\/2018\/05\/IMG-20180521-WA0004-1024x576.jpg\" alt=\"\" width=\"1024\" height=\"576\" srcset=\"https:\/\/agora.xtec.cat\/escolaelsquatrevents\/wp-content\/uploads\/usu584\/2018\/05\/IMG-20180521-WA0004-1024x576.jpg 1024w, https:\/\/agora.xtec.cat\/escolaelsquatrevents\/wp-content\/uploads\/usu584\/2018\/05\/IMG-20180521-WA0004-300x169.jpg 300w, https:\/\/agora.xtec.cat\/escolaelsquatrevents\/wp-content\/uploads\/usu584\/2018\/05\/IMG-20180521-WA0004-768x432.jpg 768w, https:\/\/agora.xtec.cat\/escolaelsquatrevents\/wp-content\/uploads\/usu584\/2018\/05\/IMG-20180521-WA0004.jpg 1328w\" sizes=\"auto, (max-width: 1024px) 100vw, 1024px\" \/><\/a><\/p>\n<p>Feu clic a la imatge per accedir a l&#8217;\u00e0lbum.<\/p>\n<p>Fam\u00edlies!! Anirem pujant fotos durant aquest dies si us afegiu a l&#8217;\u00e0lbum us avisa cada vegada que hi han noves fotos!<\/p>\n","protected":false},"excerpt":{"rendered":"<p>Els nostres alumnes de 6\u00e8 ja han arribat a la casa de col\u00f2nies i estan a punt per gaudir d&#8217;uns dies\u00a0inoblidables plens d&#8217;activitats, amics i riure. Feu clic a la imatge per accedir a l&#8217;\u00e0lbum. Fam\u00edlies!! Anirem pujant fotos durant aquest dies si us afegiu a l&#8217;\u00e0lbum us avisa cada vegada que hi han noves [&hellip;]<\/p>\n","protected":false},"author":3,"featured_media":2912,"comment_status":"closed","ping_status":"closed","sticky":false,"template":"","format":"standard","meta":{"_bbp_topic_count":0,"_bbp_reply_count":0,"_bbp_total_topic_count":0,"_bbp_total_reply_count":0,"_bbp_voice_count":0,"_bbp_anonymous_reply_count":0,"_bbp_topic_count_hidden":0,"_bbp_reply_count_hidden":0,"_bbp_forum_subforum_count":0,"site-sidebar-layout":"default","site-content-layout":"","ast-site-content-layout":"","site-content-style":"default","site-sidebar-style":"default","ast-global-header-display":"","ast-banner-title-visibility":"","ast-main-header-display":"","ast-hfb-above-header-display":"","ast-hfb-below-header-display":"","ast-hfb-mobile-header-display":"","site-post-title":"","ast-breadcrumbs-content":"","ast-featured-img":"","footer-sml-layout":"","theme-transparent-header-meta":"","adv-header-id-meta":"","stick-header-meta":"","header-above-stick-meta":"","header-main-stick-meta":"","header-below-stick-meta":"","astra-migrate-meta-layouts":"default","ast-page-background-enabled":"default","ast-page-background-meta":{"desktop":{"background-color":"var(--ast-global-color-4)","background-image":"","background-repeat":"repeat","background-position":"center center","background-size":"auto","background-attachment":"scroll","background-type":"","background-media":"","overlay-type":"","overlay-color":"","overlay-opacity":"","overlay-gradient":""},"tablet":{"background-color":"","background-image":"","background-repeat":"repeat","background-position":"center center","background-size":"auto","background-attachment":"scroll","background-type":"","background-media":"","overlay-type":"","overlay-color":"","overlay-opacity":"","overlay-gradient":""},"mobile":{"background-color":"","background-image":"","background-repeat":"repeat","background-position":"center center","background-size":"auto","background-attachment":"scroll","background-type":"","background-media":"","overlay-type":"","overlay-color":"","overlay-opacity":"","overlay-gradient":""}},"ast-content-background-meta":{"desktop":{"background-color":"var(--ast-global-color-5)","background-image":"","background-repeat":"repeat","background-position":"center center","background-size":"auto","background-attachment":"scroll","background-type":"","background-media":"","overlay-type":"","overlay-color":"","overlay-opacity":"","overlay-gradient":""},"tablet":{"background-color":"var(--ast-global-color-5)","background-image":"","background-repeat":"repeat","background-position":"center center","background-size":"auto","background-attachment":"scroll","background-type":"","background-media":"","overlay-type":"","overlay-color":"","overlay-opacity":"","overlay-gradient":""},"mobile":{"background-color":"var(--ast-global-color-5)","background-image":"","background-repeat":"repeat","background-position":"center center","background-size":"auto","background-attachment":"scroll","background-type":"","background-media":"","overlay-type":"","overlay-color":"","overlay-opacity":"","overlay-gradient":""}},"footnotes":""},"categories":[8,1,4],"tags":[102,89,115,16],"class_list":["post-2911","post","type-post","status-publish","format-standard","has-post-thumbnail","hentry","category-grans","category-general","category-portada","tag-6e","tag-colonies","tag-comunitat-de-grans","tag-sortides"],"post_mailing_queue_ids":[],"_links":{"self":[{"href":"https:\/\/agora.xtec.cat\/escolaelsquatrevents\/wp-json\/wp\/v2\/posts\/2911","targetHints":{"allow":["GET"]}}],"collection":[{"href":"https:\/\/agora.xtec.cat\/escolaelsquatrevents\/wp-json\/wp\/v2\/posts"}],"about":[{"href":"https:\/\/agora.xtec.cat\/escolaelsquatrevents\/wp-json\/wp\/v2\/types\/post"}],"author":[{"embeddable":true,"href":"https:\/\/agora.xtec.cat\/escolaelsquatrevents\/wp-json\/wp\/v2\/users\/3"}],"replies":[{"embeddable":true,"href":"https:\/\/agora.xtec.cat\/escolaelsquatrevents\/wp-json\/wp\/v2\/comments?post=2911"}],"version-history":[{"count":1,"href":"https:\/\/agora.xtec.cat\/escolaelsquatrevents\/wp-json\/wp\/v2\/posts\/2911\/revisions"}],"predecessor-version":[{"id":2913,"href":"https:\/\/agora.xtec.cat\/escolaelsquatrevents\/wp-json\/wp\/v2\/posts\/2911\/revisions\/2913"}],"wp:featuredmedia":[{"embeddable":true,"href":"https:\/\/agora.xtec.cat\/escolaelsquatrevents\/wp-json\/wp\/v2\/media\/2912"}],"wp:attachment":[{"href":"https:\/\/agora.xtec.cat\/escolaelsquatrevents\/wp-json\/wp\/v2\/media?parent=2911"}],"wp:term":[{"taxonomy":"category","embeddable":true,"href":"https:\/\/agora.xtec.cat\/escolaelsquatrevents\/wp-json\/wp\/v2\/categories?post=2911"},{"taxonomy":"post_tag","embeddable":true,"href":"https:\/\/agora.xtec.cat\/escolaelsquatrevents\/wp-json\/wp\/v2\/tags?post=2911"}],"curies":[{"name":"wp","href":"https:\/\/api.w.org\/{rel}","templated":true}]}}