{"id":2895,"date":"2018-05-14T12:49:24","date_gmt":"2018-05-14T10:49:24","guid":{"rendered":"http:\/\/agora.xtec.cat\/escolaelsquatrevents\/?p=2895"},"modified":"2018-05-15T22:54:49","modified_gmt":"2018-05-15T20:54:49","slug":"v-diada-multicultural","status":"publish","type":"post","link":"https:\/\/agora.xtec.cat\/escolaelsquatrevents\/portada\/v-diada-multicultural\/","title":{"rendered":"V Diada Multicultural"},"content":{"rendered":"<h5 style=\"text-align: justify;\">El proper dijous 24 de maig celebrem la V Diada Multicultural a l&#8217;escola. Com cada any\u00a0esperem\u00a0la participaci\u00f3 de les fam\u00edlies per gaudir a trav\u00e9s de contes, balls, can\u00e7ons i plats t\u00edpics de la rica diversitat cultural que tenim al centre.<\/h5>\n<h5 style=\"text-align: justify;\">Aquest any, amb els ulls al nou edifici, volem convidar a totes les fam\u00edlies (participin activament en la diada multicultural o vinguin de p\u00fablic) a dir la seva per la inauguraci\u00f3 del proper setembre. Tenim ganes de sentir i gravar en v\u00eddeo qu\u00e8 \u00e9s el que m\u00e9s us agrada de Els Quatre Vents, aix\u00ed com qu\u00e8 espereu que ens aportin les noves instal\u00b7lacions.<\/h5>\n<h5 style=\"text-align: justify;\">Durant el dia v\u00e0ries persones de l&#8217;equip anirem fent aquests enregistraments. Esperem que vingueu ben preparats!<\/h5>\n<p>&nbsp;<\/p>\n<p><img loading=\"lazy\" decoding=\"async\" class=\"size-medium wp-image-2897\" src=\"http:\/\/agora.xtec.cat\/escolaelsquatrevents\/wp-content\/uploads\/usu584\/2018\/05\/photographer-with-digital-camera-clipart-6229-1-196x300.jpg\" alt=\"\" width=\"196\" height=\"300\" srcset=\"https:\/\/agora.xtec.cat\/escolaelsquatrevents\/wp-content\/uploads\/usu584\/2018\/05\/photographer-with-digital-camera-clipart-6229-1-196x300.jpg 196w, https:\/\/agora.xtec.cat\/escolaelsquatrevents\/wp-content\/uploads\/usu584\/2018\/05\/photographer-with-digital-camera-clipart-6229-1.jpg 285w\" sizes=\"auto, (max-width: 196px) 100vw, 196px\" \/><\/p>\n<h3 style=\"text-align: center;\"><span style=\"color: #0000ff;\"><em><strong>Fent gran l&#8217;escola Els Quatre Vents, l&#8217;escola de TOTS i TOTES!!<\/strong><\/em><\/span><\/h3>\n","protected":false},"excerpt":{"rendered":"<p>El proper dijous 24 de maig celebrem la V Diada Multicultural a l&#8217;escola. Com cada any\u00a0esperem\u00a0la participaci\u00f3 de les fam\u00edlies per gaudir a trav\u00e9s de contes, balls, can\u00e7ons i plats t\u00edpics de la rica diversitat cultural que tenim al centre. Aquest any, amb els ulls al nou edifici, volem convidar a totes les fam\u00edlies (participin [&hellip;]<\/p>\n","protected":false},"author":1,"featured_media":2897,"comment_status":"closed","ping_status":"closed","sticky":false,"template":"","format":"standard","meta":{"_bbp_topic_count":0,"_bbp_reply_count":0,"_bbp_total_topic_count":0,"_bbp_total_reply_count":0,"_bbp_voice_count":0,"_bbp_anonymous_reply_count":0,"_bbp_topic_count_hidden":0,"_bbp_reply_count_hidden":0,"_bbp_forum_subforum_count":0,"site-sidebar-layout":"default","site-content-layout":"","ast-site-content-layout":"","site-content-style":"default","site-sidebar-style":"default","ast-global-header-display":"","ast-banner-title-visibility":"","ast-main-header-display":"","ast-hfb-above-header-display":"","ast-hfb-below-header-display":"","ast-hfb-mobile-header-display":"","site-post-title":"","ast-breadcrumbs-content":"","ast-featured-img":"","footer-sml-layout":"","theme-transparent-header-meta":"","adv-header-id-meta":"","stick-header-meta":"","header-above-stick-meta":"","header-main-stick-meta":"","header-below-stick-meta":"","astra-migrate-meta-layouts":"default","ast-page-background-enabled":"default","ast-page-background-meta":{"desktop":{"background-color":"var(--ast-global-color-4)","background-image":"","background-repeat":"repeat","background-position":"center center","background-size":"auto","background-attachment":"scroll","background-type":"","background-media":"","overlay-type":"","overlay-color":"","overlay-opacity":"","overlay-gradient":""},"tablet":{"background-color":"","background-image":"","background-repeat":"repeat","background-position":"center center","background-size":"auto","background-attachment":"scroll","background-type":"","background-media":"","overlay-type":"","overlay-color":"","overlay-opacity":"","overlay-gradient":""},"mobile":{"background-color":"","background-image":"","background-repeat":"repeat","background-position":"center center","background-size":"auto","background-attachment":"scroll","background-type":"","background-media":"","overlay-type":"","overlay-color":"","overlay-opacity":"","overlay-gradient":""}},"ast-content-background-meta":{"desktop":{"background-color":"var(--ast-global-color-5)","background-image":"","background-repeat":"repeat","background-position":"center center","background-size":"auto","background-attachment":"scroll","background-type":"","background-media":"","overlay-type":"","overlay-color":"","overlay-opacity":"","overlay-gradient":""},"tablet":{"background-color":"var(--ast-global-color-5)","background-image":"","background-repeat":"repeat","background-position":"center center","background-size":"auto","background-attachment":"scroll","background-type":"","background-media":"","overlay-type":"","overlay-color":"","overlay-opacity":"","overlay-gradient":""},"mobile":{"background-color":"var(--ast-global-color-5)","background-image":"","background-repeat":"repeat","background-position":"center center","background-size":"auto","background-attachment":"scroll","background-type":"","background-media":"","overlay-type":"","overlay-color":"","overlay-opacity":"","overlay-gradient":""}},"footnotes":""},"categories":[4],"tags":[33,53,26,27],"class_list":["post-2895","post","type-post","status-publish","format-standard","has-post-thumbnail","hentry","category-portada","tag-activitats-generals","tag-comissions","tag-festes","tag-informacio"],"post_mailing_queue_ids":[],"_links":{"self":[{"href":"https:\/\/agora.xtec.cat\/escolaelsquatrevents\/wp-json\/wp\/v2\/posts\/2895","targetHints":{"allow":["GET"]}}],"collection":[{"href":"https:\/\/agora.xtec.cat\/escolaelsquatrevents\/wp-json\/wp\/v2\/posts"}],"about":[{"href":"https:\/\/agora.xtec.cat\/escolaelsquatrevents\/wp-json\/wp\/v2\/types\/post"}],"author":[{"embeddable":true,"href":"https:\/\/agora.xtec.cat\/escolaelsquatrevents\/wp-json\/wp\/v2\/users\/1"}],"replies":[{"embeddable":true,"href":"https:\/\/agora.xtec.cat\/escolaelsquatrevents\/wp-json\/wp\/v2\/comments?post=2895"}],"version-history":[{"count":2,"href":"https:\/\/agora.xtec.cat\/escolaelsquatrevents\/wp-json\/wp\/v2\/posts\/2895\/revisions"}],"predecessor-version":[{"id":2899,"href":"https:\/\/agora.xtec.cat\/escolaelsquatrevents\/wp-json\/wp\/v2\/posts\/2895\/revisions\/2899"}],"wp:featuredmedia":[{"embeddable":true,"href":"https:\/\/agora.xtec.cat\/escolaelsquatrevents\/wp-json\/wp\/v2\/media\/2897"}],"wp:attachment":[{"href":"https:\/\/agora.xtec.cat\/escolaelsquatrevents\/wp-json\/wp\/v2\/media?parent=2895"}],"wp:term":[{"taxonomy":"category","embeddable":true,"href":"https:\/\/agora.xtec.cat\/escolaelsquatrevents\/wp-json\/wp\/v2\/categories?post=2895"},{"taxonomy":"post_tag","embeddable":true,"href":"https:\/\/agora.xtec.cat\/escolaelsquatrevents\/wp-json\/wp\/v2\/tags?post=2895"}],"curies":[{"name":"wp","href":"https:\/\/api.w.org\/{rel}","templated":true}]}}