{"id":2680,"date":"2018-03-15T11:59:54","date_gmt":"2018-03-15T10:59:54","guid":{"rendered":"http:\/\/agora.xtec.cat\/escolaelsquatrevents\/?p=2680"},"modified":"2018-03-15T11:59:54","modified_gmt":"2018-03-15T10:59:54","slug":"gegantons-a-can-palots","status":"publish","type":"post","link":"https:\/\/agora.xtec.cat\/escolaelsquatrevents\/general\/gegantons-a-can-palots\/","title":{"rendered":"Gegantons a Can Palots"},"content":{"rendered":"<p>Dissabte despr\u00e9s de participar a la Festa de l&#8217;Escola P\u00fablica, el nostres gegantons se&#8217;n van anar de visita a Can Palots. Estaran all\u00e0 fins que estigui a punt l&#8217;edifici de la nostra escola.<\/p>\n<p>Al Buf, al Raig, a la Lila i al Torrat\u00a0els agrada molt estar amb els nens aix\u00ed quan aneu al teatre pujeu a saludar-los.<\/p>\n<p style=\"text-align: center;\"><strong>Si voleu formar part de la comissi\u00f3 de gegantons esteu convidats a la reuni\u00f3 que farem el proper dilluns 19 de mar\u00e7 a les 16.30h a la sala de mestres. Us esperem!!<\/strong><\/p>\n<p><a href=\"http:\/\/agora.xtec.cat\/escolaelsquatrevents\/wp-content\/uploads\/usu584\/2018\/03\/20180315_101424-COLLAGE.jpg\"><img loading=\"lazy\" decoding=\"async\" class=\" wp-image-2683 aligncenter\" src=\"http:\/\/agora.xtec.cat\/escolaelsquatrevents\/wp-content\/uploads\/usu584\/2018\/03\/20180315_101424-COLLAGE-300x225.jpg\" alt=\"\" width=\"464\" height=\"348\" srcset=\"https:\/\/agora.xtec.cat\/escolaelsquatrevents\/wp-content\/uploads\/usu584\/2018\/03\/20180315_101424-COLLAGE-300x225.jpg 300w, https:\/\/agora.xtec.cat\/escolaelsquatrevents\/wp-content\/uploads\/usu584\/2018\/03\/20180315_101424-COLLAGE-768x576.jpg 768w, https:\/\/agora.xtec.cat\/escolaelsquatrevents\/wp-content\/uploads\/usu584\/2018\/03\/20180315_101424-COLLAGE-1024x768.jpg 1024w, https:\/\/agora.xtec.cat\/escolaelsquatrevents\/wp-content\/uploads\/usu584\/2018\/03\/20180315_101424-COLLAGE-200x150.jpg 200w, https:\/\/agora.xtec.cat\/escolaelsquatrevents\/wp-content\/uploads\/usu584\/2018\/03\/20180315_101424-COLLAGE.jpg 2046w\" sizes=\"auto, (max-width: 464px) 100vw, 464px\" \/><\/a><\/p>\n","protected":false},"excerpt":{"rendered":"<p>Dissabte despr\u00e9s de participar a la Festa de l&#8217;Escola P\u00fablica, el nostres gegantons se&#8217;n van anar de visita a Can Palots. Estaran all\u00e0 fins que estigui a punt l&#8217;edifici de la nostra escola. Al Buf, al Raig, a la Lila i al Torrat\u00a0els agrada molt estar amb els nens aix\u00ed quan aneu al teatre pujeu [&hellip;]<\/p>\n","protected":false},"author":3,"featured_media":2683,"comment_status":"open","ping_status":"closed","sticky":false,"template":"","format":"standard","meta":{"_bbp_topic_count":0,"_bbp_reply_count":0,"_bbp_total_topic_count":0,"_bbp_total_reply_count":0,"_bbp_voice_count":0,"_bbp_anonymous_reply_count":0,"_bbp_topic_count_hidden":0,"_bbp_reply_count_hidden":0,"_bbp_forum_subforum_count":0,"site-sidebar-layout":"default","site-content-layout":"","ast-site-content-layout":"","site-content-style":"default","site-sidebar-style":"default","ast-global-header-display":"","ast-banner-title-visibility":"","ast-main-header-display":"","ast-hfb-above-header-display":"","ast-hfb-below-header-display":"","ast-hfb-mobile-header-display":"","site-post-title":"","ast-breadcrumbs-content":"","ast-featured-img":"","footer-sml-layout":"","theme-transparent-header-meta":"","adv-header-id-meta":"","stick-header-meta":"","header-above-stick-meta":"","header-main-stick-meta":"","header-below-stick-meta":"","astra-migrate-meta-layouts":"default","ast-page-background-enabled":"default","ast-page-background-meta":{"desktop":{"background-color":"var(--ast-global-color-4)","background-image":"","background-repeat":"repeat","background-position":"center center","background-size":"auto","background-attachment":"scroll","background-type":"","background-media":"","overlay-type":"","overlay-color":"","overlay-opacity":"","overlay-gradient":""},"tablet":{"background-color":"","background-image":"","background-repeat":"repeat","background-position":"center center","background-size":"auto","background-attachment":"scroll","background-type":"","background-media":"","overlay-type":"","overlay-color":"","overlay-opacity":"","overlay-gradient":""},"mobile":{"background-color":"","background-image":"","background-repeat":"repeat","background-position":"center center","background-size":"auto","background-attachment":"scroll","background-type":"","background-media":"","overlay-type":"","overlay-color":"","overlay-opacity":"","overlay-gradient":""}},"ast-content-background-meta":{"desktop":{"background-color":"var(--ast-global-color-5)","background-image":"","background-repeat":"repeat","background-position":"center center","background-size":"auto","background-attachment":"scroll","background-type":"","background-media":"","overlay-type":"","overlay-color":"","overlay-opacity":"","overlay-gradient":""},"tablet":{"background-color":"var(--ast-global-color-5)","background-image":"","background-repeat":"repeat","background-position":"center center","background-size":"auto","background-attachment":"scroll","background-type":"","background-media":"","overlay-type":"","overlay-color":"","overlay-opacity":"","overlay-gradient":""},"mobile":{"background-color":"var(--ast-global-color-5)","background-image":"","background-repeat":"repeat","background-position":"center center","background-size":"auto","background-attachment":"scroll","background-type":"","background-media":"","overlay-type":"","overlay-color":"","overlay-opacity":"","overlay-gradient":""}},"footnotes":""},"categories":[1,4],"tags":[53,130],"class_list":["post-2680","post","type-post","status-publish","format-standard","has-post-thumbnail","hentry","category-general","category-portada","tag-comissions","tag-gegantons"],"post_mailing_queue_ids":[],"_links":{"self":[{"href":"https:\/\/agora.xtec.cat\/escolaelsquatrevents\/wp-json\/wp\/v2\/posts\/2680","targetHints":{"allow":["GET"]}}],"collection":[{"href":"https:\/\/agora.xtec.cat\/escolaelsquatrevents\/wp-json\/wp\/v2\/posts"}],"about":[{"href":"https:\/\/agora.xtec.cat\/escolaelsquatrevents\/wp-json\/wp\/v2\/types\/post"}],"author":[{"embeddable":true,"href":"https:\/\/agora.xtec.cat\/escolaelsquatrevents\/wp-json\/wp\/v2\/users\/3"}],"replies":[{"embeddable":true,"href":"https:\/\/agora.xtec.cat\/escolaelsquatrevents\/wp-json\/wp\/v2\/comments?post=2680"}],"version-history":[{"count":1,"href":"https:\/\/agora.xtec.cat\/escolaelsquatrevents\/wp-json\/wp\/v2\/posts\/2680\/revisions"}],"predecessor-version":[{"id":2684,"href":"https:\/\/agora.xtec.cat\/escolaelsquatrevents\/wp-json\/wp\/v2\/posts\/2680\/revisions\/2684"}],"wp:featuredmedia":[{"embeddable":true,"href":"https:\/\/agora.xtec.cat\/escolaelsquatrevents\/wp-json\/wp\/v2\/media\/2683"}],"wp:attachment":[{"href":"https:\/\/agora.xtec.cat\/escolaelsquatrevents\/wp-json\/wp\/v2\/media?parent=2680"}],"wp:term":[{"taxonomy":"category","embeddable":true,"href":"https:\/\/agora.xtec.cat\/escolaelsquatrevents\/wp-json\/wp\/v2\/categories?post=2680"},{"taxonomy":"post_tag","embeddable":true,"href":"https:\/\/agora.xtec.cat\/escolaelsquatrevents\/wp-json\/wp\/v2\/tags?post=2680"}],"curies":[{"name":"wp","href":"https:\/\/api.w.org\/{rel}","templated":true}]}}