{"id":2665,"date":"2018-03-12T11:37:58","date_gmt":"2018-03-12T10:37:58","guid":{"rendered":"http:\/\/agora.xtec.cat\/escolaelsquatrevents\/?p=2665"},"modified":"2018-03-14T20:51:58","modified_gmt":"2018-03-14T19:51:58","slug":"lesforc-no-es-un-pal","status":"publish","type":"post","link":"https:\/\/agora.xtec.cat\/escolaelsquatrevents\/general\/lesforc-no-es-un-pal\/","title":{"rendered":"L&#8217;esfor\u00e7 no \u00e9s un pal"},"content":{"rendered":"<p>El Passat dimarts dia 6 de mar\u00e7 v\u00e0ren venir a fer-nos una xerrada l&#8217;<strong>\u00c0ngels F\u00e0bregues<\/strong> com a periodista del diari Sport i l&#8217;<strong>Andrea Bosch<\/strong> com a esportista profesional en la modalitat de Taekwondo. L&#8217;obejectiu de la xerrada era conscienciar als\/les alumnes de 6\u00e8 de l&#8217;import\u00e0ncia de l&#8217;esfor\u00e7 en quansevol objectiu que es plantegin arribar en un futur ja sigui a nivell esportiu o a nivell personal.<\/p>\n<p>Us deixem un parell d&#8217;imatges del moment.<a href=\"https:\/\/photos.app.goo.gl\/EOWzdlpfu5mHsibJ2\"><img loading=\"lazy\" decoding=\"async\" class=\"wp-image-2666 aligncenter\" src=\"http:\/\/agora.xtec.cat\/escolaelsquatrevents\/wp-content\/uploads\/usu584\/2018\/03\/cropped-EDUCACIOFISICA.jpg\" alt=\"\" width=\"313\" height=\"66\" srcset=\"https:\/\/agora.xtec.cat\/escolaelsquatrevents\/wp-content\/uploads\/usu584\/2018\/03\/cropped-EDUCACIOFISICA.jpg 940w, https:\/\/agora.xtec.cat\/escolaelsquatrevents\/wp-content\/uploads\/usu584\/2018\/03\/cropped-EDUCACIOFISICA-300x63.jpg 300w, https:\/\/agora.xtec.cat\/escolaelsquatrevents\/wp-content\/uploads\/usu584\/2018\/03\/cropped-EDUCACIOFISICA-768x162.jpg 768w\" sizes=\"auto, (max-width: 313px) 100vw, 313px\" \/><\/a><\/p>\n","protected":false},"excerpt":{"rendered":"<p>El Passat dimarts dia 6 de mar\u00e7 v\u00e0ren venir a fer-nos una xerrada l&#8217;\u00c0ngels F\u00e0bregues com a periodista del diari Sport i l&#8217;Andrea Bosch com a esportista profesional en la modalitat de Taekwondo. L&#8217;obejectiu de la xerrada era conscienciar als\/les alumnes de 6\u00e8 de l&#8217;import\u00e0ncia de l&#8217;esfor\u00e7 en quansevol objectiu que es plantegin arribar en [&hellip;]<\/p>\n","protected":false},"author":1,"featured_media":2666,"comment_status":"closed","ping_status":"closed","sticky":false,"template":"","format":"standard","meta":{"_bbp_topic_count":0,"_bbp_reply_count":0,"_bbp_total_topic_count":0,"_bbp_total_reply_count":0,"_bbp_voice_count":0,"_bbp_anonymous_reply_count":0,"_bbp_topic_count_hidden":0,"_bbp_reply_count_hidden":0,"_bbp_forum_subforum_count":0,"site-sidebar-layout":"default","site-content-layout":"","ast-site-content-layout":"","site-content-style":"default","site-sidebar-style":"default","ast-global-header-display":"","ast-banner-title-visibility":"","ast-main-header-display":"","ast-hfb-above-header-display":"","ast-hfb-below-header-display":"","ast-hfb-mobile-header-display":"","site-post-title":"","ast-breadcrumbs-content":"","ast-featured-img":"","footer-sml-layout":"","theme-transparent-header-meta":"","adv-header-id-meta":"","stick-header-meta":"","header-above-stick-meta":"","header-main-stick-meta":"","header-below-stick-meta":"","astra-migrate-meta-layouts":"default","ast-page-background-enabled":"default","ast-page-background-meta":{"desktop":{"background-color":"var(--ast-global-color-4)","background-image":"","background-repeat":"repeat","background-position":"center center","background-size":"auto","background-attachment":"scroll","background-type":"","background-media":"","overlay-type":"","overlay-color":"","overlay-opacity":"","overlay-gradient":""},"tablet":{"background-color":"","background-image":"","background-repeat":"repeat","background-position":"center center","background-size":"auto","background-attachment":"scroll","background-type":"","background-media":"","overlay-type":"","overlay-color":"","overlay-opacity":"","overlay-gradient":""},"mobile":{"background-color":"","background-image":"","background-repeat":"repeat","background-position":"center center","background-size":"auto","background-attachment":"scroll","background-type":"","background-media":"","overlay-type":"","overlay-color":"","overlay-opacity":"","overlay-gradient":""}},"ast-content-background-meta":{"desktop":{"background-color":"var(--ast-global-color-5)","background-image":"","background-repeat":"repeat","background-position":"center center","background-size":"auto","background-attachment":"scroll","background-type":"","background-media":"","overlay-type":"","overlay-color":"","overlay-opacity":"","overlay-gradient":""},"tablet":{"background-color":"var(--ast-global-color-5)","background-image":"","background-repeat":"repeat","background-position":"center center","background-size":"auto","background-attachment":"scroll","background-type":"","background-media":"","overlay-type":"","overlay-color":"","overlay-opacity":"","overlay-gradient":""},"mobile":{"background-color":"var(--ast-global-color-5)","background-image":"","background-repeat":"repeat","background-position":"center center","background-size":"auto","background-attachment":"scroll","background-type":"","background-media":"","overlay-type":"","overlay-color":"","overlay-opacity":"","overlay-gradient":""}},"footnotes":""},"categories":[8,1,4],"tags":[115,78],"class_list":["post-2665","post","type-post","status-publish","format-standard","has-post-thumbnail","hentry","category-grans","category-general","category-portada","tag-comunitat-de-grans","tag-educacio-fisica"],"post_mailing_queue_ids":[],"_links":{"self":[{"href":"https:\/\/agora.xtec.cat\/escolaelsquatrevents\/wp-json\/wp\/v2\/posts\/2665","targetHints":{"allow":["GET"]}}],"collection":[{"href":"https:\/\/agora.xtec.cat\/escolaelsquatrevents\/wp-json\/wp\/v2\/posts"}],"about":[{"href":"https:\/\/agora.xtec.cat\/escolaelsquatrevents\/wp-json\/wp\/v2\/types\/post"}],"author":[{"embeddable":true,"href":"https:\/\/agora.xtec.cat\/escolaelsquatrevents\/wp-json\/wp\/v2\/users\/1"}],"replies":[{"embeddable":true,"href":"https:\/\/agora.xtec.cat\/escolaelsquatrevents\/wp-json\/wp\/v2\/comments?post=2665"}],"version-history":[{"count":1,"href":"https:\/\/agora.xtec.cat\/escolaelsquatrevents\/wp-json\/wp\/v2\/posts\/2665\/revisions"}],"predecessor-version":[{"id":2667,"href":"https:\/\/agora.xtec.cat\/escolaelsquatrevents\/wp-json\/wp\/v2\/posts\/2665\/revisions\/2667"}],"wp:featuredmedia":[{"embeddable":true,"href":"https:\/\/agora.xtec.cat\/escolaelsquatrevents\/wp-json\/wp\/v2\/media\/2666"}],"wp:attachment":[{"href":"https:\/\/agora.xtec.cat\/escolaelsquatrevents\/wp-json\/wp\/v2\/media?parent=2665"}],"wp:term":[{"taxonomy":"category","embeddable":true,"href":"https:\/\/agora.xtec.cat\/escolaelsquatrevents\/wp-json\/wp\/v2\/categories?post=2665"},{"taxonomy":"post_tag","embeddable":true,"href":"https:\/\/agora.xtec.cat\/escolaelsquatrevents\/wp-json\/wp\/v2\/tags?post=2665"}],"curies":[{"name":"wp","href":"https:\/\/api.w.org\/{rel}","templated":true}]}}