{"id":2568,"date":"2018-02-19T13:48:54","date_gmt":"2018-02-19T12:48:54","guid":{"rendered":"http:\/\/agora.xtec.cat\/escolaelsquatrevents\/?p=2568"},"modified":"2018-02-28T09:59:40","modified_gmt":"2018-02-28T08:59:40","slug":"taller-de-contes-audiovisuals-a-la-setmana-cultural","status":"publish","type":"post","link":"https:\/\/agora.xtec.cat\/escolaelsquatrevents\/general\/taller-de-contes-audiovisuals-a-la-setmana-cultural\/","title":{"rendered":"TALLER DE CONTES AUDIOVISUALS A LA SETMANA CULTURAL"},"content":{"rendered":"<p><a href=\"http:\/\/agora.xtec.cat\/escolaelsquatrevents\/wp-content\/uploads\/usu584\/2018\/02\/210777.jpg\">\u00a0<\/a><\/p>\n<p>Durant la setmana cultural, des del 5 fins al 9 de febrero d\u00b4aquest any, s\u00b4han fet tallers de contes audiovisuals a quart, cinqu\u00e8 i sis\u00e8. Els nens i nenes en primer lloc s\u00b4inventaven el gui\u00f3; despr\u00e9s decidien les diferents escenes. Per \u00faltim es feia la realitzaci\u00f3 dels , v\u00eddeos, etc.<\/p>\n<p>Alguns contes es van fer amb v\u00eddeos; altres amb stop motion ( fotos molt seguides que creen la sensaci\u00f3 de moviment, etc.<\/p>\n<p>CONTES DE QUART<\/p>\n<p><a href=\"https:\/\/www.youtube.com\/playlist?list=PLoyq93M6QIZsaTeL9fkcDImcd3zxBgM60\"><img loading=\"lazy\" decoding=\"async\" class=\"alignnone size-medium wp-image-2616\" src=\"http:\/\/agora.xtec.cat\/escolaelsquatrevents\/wp-content\/uploads\/usu584\/2018\/02\/lego-522638-300x178.jpg\" alt=\"\" width=\"300\" height=\"178\" srcset=\"https:\/\/agora.xtec.cat\/escolaelsquatrevents\/wp-content\/uploads\/usu584\/2018\/02\/lego-522638-300x178.jpg 300w, https:\/\/agora.xtec.cat\/escolaelsquatrevents\/wp-content\/uploads\/usu584\/2018\/02\/lego-522638.jpg 590w\" sizes=\"auto, (max-width: 300px) 100vw, 300px\" \/><\/a><\/p>\n<p>CONTES DE CINQU\u00c8<\/p>\n<p><a href=\"https:\/\/www.youtube.com\/playlist?list=PLoyq93M6QIZswPkqeJGT7jMfp1vLXRYc9\"><img loading=\"lazy\" decoding=\"async\" class=\"alignnone size-medium wp-image-2619\" src=\"http:\/\/agora.xtec.cat\/escolaelsquatrevents\/wp-content\/uploads\/usu584\/2018\/02\/210777-300x178.jpg\" alt=\"\" width=\"300\" height=\"178\" srcset=\"https:\/\/agora.xtec.cat\/escolaelsquatrevents\/wp-content\/uploads\/usu584\/2018\/02\/210777-300x178.jpg 300w, https:\/\/agora.xtec.cat\/escolaelsquatrevents\/wp-content\/uploads\/usu584\/2018\/02\/210777.jpg 590w\" sizes=\"auto, (max-width: 300px) 100vw, 300px\" \/><\/a><\/p>\n<p>CONTES DE SIS\u00c8<\/p>\n","protected":false},"excerpt":{"rendered":"<p>\u00a0 Durant la setmana cultural, des del 5 fins al 9 de febrero d\u00b4aquest any, s\u00b4han fet tallers de contes audiovisuals a quart, cinqu\u00e8 i sis\u00e8. Els nens i nenes en primer lloc s\u00b4inventaven el gui\u00f3; despr\u00e9s decidien les diferents escenes. Per \u00faltim es feia la realitzaci\u00f3 dels , v\u00eddeos, etc. Alguns contes es van [&hellip;]<\/p>\n","protected":false},"author":3,"featured_media":2616,"comment_status":"open","ping_status":"closed","sticky":false,"template":"","format":"standard","meta":{"_bbp_topic_count":0,"_bbp_reply_count":0,"_bbp_total_topic_count":0,"_bbp_total_reply_count":0,"_bbp_voice_count":0,"_bbp_anonymous_reply_count":0,"_bbp_topic_count_hidden":0,"_bbp_reply_count_hidden":0,"_bbp_forum_subforum_count":0,"site-sidebar-layout":"default","site-content-layout":"","ast-site-content-layout":"","site-content-style":"default","site-sidebar-style":"default","ast-global-header-display":"","ast-banner-title-visibility":"","ast-main-header-display":"","ast-hfb-above-header-display":"","ast-hfb-below-header-display":"","ast-hfb-mobile-header-display":"","site-post-title":"","ast-breadcrumbs-content":"","ast-featured-img":"","footer-sml-layout":"","theme-transparent-header-meta":"","adv-header-id-meta":"","stick-header-meta":"","header-above-stick-meta":"","header-main-stick-meta":"","header-below-stick-meta":"","astra-migrate-meta-layouts":"default","ast-page-background-enabled":"default","ast-page-background-meta":{"desktop":{"background-color":"var(--ast-global-color-4)","background-image":"","background-repeat":"repeat","background-position":"center center","background-size":"auto","background-attachment":"scroll","background-type":"","background-media":"","overlay-type":"","overlay-color":"","overlay-opacity":"","overlay-gradient":""},"tablet":{"background-color":"","background-image":"","background-repeat":"repeat","background-position":"center center","background-size":"auto","background-attachment":"scroll","background-type":"","background-media":"","overlay-type":"","overlay-color":"","overlay-opacity":"","overlay-gradient":""},"mobile":{"background-color":"","background-image":"","background-repeat":"repeat","background-position":"center center","background-size":"auto","background-attachment":"scroll","background-type":"","background-media":"","overlay-type":"","overlay-color":"","overlay-opacity":"","overlay-gradient":""}},"ast-content-background-meta":{"desktop":{"background-color":"var(--ast-global-color-5)","background-image":"","background-repeat":"repeat","background-position":"center center","background-size":"auto","background-attachment":"scroll","background-type":"","background-media":"","overlay-type":"","overlay-color":"","overlay-opacity":"","overlay-gradient":""},"tablet":{"background-color":"var(--ast-global-color-5)","background-image":"","background-repeat":"repeat","background-position":"center center","background-size":"auto","background-attachment":"scroll","background-type":"","background-media":"","overlay-type":"","overlay-color":"","overlay-opacity":"","overlay-gradient":""},"mobile":{"background-color":"var(--ast-global-color-5)","background-image":"","background-repeat":"repeat","background-position":"center center","background-size":"auto","background-attachment":"scroll","background-type":"","background-media":"","overlay-type":"","overlay-color":"","overlay-opacity":"","overlay-gradient":""}},"footnotes":""},"categories":[8,1,4],"tags":[],"class_list":["post-2568","post","type-post","status-publish","format-standard","has-post-thumbnail","hentry","category-grans","category-general","category-portada"],"post_mailing_queue_ids":[],"_links":{"self":[{"href":"https:\/\/agora.xtec.cat\/escolaelsquatrevents\/wp-json\/wp\/v2\/posts\/2568","targetHints":{"allow":["GET"]}}],"collection":[{"href":"https:\/\/agora.xtec.cat\/escolaelsquatrevents\/wp-json\/wp\/v2\/posts"}],"about":[{"href":"https:\/\/agora.xtec.cat\/escolaelsquatrevents\/wp-json\/wp\/v2\/types\/post"}],"author":[{"embeddable":true,"href":"https:\/\/agora.xtec.cat\/escolaelsquatrevents\/wp-json\/wp\/v2\/users\/3"}],"replies":[{"embeddable":true,"href":"https:\/\/agora.xtec.cat\/escolaelsquatrevents\/wp-json\/wp\/v2\/comments?post=2568"}],"version-history":[{"count":4,"href":"https:\/\/agora.xtec.cat\/escolaelsquatrevents\/wp-json\/wp\/v2\/posts\/2568\/revisions"}],"predecessor-version":[{"id":2620,"href":"https:\/\/agora.xtec.cat\/escolaelsquatrevents\/wp-json\/wp\/v2\/posts\/2568\/revisions\/2620"}],"wp:featuredmedia":[{"embeddable":true,"href":"https:\/\/agora.xtec.cat\/escolaelsquatrevents\/wp-json\/wp\/v2\/media\/2616"}],"wp:attachment":[{"href":"https:\/\/agora.xtec.cat\/escolaelsquatrevents\/wp-json\/wp\/v2\/media?parent=2568"}],"wp:term":[{"taxonomy":"category","embeddable":true,"href":"https:\/\/agora.xtec.cat\/escolaelsquatrevents\/wp-json\/wp\/v2\/categories?post=2568"},{"taxonomy":"post_tag","embeddable":true,"href":"https:\/\/agora.xtec.cat\/escolaelsquatrevents\/wp-json\/wp\/v2\/tags?post=2568"}],"curies":[{"name":"wp","href":"https:\/\/api.w.org\/{rel}","templated":true}]}}