{"id":2560,"date":"2018-02-16T16:26:50","date_gmt":"2018-02-16T15:26:50","guid":{"rendered":"http:\/\/agora.xtec.cat\/escolaelsquatrevents\/?p=2560"},"modified":"2018-02-16T16:26:50","modified_gmt":"2018-02-16T15:26:50","slug":"visita-a-les-obres-de-la-nova-escola","status":"publish","type":"post","link":"https:\/\/agora.xtec.cat\/escolaelsquatrevents\/general\/visita-a-les-obres-de-la-nova-escola\/","title":{"rendered":"Visita a les obres de la nova escola"},"content":{"rendered":"<p>Ahir 15 de febrer el Departament, l&#8217;ajuntament, l&#8217;equip directiu de l&#8217;escola\u00a0i un representant de l&#8217;ampa vam fer una visita a les obres de l&#8217;edifici de l&#8217;escola.<\/p>\n<p>Despr\u00e9s de tants anys d&#8217;espera va ser molt emocionant poder caminar pels passadissos, veure les aules, la biblioteca, la cuina, etc. Esperem amb il\u00b7lusi\u00f3 la finalitzaci\u00f3 de les obres que est\u00e0 prevista cap a final de curs, per comen\u00e7ar a fer el trasllat i al setembre estrenar el tant desitjat edifici!!<\/p>\n<p>Volem compartir amb tots vosaltres algunes imatges de la visita:<\/p>\n<p><a href=\"https:\/\/photos.app.goo.gl\/TvyN4SHNroeIwBZr1\"><img loading=\"lazy\" decoding=\"async\" class=\"aligncenter wp-image-2561 size-full\" src=\"http:\/\/agora.xtec.cat\/escolaelsquatrevents\/wp-content\/uploads\/usu584\/2018\/02\/IMG-20180216-WA0052.jpg\" alt=\"\" width=\"835\" height=\"626\" srcset=\"https:\/\/agora.xtec.cat\/escolaelsquatrevents\/wp-content\/uploads\/usu584\/2018\/02\/IMG-20180216-WA0052.jpg 835w, https:\/\/agora.xtec.cat\/escolaelsquatrevents\/wp-content\/uploads\/usu584\/2018\/02\/IMG-20180216-WA0052-300x225.jpg 300w, https:\/\/agora.xtec.cat\/escolaelsquatrevents\/wp-content\/uploads\/usu584\/2018\/02\/IMG-20180216-WA0052-768x576.jpg 768w, https:\/\/agora.xtec.cat\/escolaelsquatrevents\/wp-content\/uploads\/usu584\/2018\/02\/IMG-20180216-WA0052-200x150.jpg 200w\" sizes=\"auto, (max-width: 835px) 100vw, 835px\" \/><\/a><\/p>\n<p>(Feu clic a la imatge per accedir a l&#8217;\u00e0lbum)<\/p>\n<p>Us deixem tamb\u00e9 a la noticia sobre la visita publicada al 9Nou:<\/p>\n<p>http:\/\/el9nou.cat\/valles-oriental\/actualitat\/les-obres-de-lescola-quatre-vents-a-canovelles-avancen-al-ritme-previst\/<\/p>\n","protected":false},"excerpt":{"rendered":"<p>Ahir 15 de febrer el Departament, l&#8217;ajuntament, l&#8217;equip directiu de l&#8217;escola\u00a0i un representant de l&#8217;ampa vam fer una visita a les obres de l&#8217;edifici de l&#8217;escola. Despr\u00e9s de tants anys d&#8217;espera va ser molt emocionant poder caminar pels passadissos, veure les aules, la biblioteca, la cuina, etc. Esperem amb il\u00b7lusi\u00f3 la finalitzaci\u00f3 de les obres [&hellip;]<\/p>\n","protected":false},"author":4,"featured_media":2561,"comment_status":"open","ping_status":"closed","sticky":false,"template":"","format":"standard","meta":{"_bbp_topic_count":0,"_bbp_reply_count":0,"_bbp_total_topic_count":0,"_bbp_total_reply_count":0,"_bbp_voice_count":0,"_bbp_anonymous_reply_count":0,"_bbp_topic_count_hidden":0,"_bbp_reply_count_hidden":0,"_bbp_forum_subforum_count":0,"site-sidebar-layout":"default","site-content-layout":"","ast-site-content-layout":"","site-content-style":"default","site-sidebar-style":"default","ast-global-header-display":"","ast-banner-title-visibility":"","ast-main-header-display":"","ast-hfb-above-header-display":"","ast-hfb-below-header-display":"","ast-hfb-mobile-header-display":"","site-post-title":"","ast-breadcrumbs-content":"","ast-featured-img":"","footer-sml-layout":"","theme-transparent-header-meta":"","adv-header-id-meta":"","stick-header-meta":"","header-above-stick-meta":"","header-main-stick-meta":"","header-below-stick-meta":"","astra-migrate-meta-layouts":"default","ast-page-background-enabled":"default","ast-page-background-meta":{"desktop":{"background-color":"var(--ast-global-color-4)","background-image":"","background-repeat":"repeat","background-position":"center center","background-size":"auto","background-attachment":"scroll","background-type":"","background-media":"","overlay-type":"","overlay-color":"","overlay-opacity":"","overlay-gradient":""},"tablet":{"background-color":"","background-image":"","background-repeat":"repeat","background-position":"center center","background-size":"auto","background-attachment":"scroll","background-type":"","background-media":"","overlay-type":"","overlay-color":"","overlay-opacity":"","overlay-gradient":""},"mobile":{"background-color":"","background-image":"","background-repeat":"repeat","background-position":"center center","background-size":"auto","background-attachment":"scroll","background-type":"","background-media":"","overlay-type":"","overlay-color":"","overlay-opacity":"","overlay-gradient":""}},"ast-content-background-meta":{"desktop":{"background-color":"var(--ast-global-color-5)","background-image":"","background-repeat":"repeat","background-position":"center center","background-size":"auto","background-attachment":"scroll","background-type":"","background-media":"","overlay-type":"","overlay-color":"","overlay-opacity":"","overlay-gradient":""},"tablet":{"background-color":"var(--ast-global-color-5)","background-image":"","background-repeat":"repeat","background-position":"center center","background-size":"auto","background-attachment":"scroll","background-type":"","background-media":"","overlay-type":"","overlay-color":"","overlay-opacity":"","overlay-gradient":""},"mobile":{"background-color":"var(--ast-global-color-5)","background-image":"","background-repeat":"repeat","background-position":"center center","background-size":"auto","background-attachment":"scroll","background-type":"","background-media":"","overlay-type":"","overlay-color":"","overlay-opacity":"","overlay-gradient":""}},"footnotes":""},"categories":[1,4],"tags":[27],"class_list":["post-2560","post","type-post","status-publish","format-standard","has-post-thumbnail","hentry","category-general","category-portada","tag-informacio"],"post_mailing_queue_ids":[],"_links":{"self":[{"href":"https:\/\/agora.xtec.cat\/escolaelsquatrevents\/wp-json\/wp\/v2\/posts\/2560","targetHints":{"allow":["GET"]}}],"collection":[{"href":"https:\/\/agora.xtec.cat\/escolaelsquatrevents\/wp-json\/wp\/v2\/posts"}],"about":[{"href":"https:\/\/agora.xtec.cat\/escolaelsquatrevents\/wp-json\/wp\/v2\/types\/post"}],"author":[{"embeddable":true,"href":"https:\/\/agora.xtec.cat\/escolaelsquatrevents\/wp-json\/wp\/v2\/users\/4"}],"replies":[{"embeddable":true,"href":"https:\/\/agora.xtec.cat\/escolaelsquatrevents\/wp-json\/wp\/v2\/comments?post=2560"}],"version-history":[{"count":2,"href":"https:\/\/agora.xtec.cat\/escolaelsquatrevents\/wp-json\/wp\/v2\/posts\/2560\/revisions"}],"predecessor-version":[{"id":2563,"href":"https:\/\/agora.xtec.cat\/escolaelsquatrevents\/wp-json\/wp\/v2\/posts\/2560\/revisions\/2563"}],"wp:featuredmedia":[{"embeddable":true,"href":"https:\/\/agora.xtec.cat\/escolaelsquatrevents\/wp-json\/wp\/v2\/media\/2561"}],"wp:attachment":[{"href":"https:\/\/agora.xtec.cat\/escolaelsquatrevents\/wp-json\/wp\/v2\/media?parent=2560"}],"wp:term":[{"taxonomy":"category","embeddable":true,"href":"https:\/\/agora.xtec.cat\/escolaelsquatrevents\/wp-json\/wp\/v2\/categories?post=2560"},{"taxonomy":"post_tag","embeddable":true,"href":"https:\/\/agora.xtec.cat\/escolaelsquatrevents\/wp-json\/wp\/v2\/tags?post=2560"}],"curies":[{"name":"wp","href":"https:\/\/api.w.org\/{rel}","templated":true}]}}