{"id":2491,"date":"2018-01-31T15:11:00","date_gmt":"2018-01-31T14:11:00","guid":{"rendered":"http:\/\/agora.xtec.cat\/escolaelsquatrevents\/?p=2491"},"modified":"2018-02-01T14:40:40","modified_gmt":"2018-02-01T13:40:40","slug":"dia-de-la-pau-2018","status":"publish","type":"post","link":"https:\/\/agora.xtec.cat\/escolaelsquatrevents\/general\/dia-de-la-pau-2018\/","title":{"rendered":"Dia de la PAU 2018"},"content":{"rendered":"<p><a href=\"https:\/\/photos.app.goo.gl\/9EAOVMdeRQgkYRmn2\"><img loading=\"lazy\" decoding=\"async\" class=\"wp-image-2492 alignleft\" src=\"http:\/\/agora.xtec.cat\/escolaelsquatrevents\/wp-content\/uploads\/usu584\/2018\/01\/dia-no-violencia.jpg\" alt=\"\" width=\"249\" height=\"108\" srcset=\"https:\/\/agora.xtec.cat\/escolaelsquatrevents\/wp-content\/uploads\/usu584\/2018\/01\/dia-no-violencia.jpg 646w, https:\/\/agora.xtec.cat\/escolaelsquatrevents\/wp-content\/uploads\/usu584\/2018\/01\/dia-no-violencia-300x130.jpg 300w\" sizes=\"auto, (max-width: 249px) 100vw, 249px\" \/><\/a><\/p>\n<p>Manifest per la PAU<br \/>\nEls alumnes de l\u2019escola Els Quatre Vents de Canovelles desitgem que en el m\u00f3n hi hagi PAU, \u00e9s a dir, que no existeixin les guerres.<br \/>\nDemanem a tots aquells que tenen el poder de fer-ho les seg\u00fcents peticions:<\/p>\n<ul>\n<li style=\"font-weight: 400;\">Volem que tothom tingui llibertat,<\/li>\n<li style=\"font-weight: 400;\">Que es respectin els drets individuals,<\/li>\n<li style=\"font-weight: 400;\">Que hi hagi igualtat entre els homes i les dones,<\/li>\n<li style=\"font-weight: 400;\">Que no existeixi el maltractament ni a les persones ni als animals,<\/li>\n<li style=\"font-weight: 400;\">Que es respecti el color de la pell,<\/li>\n<li style=\"font-weight: 400;\">La religi\u00f3 de cadasc\u00fa i qualsevol orientaci\u00f3 sexual.<\/li>\n<\/ul>\n<p>Finalment tamb\u00e9 volem que hi hagi llibertat d\u2019expressi\u00f3 i tamb\u00e9 de pensament, que a ning\u00fa se\u2019l persegueixi per les seves idees.<\/p>\n<p>Ara tenim 11-12 anys i volem creure que quan siguem grans no cometrem els mateixos errors que s\u2019estan fent ara.<strong> \u00a0<\/strong><\/p>\n","protected":false},"excerpt":{"rendered":"<p>Manifest per la PAU Els alumnes de l\u2019escola Els Quatre Vents de Canovelles desitgem que en el m\u00f3n hi hagi PAU, \u00e9s a dir, que no existeixin les guerres. Demanem a tots aquells que tenen el poder de fer-ho les seg\u00fcents peticions: Volem que tothom tingui llibertat, Que es respectin els drets individuals, Que hi [&hellip;]<\/p>\n","protected":false},"author":1,"featured_media":0,"comment_status":"closed","ping_status":"closed","sticky":false,"template":"","format":"standard","meta":{"_bbp_topic_count":0,"_bbp_reply_count":0,"_bbp_total_topic_count":0,"_bbp_total_reply_count":0,"_bbp_voice_count":0,"_bbp_anonymous_reply_count":0,"_bbp_topic_count_hidden":0,"_bbp_reply_count_hidden":0,"_bbp_forum_subforum_count":0,"site-sidebar-layout":"default","site-content-layout":"","ast-site-content-layout":"","site-content-style":"default","site-sidebar-style":"default","ast-global-header-display":"","ast-banner-title-visibility":"","ast-main-header-display":"","ast-hfb-above-header-display":"","ast-hfb-below-header-display":"","ast-hfb-mobile-header-display":"","site-post-title":"","ast-breadcrumbs-content":"","ast-featured-img":"","footer-sml-layout":"","theme-transparent-header-meta":"","adv-header-id-meta":"","stick-header-meta":"","header-above-stick-meta":"","header-main-stick-meta":"","header-below-stick-meta":"","astra-migrate-meta-layouts":"default","ast-page-background-enabled":"default","ast-page-background-meta":{"desktop":{"background-color":"var(--ast-global-color-4)","background-image":"","background-repeat":"repeat","background-position":"center center","background-size":"auto","background-attachment":"scroll","background-type":"","background-media":"","overlay-type":"","overlay-color":"","overlay-opacity":"","overlay-gradient":""},"tablet":{"background-color":"","background-image":"","background-repeat":"repeat","background-position":"center center","background-size":"auto","background-attachment":"scroll","background-type":"","background-media":"","overlay-type":"","overlay-color":"","overlay-opacity":"","overlay-gradient":""},"mobile":{"background-color":"","background-image":"","background-repeat":"repeat","background-position":"center center","background-size":"auto","background-attachment":"scroll","background-type":"","background-media":"","overlay-type":"","overlay-color":"","overlay-opacity":"","overlay-gradient":""}},"ast-content-background-meta":{"desktop":{"background-color":"var(--ast-global-color-5)","background-image":"","background-repeat":"repeat","background-position":"center center","background-size":"auto","background-attachment":"scroll","background-type":"","background-media":"","overlay-type":"","overlay-color":"","overlay-opacity":"","overlay-gradient":""},"tablet":{"background-color":"var(--ast-global-color-5)","background-image":"","background-repeat":"repeat","background-position":"center center","background-size":"auto","background-attachment":"scroll","background-type":"","background-media":"","overlay-type":"","overlay-color":"","overlay-opacity":"","overlay-gradient":""},"mobile":{"background-color":"var(--ast-global-color-5)","background-image":"","background-repeat":"repeat","background-position":"center center","background-size":"auto","background-attachment":"scroll","background-type":"","background-media":"","overlay-type":"","overlay-color":"","overlay-opacity":"","overlay-gradient":""}},"footnotes":""},"categories":[8,3,22,1,4],"tags":[115,133,131,157],"class_list":["post-2491","post","type-post","status-publish","format-standard","hentry","category-grans","category-mitjans","category-petits","category-general","category-portada","tag-comunitat-de-grans","tag-comunitat-de-mitjans","tag-comunitat-de-petits","tag-pau"],"post_mailing_queue_ids":[],"_links":{"self":[{"href":"https:\/\/agora.xtec.cat\/escolaelsquatrevents\/wp-json\/wp\/v2\/posts\/2491","targetHints":{"allow":["GET"]}}],"collection":[{"href":"https:\/\/agora.xtec.cat\/escolaelsquatrevents\/wp-json\/wp\/v2\/posts"}],"about":[{"href":"https:\/\/agora.xtec.cat\/escolaelsquatrevents\/wp-json\/wp\/v2\/types\/post"}],"author":[{"embeddable":true,"href":"https:\/\/agora.xtec.cat\/escolaelsquatrevents\/wp-json\/wp\/v2\/users\/1"}],"replies":[{"embeddable":true,"href":"https:\/\/agora.xtec.cat\/escolaelsquatrevents\/wp-json\/wp\/v2\/comments?post=2491"}],"version-history":[{"count":3,"href":"https:\/\/agora.xtec.cat\/escolaelsquatrevents\/wp-json\/wp\/v2\/posts\/2491\/revisions"}],"predecessor-version":[{"id":2498,"href":"https:\/\/agora.xtec.cat\/escolaelsquatrevents\/wp-json\/wp\/v2\/posts\/2491\/revisions\/2498"}],"wp:attachment":[{"href":"https:\/\/agora.xtec.cat\/escolaelsquatrevents\/wp-json\/wp\/v2\/media?parent=2491"}],"wp:term":[{"taxonomy":"category","embeddable":true,"href":"https:\/\/agora.xtec.cat\/escolaelsquatrevents\/wp-json\/wp\/v2\/categories?post=2491"},{"taxonomy":"post_tag","embeddable":true,"href":"https:\/\/agora.xtec.cat\/escolaelsquatrevents\/wp-json\/wp\/v2\/tags?post=2491"}],"curies":[{"name":"wp","href":"https:\/\/api.w.org\/{rel}","templated":true}]}}