{"id":2155,"date":"2017-11-08T23:08:03","date_gmt":"2017-11-08T22:08:03","guid":{"rendered":"http:\/\/agora.xtec.cat\/escolaelsquatrevents\/?p=2155"},"modified":"2017-11-09T13:11:33","modified_gmt":"2017-11-09T12:11:33","slug":"linies-corbes-i-rectes-obertes-i-tancades","status":"publish","type":"post","link":"https:\/\/agora.xtec.cat\/escolaelsquatrevents\/general\/linies-corbes-i-rectes-obertes-i-tancades\/","title":{"rendered":"L\u00ednies corbes i rectes, obertes i tancades!"},"content":{"rendered":"<p>A partir del projecte de la Fam\u00edlia i el Carrer els nens i nenes de 1r hem descobert com s\u00f3n els carrers de Canovelles, les carreteres i els mapes. Els mapes estan carregats de l\u00ednies! Hem pogut veure que hi ha de molts tipus: corbes i rectes, obertes i tancades&#8230;<\/p>\n<p><a href=\"http:\/\/agora.xtec.cat\/escolaelsquatrevents\/wp-content\/uploads\/usu584\/2017\/11\/l\u00ednies.jpg\"><img loading=\"lazy\" decoding=\"async\" class=\"wp-image-2156 alignleft\" src=\"http:\/\/agora.xtec.cat\/escolaelsquatrevents\/wp-content\/uploads\/usu584\/2017\/11\/l\u00ednies-300x300.jpg\" alt=\"\" width=\"151\" height=\"151\" srcset=\"https:\/\/agora.xtec.cat\/escolaelsquatrevents\/wp-content\/uploads\/usu584\/2017\/11\/l\u00ednies-300x300.jpg 300w, https:\/\/agora.xtec.cat\/escolaelsquatrevents\/wp-content\/uploads\/usu584\/2017\/11\/l\u00ednies-150x150.jpg 150w, https:\/\/agora.xtec.cat\/escolaelsquatrevents\/wp-content\/uploads\/usu584\/2017\/11\/l\u00ednies.jpg 400w\" sizes=\"auto, (max-width: 151px) 100vw, 151px\" \/><\/a>Per con\u00e8ixer b\u00e9 les l\u00ednies hem sortit al pati i hem dibuixat a terra l\u00ednies corbes i rectes&#8230; hem caminat per sobre de l\u00ednies obertes i l\u00ednies tancades&#8230; Hem pogut experimentar amb el propi cos les seves caracter\u00edstiques i aix\u00ed poder seguir treballant a classe creant m\u00e9s l\u00ednies amb diferents materials: plastilinia, llanes, retoladors, pintura, guixos i cotxes&#8230;<\/p>\n<p style=\"text-align: left;\"><a href=\"https:\/\/photos.app.goo.gl\/WSROE2nZbdKia6Q53\">Fotos l\u00ednies corbes i rectes, obertes i tancades.<\/a><\/p>\n","protected":false},"excerpt":{"rendered":"<p>A partir del projecte de la Fam\u00edlia i el Carrer els nens i nenes de 1r hem descobert com s\u00f3n els carrers de Canovelles, les carreteres i els mapes. Els mapes estan carregats de l\u00ednies! Hem pogut veure que hi ha de molts tipus: corbes i rectes, obertes i tancades&#8230; Per con\u00e8ixer b\u00e9 les l\u00ednies [&hellip;]<\/p>\n","protected":false},"author":3,"featured_media":2156,"comment_status":"open","ping_status":"closed","sticky":false,"template":"","format":"standard","meta":{"_bbp_topic_count":0,"_bbp_reply_count":0,"_bbp_total_topic_count":0,"_bbp_total_reply_count":0,"_bbp_voice_count":0,"_bbp_anonymous_reply_count":0,"_bbp_topic_count_hidden":0,"_bbp_reply_count_hidden":0,"_bbp_forum_subforum_count":0,"site-sidebar-layout":"default","site-content-layout":"","ast-site-content-layout":"","site-content-style":"default","site-sidebar-style":"default","ast-global-header-display":"","ast-banner-title-visibility":"","ast-main-header-display":"","ast-hfb-above-header-display":"","ast-hfb-below-header-display":"","ast-hfb-mobile-header-display":"","site-post-title":"","ast-breadcrumbs-content":"","ast-featured-img":"","footer-sml-layout":"","theme-transparent-header-meta":"","adv-header-id-meta":"","stick-header-meta":"","header-above-stick-meta":"","header-main-stick-meta":"","header-below-stick-meta":"","astra-migrate-meta-layouts":"default","ast-page-background-enabled":"default","ast-page-background-meta":{"desktop":{"background-color":"var(--ast-global-color-4)","background-image":"","background-repeat":"repeat","background-position":"center center","background-size":"auto","background-attachment":"scroll","background-type":"","background-media":"","overlay-type":"","overlay-color":"","overlay-opacity":"","overlay-gradient":""},"tablet":{"background-color":"","background-image":"","background-repeat":"repeat","background-position":"center center","background-size":"auto","background-attachment":"scroll","background-type":"","background-media":"","overlay-type":"","overlay-color":"","overlay-opacity":"","overlay-gradient":""},"mobile":{"background-color":"","background-image":"","background-repeat":"repeat","background-position":"center center","background-size":"auto","background-attachment":"scroll","background-type":"","background-media":"","overlay-type":"","overlay-color":"","overlay-opacity":"","overlay-gradient":""}},"ast-content-background-meta":{"desktop":{"background-color":"var(--ast-global-color-5)","background-image":"","background-repeat":"repeat","background-position":"center center","background-size":"auto","background-attachment":"scroll","background-type":"","background-media":"","overlay-type":"","overlay-color":"","overlay-opacity":"","overlay-gradient":""},"tablet":{"background-color":"var(--ast-global-color-5)","background-image":"","background-repeat":"repeat","background-position":"center center","background-size":"auto","background-attachment":"scroll","background-type":"","background-media":"","overlay-type":"","overlay-color":"","overlay-opacity":"","overlay-gradient":""},"mobile":{"background-color":"var(--ast-global-color-5)","background-image":"","background-repeat":"repeat","background-position":"center center","background-size":"auto","background-attachment":"scroll","background-type":"","background-media":"","overlay-type":"","overlay-color":"","overlay-opacity":"","overlay-gradient":""}},"footnotes":""},"categories":[3,1,69,4],"tags":[105,18,70],"class_list":["post-2155","post","type-post","status-publish","format-standard","has-post-thumbnail","hentry","category-mitjans","category-general","category-mates-oaoa","category-portada","tag-1r","tag-act-classe","tag-mates-oaoa"],"post_mailing_queue_ids":[],"_links":{"self":[{"href":"https:\/\/agora.xtec.cat\/escolaelsquatrevents\/wp-json\/wp\/v2\/posts\/2155","targetHints":{"allow":["GET"]}}],"collection":[{"href":"https:\/\/agora.xtec.cat\/escolaelsquatrevents\/wp-json\/wp\/v2\/posts"}],"about":[{"href":"https:\/\/agora.xtec.cat\/escolaelsquatrevents\/wp-json\/wp\/v2\/types\/post"}],"author":[{"embeddable":true,"href":"https:\/\/agora.xtec.cat\/escolaelsquatrevents\/wp-json\/wp\/v2\/users\/3"}],"replies":[{"embeddable":true,"href":"https:\/\/agora.xtec.cat\/escolaelsquatrevents\/wp-json\/wp\/v2\/comments?post=2155"}],"version-history":[{"count":3,"href":"https:\/\/agora.xtec.cat\/escolaelsquatrevents\/wp-json\/wp\/v2\/posts\/2155\/revisions"}],"predecessor-version":[{"id":2188,"href":"https:\/\/agora.xtec.cat\/escolaelsquatrevents\/wp-json\/wp\/v2\/posts\/2155\/revisions\/2188"}],"wp:featuredmedia":[{"embeddable":true,"href":"https:\/\/agora.xtec.cat\/escolaelsquatrevents\/wp-json\/wp\/v2\/media\/2156"}],"wp:attachment":[{"href":"https:\/\/agora.xtec.cat\/escolaelsquatrevents\/wp-json\/wp\/v2\/media?parent=2155"}],"wp:term":[{"taxonomy":"category","embeddable":true,"href":"https:\/\/agora.xtec.cat\/escolaelsquatrevents\/wp-json\/wp\/v2\/categories?post=2155"},{"taxonomy":"post_tag","embeddable":true,"href":"https:\/\/agora.xtec.cat\/escolaelsquatrevents\/wp-json\/wp\/v2\/tags?post=2155"}],"curies":[{"name":"wp","href":"https:\/\/api.w.org\/{rel}","templated":true}]}}