{"id":2096,"date":"2017-10-31T22:43:51","date_gmt":"2017-10-31T21:43:51","guid":{"rendered":"http:\/\/agora.xtec.cat\/escolaelsquatrevents\/?p=2096"},"modified":"2017-11-03T09:47:46","modified_gmt":"2017-11-03T08:47:46","slug":"festa-de-la-tardor-17-18","status":"publish","type":"post","link":"https:\/\/agora.xtec.cat\/escolaelsquatrevents\/general\/festa-de-la-tardor-17-18\/","title":{"rendered":"Festa de la tardor 17-18"},"content":{"rendered":"<p><a href=\"https:\/\/photos.app.goo.gl\/FSp5tNRRPyIPWjTt2\"><img loading=\"lazy\" decoding=\"async\" class=\"wp-image-2103 alignleft\" src=\"http:\/\/agora.xtec.cat\/escolaelsquatrevents\/wp-content\/uploads\/usu584\/2017\/10\/castanyera-Valent\u00ed-Gubianes.jpg\" alt=\"\" width=\"122\" height=\"122\" srcset=\"https:\/\/agora.xtec.cat\/escolaelsquatrevents\/wp-content\/uploads\/usu584\/2017\/10\/castanyera-Valent\u00ed-Gubianes.jpg 960w, https:\/\/agora.xtec.cat\/escolaelsquatrevents\/wp-content\/uploads\/usu584\/2017\/10\/castanyera-Valent\u00ed-Gubianes-150x150.jpg 150w, https:\/\/agora.xtec.cat\/escolaelsquatrevents\/wp-content\/uploads\/usu584\/2017\/10\/castanyera-Valent\u00ed-Gubianes-300x300.jpg 300w, https:\/\/agora.xtec.cat\/escolaelsquatrevents\/wp-content\/uploads\/usu584\/2017\/10\/castanyera-Valent\u00ed-Gubianes-768x768.jpg 768w\" sizes=\"auto, (max-width: 122px) 100vw, 122px\" \/><\/a><\/p>\n<h4><span style=\"color: #000000;\">Bona castanyada 2017!!<\/span><\/h4>\n<h5><span style=\"color: #000000;\"><em>Com cada any hem rebut la visita de les castanyeres, hem torrat castanyes, hem gaudit dels deliciosos pastissos de tardor fets per les fam\u00edlies, hem donat la benvinguda al Halloween, hem ballat algunes danses i hem celebrat el concurs de la castanya decorada.<\/em><\/span><\/h5>\n<h6 style=\"text-align: left;\"><sub><sup><span style=\"color: #999999;\">\u00a0 \u00a0 \u00a0Cliqueu la imatge o en <a href=\"https:\/\/photos.app.goo.gl\/FSp5tNRRPyIPWjTt2\">aquest enlla\u00e7<\/a> per veure les imatges.<\/span><\/sup><\/sub><\/h6>\n<p>Us deixem el nom dels guanyadors d&#8217;enguany del concurs de &#8220;La castanya decorada&#8221;:<br \/>\nP3 Lucas (V)<br \/>\nP4 Mariama (B)<br \/>\nP5 Jordi (V)<br \/>\n1r Doa (B)<br \/>\n2n Mauricio (B)<br \/>\n3r Samira (B)<br \/>\n4t Alieu (B)<br \/>\n5\u00e8 Anna (V)<br \/>\n6\u00e8 Clemente (B)<br \/>\n<img loading=\"lazy\" decoding=\"async\" class=\"aligncenter wp-image-2111 size-large\" src=\"http:\/\/agora.xtec.cat\/escolaelsquatrevents\/wp-content\/uploads\/usu584\/2017\/10\/DSC03283-1024x424.jpg\" alt=\"\" width=\"1024\" height=\"424\" srcset=\"https:\/\/agora.xtec.cat\/escolaelsquatrevents\/wp-content\/uploads\/usu584\/2017\/10\/DSC03283-1024x424.jpg 1024w, https:\/\/agora.xtec.cat\/escolaelsquatrevents\/wp-content\/uploads\/usu584\/2017\/10\/DSC03283-300x124.jpg 300w, https:\/\/agora.xtec.cat\/escolaelsquatrevents\/wp-content\/uploads\/usu584\/2017\/10\/DSC03283-768x318.jpg 768w, https:\/\/agora.xtec.cat\/escolaelsquatrevents\/wp-content\/uploads\/usu584\/2017\/10\/DSC03283.jpg 1400w\" sizes=\"auto, (max-width: 1024px) 100vw, 1024px\" \/><\/p>\n<p>&nbsp;<\/p>\n<p>A\u00a0m\u00e9s, aqu\u00ed teniu la grabaci\u00f3 de les danses de gitanes que han fet els alumnes de 2n i porten aprenent des del curs passat.<\/p>\n<p>GALOP D&#8217;ENTRADA:\u00a0<a href=\"https:\/\/youtu.be\/-H-LT26swpQ\">https:\/\/youtu.be\/-H-LT26swpQ<\/a><br \/>\n<iframe loading=\"lazy\" src=\"https:\/\/www.youtube.com\/embed\/-H-LT26swpQ\" width=\"560\" height=\"315\" frameborder=\"0\" allowfullscreen=\"allowfullscreen\"><\/iframe><\/p>\n<p>CATXUTA:\u00a0<a href=\"https:\/\/youtu.be\/zKnhhrRNF0A\">https:\/\/youtu.be\/zKnhhrRNF0A<\/a><br \/>\n<iframe loading=\"lazy\" src=\"https:\/\/www.youtube.com\/embed\/zKnhhrRNF0A\" width=\"560\" height=\"315\" frameborder=\"0\" allowfullscreen=\"allowfullscreen\"><\/iframe><\/p>\n<p>PATATUF:\u00a0<a href=\"https:\/\/youtu.be\/z1X1fHTrqMY\">https:\/\/youtu.be\/z1X1fHTrqMY<\/a><br \/>\n<iframe loading=\"lazy\" src=\"https:\/\/www.youtube.com\/embed\/z1X1fHTrqMY\" width=\"560\" height=\"315\" frameborder=\"0\" allowfullscreen=\"allowfullscreen\"><\/iframe><\/p>\n<p>LA CASTAYERA:\u00a0<a href=\"https:\/\/youtu.be\/MqJwU9b8QZ8\">https:\/\/youtu.be\/MqJwU9b8QZ8<\/a><br \/>\n<iframe loading=\"lazy\" src=\"https:\/\/www.youtube.com\/embed\/MqJwU9b8QZ8\" width=\"560\" height=\"315\" frameborder=\"0\" allowfullscreen=\"allowfullscreen\"><\/iframe><\/p>\n<p>LA CASTANYERA ROQUERA:\u00a0<a href=\"https:\/\/youtu.be\/Ne_yJZDaYMs\">https:\/\/youtu.be\/Ne_yJZDaYMs<\/a><br \/>\n<iframe loading=\"lazy\" src=\"https:\/\/www.youtube.com\/embed\/Ne_yJZDaYMs\" width=\"560\" height=\"315\" frameborder=\"0\" allowfullscreen=\"allowfullscreen\"><\/iframe><\/p>\n","protected":false},"excerpt":{"rendered":"<p>Bona castanyada 2017!! Com cada any hem rebut la visita de les castanyeres, hem torrat castanyes, hem gaudit dels deliciosos pastissos de tardor fets per les fam\u00edlies, hem donat la benvinguda al Halloween, hem ballat algunes danses i hem celebrat el concurs de la castanya decorada. \u00a0 \u00a0 \u00a0Cliqueu la imatge o en aquest enlla\u00e7 [&hellip;]<\/p>\n","protected":false},"author":3,"featured_media":2111,"comment_status":"closed","ping_status":"closed","sticky":false,"template":"","format":"standard","meta":{"_bbp_topic_count":0,"_bbp_reply_count":0,"_bbp_total_topic_count":0,"_bbp_total_reply_count":0,"_bbp_voice_count":0,"_bbp_anonymous_reply_count":0,"_bbp_topic_count_hidden":0,"_bbp_reply_count_hidden":0,"_bbp_forum_subforum_count":0,"site-sidebar-layout":"default","site-content-layout":"","ast-site-content-layout":"","site-content-style":"default","site-sidebar-style":"default","ast-global-header-display":"","ast-banner-title-visibility":"","ast-main-header-display":"","ast-hfb-above-header-display":"","ast-hfb-below-header-display":"","ast-hfb-mobile-header-display":"","site-post-title":"","ast-breadcrumbs-content":"","ast-featured-img":"","footer-sml-layout":"","theme-transparent-header-meta":"","adv-header-id-meta":"","stick-header-meta":"","header-above-stick-meta":"","header-main-stick-meta":"","header-below-stick-meta":"","astra-migrate-meta-layouts":"default","ast-page-background-enabled":"default","ast-page-background-meta":{"desktop":{"background-color":"var(--ast-global-color-4)","background-image":"","background-repeat":"repeat","background-position":"center center","background-size":"auto","background-attachment":"scroll","background-type":"","background-media":"","overlay-type":"","overlay-color":"","overlay-opacity":"","overlay-gradient":""},"tablet":{"background-color":"","background-image":"","background-repeat":"repeat","background-position":"center center","background-size":"auto","background-attachment":"scroll","background-type":"","background-media":"","overlay-type":"","overlay-color":"","overlay-opacity":"","overlay-gradient":""},"mobile":{"background-color":"","background-image":"","background-repeat":"repeat","background-position":"center center","background-size":"auto","background-attachment":"scroll","background-type":"","background-media":"","overlay-type":"","overlay-color":"","overlay-opacity":"","overlay-gradient":""}},"ast-content-background-meta":{"desktop":{"background-color":"var(--ast-global-color-5)","background-image":"","background-repeat":"repeat","background-position":"center center","background-size":"auto","background-attachment":"scroll","background-type":"","background-media":"","overlay-type":"","overlay-color":"","overlay-opacity":"","overlay-gradient":""},"tablet":{"background-color":"var(--ast-global-color-5)","background-image":"","background-repeat":"repeat","background-position":"center center","background-size":"auto","background-attachment":"scroll","background-type":"","background-media":"","overlay-type":"","overlay-color":"","overlay-opacity":"","overlay-gradient":""},"mobile":{"background-color":"var(--ast-global-color-5)","background-image":"","background-repeat":"repeat","background-position":"center center","background-size":"auto","background-attachment":"scroll","background-type":"","background-media":"","overlay-type":"","overlay-color":"","overlay-opacity":"","overlay-gradient":""}},"footnotes":""},"categories":[8,3,22,1,4],"tags":[87,33,34,59,24,26,29,28,25],"class_list":["post-2096","post","type-post","status-publish","format-standard","has-post-thumbnail","hentry","category-grans","category-mitjans","category-petits","category-general","category-portada","tag-2n","tag-activitats-generals","tag-ampa-afa","tag-castanya","tag-castanyada","tag-festes","tag-grans","tag-mitjans","tag-petits"],"post_mailing_queue_ids":[],"_links":{"self":[{"href":"https:\/\/agora.xtec.cat\/escolaelsquatrevents\/wp-json\/wp\/v2\/posts\/2096","targetHints":{"allow":["GET"]}}],"collection":[{"href":"https:\/\/agora.xtec.cat\/escolaelsquatrevents\/wp-json\/wp\/v2\/posts"}],"about":[{"href":"https:\/\/agora.xtec.cat\/escolaelsquatrevents\/wp-json\/wp\/v2\/types\/post"}],"author":[{"embeddable":true,"href":"https:\/\/agora.xtec.cat\/escolaelsquatrevents\/wp-json\/wp\/v2\/users\/3"}],"replies":[{"embeddable":true,"href":"https:\/\/agora.xtec.cat\/escolaelsquatrevents\/wp-json\/wp\/v2\/comments?post=2096"}],"version-history":[{"count":4,"href":"https:\/\/agora.xtec.cat\/escolaelsquatrevents\/wp-json\/wp\/v2\/posts\/2096\/revisions"}],"predecessor-version":[{"id":2115,"href":"https:\/\/agora.xtec.cat\/escolaelsquatrevents\/wp-json\/wp\/v2\/posts\/2096\/revisions\/2115"}],"wp:featuredmedia":[{"embeddable":true,"href":"https:\/\/agora.xtec.cat\/escolaelsquatrevents\/wp-json\/wp\/v2\/media\/2111"}],"wp:attachment":[{"href":"https:\/\/agora.xtec.cat\/escolaelsquatrevents\/wp-json\/wp\/v2\/media?parent=2096"}],"wp:term":[{"taxonomy":"category","embeddable":true,"href":"https:\/\/agora.xtec.cat\/escolaelsquatrevents\/wp-json\/wp\/v2\/categories?post=2096"},{"taxonomy":"post_tag","embeddable":true,"href":"https:\/\/agora.xtec.cat\/escolaelsquatrevents\/wp-json\/wp\/v2\/tags?post=2096"}],"curies":[{"name":"wp","href":"https:\/\/api.w.org\/{rel}","templated":true}]}}