{"id":1921,"date":"2017-07-26T00:40:11","date_gmt":"2017-07-25T22:40:11","guid":{"rendered":"http:\/\/agora.xtec.cat\/escolaelsquatrevents\/?p=1921"},"modified":"2017-08-13T10:32:02","modified_gmt":"2017-08-13T08:32:02","slug":"els-gegantons-a-la-festa-major","status":"publish","type":"post","link":"https:\/\/agora.xtec.cat\/escolaelsquatrevents\/general\/els-gegantons-a-la-festa-major\/","title":{"rendered":"Els Gegantons a la Festa Major"},"content":{"rendered":"<p><a href=\"http:\/\/agora.xtec.cat\/escolaelsquatrevents\/wp-content\/uploads\/usu584\/2017\/07\/DSC02153.jpg\"><img loading=\"lazy\" decoding=\"async\" class=\"aligncenter size-large wp-image-1924\" src=\"http:\/\/agora.xtec.cat\/escolaelsquatrevents\/wp-content\/uploads\/usu584\/2017\/07\/DSC02153-1024x768.jpg\" alt=\"\" width=\"1024\" height=\"768\" srcset=\"https:\/\/agora.xtec.cat\/escolaelsquatrevents\/wp-content\/uploads\/usu584\/2017\/07\/DSC02153-1024x768.jpg 1024w, https:\/\/agora.xtec.cat\/escolaelsquatrevents\/wp-content\/uploads\/usu584\/2017\/07\/DSC02153-300x225.jpg 300w, https:\/\/agora.xtec.cat\/escolaelsquatrevents\/wp-content\/uploads\/usu584\/2017\/07\/DSC02153-768x576.jpg 768w, https:\/\/agora.xtec.cat\/escolaelsquatrevents\/wp-content\/uploads\/usu584\/2017\/07\/DSC02153-200x150.jpg 200w, https:\/\/agora.xtec.cat\/escolaelsquatrevents\/wp-content\/uploads\/usu584\/2017\/07\/DSC02153.jpg 1440w\" sizes=\"auto, (max-width: 1024px) 100vw, 1024px\" \/><\/a><\/p>\n<p>Dissabte 22 els nostres gegantons van participar per segon any en la trobada de colles geganteres organitzada per la Colla Gegantera de Canovelles. Ens ho vam passar molt b\u00e9!<\/p>\n<div><strong>Us deixem unes imatges de la trobada: <\/strong><a href=\"https:\/\/photos.app.goo.gl\/SO4ZhEEYpeonNI1x1\"><strong>Imatges de la Trobada<\/strong> <\/a><\/div>\n<div><\/div>\n<div><\/div>\n<div>Volem agrair la invitaci\u00f3 i felicitar als Gegants de Canovelles per la bona organitzaci\u00f3!<\/div>\n<div><\/div>\n<div>Per a nosaltres \u00e9s un plaer participar i ens fa molta il\u00b7lusi\u00f3 poder lluir els gegants pel nostre poble.<\/div>\n<div><\/div>\n<div>Tamb\u00e9 agrair la seva col.laboraci\u00f3 als m\u00fasics improvisats que sempre ens acompanyen Alesio, Mario, Emilio, Adri\u00e0 i les seves amigues &#8230; moltes gr\u00e0cies!<\/div>\n<div><\/div>\n<div>Fins la propera!!<\/div>\n<div><\/div>\n<div><\/div>\n<div>Aprofitem per convidar a totes les fam\u00edlies a apuntar-se a la comissi\u00f3 de gegantons!<\/div>\n<div><\/div>\n<div>Us esperem al setembre!<\/div>\n<div><\/div>\n<div><\/div>\n<div><\/div>\n<div>Bon estiu!!<\/div>\n<div><\/div>\n","protected":false},"excerpt":{"rendered":"<p>Dissabte 22 els nostres gegantons van participar per segon any en la trobada de colles geganteres organitzada per la Colla Gegantera de Canovelles. Ens ho vam passar molt b\u00e9! Us deixem unes imatges de la trobada: Imatges de la Trobada Volem agrair la invitaci\u00f3 i felicitar als Gegants de Canovelles per la bona organitzaci\u00f3! Per [&hellip;]<\/p>\n","protected":false},"author":4,"featured_media":1925,"comment_status":"closed","ping_status":"closed","sticky":false,"template":"","format":"standard","meta":{"_bbp_topic_count":0,"_bbp_reply_count":0,"_bbp_total_topic_count":0,"_bbp_total_reply_count":0,"_bbp_voice_count":0,"_bbp_anonymous_reply_count":0,"_bbp_topic_count_hidden":0,"_bbp_reply_count_hidden":0,"_bbp_forum_subforum_count":0,"site-sidebar-layout":"default","site-content-layout":"","ast-site-content-layout":"","site-content-style":"default","site-sidebar-style":"default","ast-global-header-display":"","ast-banner-title-visibility":"","ast-main-header-display":"","ast-hfb-above-header-display":"","ast-hfb-below-header-display":"","ast-hfb-mobile-header-display":"","site-post-title":"","ast-breadcrumbs-content":"","ast-featured-img":"","footer-sml-layout":"","theme-transparent-header-meta":"","adv-header-id-meta":"","stick-header-meta":"","header-above-stick-meta":"","header-main-stick-meta":"","header-below-stick-meta":"","astra-migrate-meta-layouts":"default","ast-page-background-enabled":"default","ast-page-background-meta":{"desktop":{"background-color":"var(--ast-global-color-4)","background-image":"","background-repeat":"repeat","background-position":"center center","background-size":"auto","background-attachment":"scroll","background-type":"","background-media":"","overlay-type":"","overlay-color":"","overlay-opacity":"","overlay-gradient":""},"tablet":{"background-color":"","background-image":"","background-repeat":"repeat","background-position":"center center","background-size":"auto","background-attachment":"scroll","background-type":"","background-media":"","overlay-type":"","overlay-color":"","overlay-opacity":"","overlay-gradient":""},"mobile":{"background-color":"","background-image":"","background-repeat":"repeat","background-position":"center center","background-size":"auto","background-attachment":"scroll","background-type":"","background-media":"","overlay-type":"","overlay-color":"","overlay-opacity":"","overlay-gradient":""}},"ast-content-background-meta":{"desktop":{"background-color":"var(--ast-global-color-5)","background-image":"","background-repeat":"repeat","background-position":"center center","background-size":"auto","background-attachment":"scroll","background-type":"","background-media":"","overlay-type":"","overlay-color":"","overlay-opacity":"","overlay-gradient":""},"tablet":{"background-color":"var(--ast-global-color-5)","background-image":"","background-repeat":"repeat","background-position":"center center","background-size":"auto","background-attachment":"scroll","background-type":"","background-media":"","overlay-type":"","overlay-color":"","overlay-opacity":"","overlay-gradient":""},"mobile":{"background-color":"var(--ast-global-color-5)","background-image":"","background-repeat":"repeat","background-position":"center center","background-size":"auto","background-attachment":"scroll","background-type":"","background-media":"","overlay-type":"","overlay-color":"","overlay-opacity":"","overlay-gradient":""}},"footnotes":""},"categories":[1,4],"tags":[33,26,130],"class_list":["post-1921","post","type-post","status-publish","format-standard","has-post-thumbnail","hentry","category-general","category-portada","tag-activitats-generals","tag-festes","tag-gegantons"],"post_mailing_queue_ids":[],"_links":{"self":[{"href":"https:\/\/agora.xtec.cat\/escolaelsquatrevents\/wp-json\/wp\/v2\/posts\/1921","targetHints":{"allow":["GET"]}}],"collection":[{"href":"https:\/\/agora.xtec.cat\/escolaelsquatrevents\/wp-json\/wp\/v2\/posts"}],"about":[{"href":"https:\/\/agora.xtec.cat\/escolaelsquatrevents\/wp-json\/wp\/v2\/types\/post"}],"author":[{"embeddable":true,"href":"https:\/\/agora.xtec.cat\/escolaelsquatrevents\/wp-json\/wp\/v2\/users\/4"}],"replies":[{"embeddable":true,"href":"https:\/\/agora.xtec.cat\/escolaelsquatrevents\/wp-json\/wp\/v2\/comments?post=1921"}],"version-history":[{"count":3,"href":"https:\/\/agora.xtec.cat\/escolaelsquatrevents\/wp-json\/wp\/v2\/posts\/1921\/revisions"}],"predecessor-version":[{"id":1929,"href":"https:\/\/agora.xtec.cat\/escolaelsquatrevents\/wp-json\/wp\/v2\/posts\/1921\/revisions\/1929"}],"wp:featuredmedia":[{"embeddable":true,"href":"https:\/\/agora.xtec.cat\/escolaelsquatrevents\/wp-json\/wp\/v2\/media\/1925"}],"wp:attachment":[{"href":"https:\/\/agora.xtec.cat\/escolaelsquatrevents\/wp-json\/wp\/v2\/media?parent=1921"}],"wp:term":[{"taxonomy":"category","embeddable":true,"href":"https:\/\/agora.xtec.cat\/escolaelsquatrevents\/wp-json\/wp\/v2\/categories?post=1921"},{"taxonomy":"post_tag","embeddable":true,"href":"https:\/\/agora.xtec.cat\/escolaelsquatrevents\/wp-json\/wp\/v2\/tags?post=1921"}],"curies":[{"name":"wp","href":"https:\/\/api.w.org\/{rel}","templated":true}]}}