{"id":1906,"date":"2017-07-03T20:25:15","date_gmt":"2017-07-03T18:25:15","guid":{"rendered":"http:\/\/agora.xtec.cat\/escolaelsquatrevents\/?p=1906"},"modified":"2017-07-03T20:25:15","modified_gmt":"2017-07-03T18:25:15","slug":"inici-curs-17-18","status":"publish","type":"post","link":"https:\/\/agora.xtec.cat\/escolaelsquatrevents\/portada\/inici-curs-17-18\/","title":{"rendered":"Inici curs 17-18"},"content":{"rendered":"<p><span style=\"font-weight: 400;\">Aviat comen\u00e7arem el curs 2017-18 amb moltes ganes i il\u00b7lusi\u00f3!<\/span><\/p>\n<p><span style=\"font-weight: 400;\">Us recordem les\u00a0<\/span><b>dates de les reunions d&#8217;inici de curs<\/b><span style=\"font-weight: 400;\">\u00a0publicades a la revista de l&#8217;escola del passat juny:<\/span><\/p>\n<ul>\n<li style=\"font-weight: 400;\"><span style=\"font-weight: 400;\">Reuni\u00f3 d&#8217;inici de P3: Dimecres 6 de setembre a les 17h<\/span><\/li>\n<li style=\"font-weight: 400;\"><span style=\"font-weight: 400;\">Reuni\u00f3 de P4 i P5: Dilluns 25 de setembre a les 17h<\/span><\/li>\n<li style=\"font-weight: 400;\"><span style=\"font-weight: 400;\">Reuni\u00f3 de comunitat de mitjans: Dilluns 25 de setembre a les 18h<\/span><\/li>\n<li style=\"font-weight: 400;\"><span style=\"font-weight: 400;\">Reuni\u00f3 de comunitats de grans: Dilluns 25 de setembre a les 19h<\/span><\/li>\n<\/ul>\n<p><span style=\"font-weight: 400;\">Tindreu disponibles a l&#8217;escola els\u00a0<\/span><b>llistats dels nous grups de 1r i 4t<\/b><span style=\"font-weight: 400;\">, generats de la barreja d&#8217;alumnes de P5 i 3r al canviar de comunitat, \u00a0a partir del dilluns 4 de setembre a les 9h, presencialment o telef\u00f2nicament. El dia 12 de setembre s&#8217;acollir\u00e0 a aquests alumnes davant de cada m\u00f2dul pels mestres corresponents per una bona rebuda.<\/span><\/p>\n<p><span style=\"font-weight: 400;\">Recordem la\u00a0<\/span><b>import\u00e0ncia d&#8217;ingressar el material<\/b><span style=\"font-weight: 400;\">\u00a0del curs abans d&#8217;iniciar les classes per poder iniciar l&#8217;entrega de material els primers dies. <a href=\"http:\/\/agora.xtec.cat\/escolaelsquatrevents\/wp-content\/uploads\/usu584\/2017\/07\/Material-inici-curs-17-18.pdf\">Tamb\u00e9 teniu aqu\u00ed tot el material que necessiten els vostres fills\/es per comen\u00e7ar l&#8217;escola.<\/a><\/span><\/p>\n<p><span style=\"font-weight: 400;\">Ens veiem\u00a0<\/span><b>el primer dia de curs, el dimarts 12 de setembre en l&#8217;horari habitual<\/b><span style=\"font-weight: 400;\">\u00a0del centre (de 8.30 a 13.00h i de 15.00 a 16.30h). Recordem\u00a0que cal una autoritzaci\u00f3 expressa perqu\u00e8 els alumnes de 4t, 5\u00e8 o 6\u00e8 marxin sols i\/o perqu\u00e8 els mateixos alumnes passin a recollir germans\/es petits\/es.\u00a0<a href=\"http:\/\/agora.xtec.cat\/escolaelsquatrevents\/wp-content\/uploads\/usu584\/2017\/07\/Autoritzacions-Els-Quatre-Vents.pdf\">Teniu totes les autoritzacions a la vostra disposici\u00f3 aqu\u00ed<\/a>\u00a0(tamb\u00e9 al centre i\/o podeu trucar per qualsevol dia puntual).<\/span><\/p>\n<p><span style=\"font-weight: 400;\">Comen\u00e7arem els Grups Interactius i les tert\u00falies la primera setmana d&#8217;octubre (del 2 al 6 d&#8217;octubre).<\/span><\/p>\n<p><i><span style=\"font-weight: 400;\">Bon curs 2017-18!<\/span><\/i><\/p>\n<p><span style=\"font-weight: 400;\">Equip Directiu<\/span><\/p>\n<p><img loading=\"lazy\" decoding=\"async\" class=\"aligncenter size-large wp-image-1890\" src=\"http:\/\/agora.xtec.cat\/escolaelsquatrevents\/wp-content\/uploads\/usu584\/2014\/09\/CALENDARI-2017-2018-659x1024.jpg\" alt=\"Calendari Escolar 2017-2018\" width=\"659\" height=\"1024\" srcset=\"https:\/\/agora.xtec.cat\/escolaelsquatrevents\/wp-content\/uploads\/usu584\/2014\/09\/CALENDARI-2017-2018-659x1024.jpg 659w, https:\/\/agora.xtec.cat\/escolaelsquatrevents\/wp-content\/uploads\/usu584\/2014\/09\/CALENDARI-2017-2018-193x300.jpg 193w, https:\/\/agora.xtec.cat\/escolaelsquatrevents\/wp-content\/uploads\/usu584\/2014\/09\/CALENDARI-2017-2018-768x1193.jpg 768w\" sizes=\"auto, (max-width: 659px) 100vw, 659px\" \/><\/p>\n","protected":false},"excerpt":{"rendered":"<p>Aviat comen\u00e7arem el curs 2017-18 amb moltes ganes i il\u00b7lusi\u00f3! Us recordem les\u00a0dates de les reunions d&#8217;inici de curs\u00a0publicades a la revista de l&#8217;escola del passat juny: Reuni\u00f3 d&#8217;inici de P3: Dimecres 6 de setembre a les 17h Reuni\u00f3 de P4 i P5: Dilluns 25 de setembre a les 17h Reuni\u00f3 de comunitat de mitjans: [&hellip;]<\/p>\n","protected":false},"author":1,"featured_media":1890,"comment_status":"closed","ping_status":"closed","sticky":false,"template":"","format":"standard","meta":{"_bbp_topic_count":0,"_bbp_reply_count":0,"_bbp_total_topic_count":0,"_bbp_total_reply_count":0,"_bbp_voice_count":0,"_bbp_anonymous_reply_count":0,"_bbp_topic_count_hidden":0,"_bbp_reply_count_hidden":0,"_bbp_forum_subforum_count":0,"site-sidebar-layout":"default","site-content-layout":"","ast-site-content-layout":"","site-content-style":"default","site-sidebar-style":"default","ast-global-header-display":"","ast-banner-title-visibility":"","ast-main-header-display":"","ast-hfb-above-header-display":"","ast-hfb-below-header-display":"","ast-hfb-mobile-header-display":"","site-post-title":"","ast-breadcrumbs-content":"","ast-featured-img":"","footer-sml-layout":"","theme-transparent-header-meta":"","adv-header-id-meta":"","stick-header-meta":"","header-above-stick-meta":"","header-main-stick-meta":"","header-below-stick-meta":"","astra-migrate-meta-layouts":"default","ast-page-background-enabled":"default","ast-page-background-meta":{"desktop":{"background-color":"var(--ast-global-color-4)","background-image":"","background-repeat":"repeat","background-position":"center center","background-size":"auto","background-attachment":"scroll","background-type":"","background-media":"","overlay-type":"","overlay-color":"","overlay-opacity":"","overlay-gradient":""},"tablet":{"background-color":"","background-image":"","background-repeat":"repeat","background-position":"center center","background-size":"auto","background-attachment":"scroll","background-type":"","background-media":"","overlay-type":"","overlay-color":"","overlay-opacity":"","overlay-gradient":""},"mobile":{"background-color":"","background-image":"","background-repeat":"repeat","background-position":"center center","background-size":"auto","background-attachment":"scroll","background-type":"","background-media":"","overlay-type":"","overlay-color":"","overlay-opacity":"","overlay-gradient":""}},"ast-content-background-meta":{"desktop":{"background-color":"var(--ast-global-color-5)","background-image":"","background-repeat":"repeat","background-position":"center center","background-size":"auto","background-attachment":"scroll","background-type":"","background-media":"","overlay-type":"","overlay-color":"","overlay-opacity":"","overlay-gradient":""},"tablet":{"background-color":"var(--ast-global-color-5)","background-image":"","background-repeat":"repeat","background-position":"center center","background-size":"auto","background-attachment":"scroll","background-type":"","background-media":"","overlay-type":"","overlay-color":"","overlay-opacity":"","overlay-gradient":""},"mobile":{"background-color":"var(--ast-global-color-5)","background-image":"","background-repeat":"repeat","background-position":"center center","background-size":"auto","background-attachment":"scroll","background-type":"","background-media":"","overlay-type":"","overlay-color":"","overlay-opacity":"","overlay-gradient":""}},"footnotes":""},"categories":[4],"tags":[33,29,27,28,25],"class_list":["post-1906","post","type-post","status-publish","format-standard","has-post-thumbnail","hentry","category-portada","tag-activitats-generals","tag-grans","tag-informacio","tag-mitjans","tag-petits"],"post_mailing_queue_ids":[],"_links":{"self":[{"href":"https:\/\/agora.xtec.cat\/escolaelsquatrevents\/wp-json\/wp\/v2\/posts\/1906","targetHints":{"allow":["GET"]}}],"collection":[{"href":"https:\/\/agora.xtec.cat\/escolaelsquatrevents\/wp-json\/wp\/v2\/posts"}],"about":[{"href":"https:\/\/agora.xtec.cat\/escolaelsquatrevents\/wp-json\/wp\/v2\/types\/post"}],"author":[{"embeddable":true,"href":"https:\/\/agora.xtec.cat\/escolaelsquatrevents\/wp-json\/wp\/v2\/users\/1"}],"replies":[{"embeddable":true,"href":"https:\/\/agora.xtec.cat\/escolaelsquatrevents\/wp-json\/wp\/v2\/comments?post=1906"}],"version-history":[{"count":3,"href":"https:\/\/agora.xtec.cat\/escolaelsquatrevents\/wp-json\/wp\/v2\/posts\/1906\/revisions"}],"predecessor-version":[{"id":1912,"href":"https:\/\/agora.xtec.cat\/escolaelsquatrevents\/wp-json\/wp\/v2\/posts\/1906\/revisions\/1912"}],"wp:featuredmedia":[{"embeddable":true,"href":"https:\/\/agora.xtec.cat\/escolaelsquatrevents\/wp-json\/wp\/v2\/media\/1890"}],"wp:attachment":[{"href":"https:\/\/agora.xtec.cat\/escolaelsquatrevents\/wp-json\/wp\/v2\/media?parent=1906"}],"wp:term":[{"taxonomy":"category","embeddable":true,"href":"https:\/\/agora.xtec.cat\/escolaelsquatrevents\/wp-json\/wp\/v2\/categories?post=1906"},{"taxonomy":"post_tag","embeddable":true,"href":"https:\/\/agora.xtec.cat\/escolaelsquatrevents\/wp-json\/wp\/v2\/tags?post=1906"}],"curies":[{"name":"wp","href":"https:\/\/api.w.org\/{rel}","templated":true}]}}