{"id":1821,"date":"2017-06-19T10:30:44","date_gmt":"2017-06-19T08:30:44","guid":{"rendered":"http:\/\/agora.xtec.cat\/escolaelsquatrevents\/?p=1821"},"modified":"2017-06-19T10:42:34","modified_gmt":"2017-06-19T08:42:34","slug":"cantania","status":"publish","type":"post","link":"https:\/\/agora.xtec.cat\/escolaelsquatrevents\/portada\/cantania\/","title":{"rendered":"Cant\u00e0nia"},"content":{"rendered":"<p><a href=\"https:\/\/goo.gl\/photos\/BN84GtBSijWPQ8Uj8\"><img loading=\"lazy\" decoding=\"async\" class=\"wp-image-1822 aligncenter\" src=\"http:\/\/agora.xtec.cat\/escolaelsquatrevents\/wp-content\/uploads\/usu584\/2017\/06\/PORTADA-copia-300x222.png\" alt=\"PORTADA-copia\" width=\"95\" height=\"70\" srcset=\"https:\/\/agora.xtec.cat\/escolaelsquatrevents\/wp-content\/uploads\/usu584\/2017\/06\/PORTADA-copia-300x222.png 300w, https:\/\/agora.xtec.cat\/escolaelsquatrevents\/wp-content\/uploads\/usu584\/2017\/06\/PORTADA-copia-768x567.png 768w, https:\/\/agora.xtec.cat\/escolaelsquatrevents\/wp-content\/uploads\/usu584\/2017\/06\/PORTADA-copia-1024x756.png 1024w, https:\/\/agora.xtec.cat\/escolaelsquatrevents\/wp-content\/uploads\/usu584\/2017\/06\/PORTADA-copia-200x150.png 200w, https:\/\/agora.xtec.cat\/escolaelsquatrevents\/wp-content\/uploads\/usu584\/2017\/06\/PORTADA-copia.png 1082w\" sizes=\"auto, (max-width: 95px) 100vw, 95px\" \/><\/a>Enguany, i com cada curs, els nens i nenes de 5\u00e8 hem gaudit de l\u2019experi\u00e8ncia de preparar idur a terme la CANT\u00c0NIA.<\/p>\n<p>A principi de curs, vam rebre l\u2019obra \u201cLa nit dels malsons\u201d i ens va encantar la hist\u00f2ria. Parlava de la por, de com es manifesta, de tenir-li respecte, de v\u00e8ncer-la i de com \u00e9s d\u2019important per sobreviure. Era un tema apassionant amb el que vam poder expressar totes aquelles experi\u00e8ncies i neguits que necessit\u00e0vem compartir.<\/p>\n<p dir=\"ltr\">De mica en mica, ens vam endinsar en la part m\u00e9s musical i vam descobrir que pod\u00edem fer coses meravelloses amb la veu. De tant en tant, ens sorgien alguns dubtes sobre si sortiria b\u00e9, si podr\u00edem donar tot el que se\u2019ns exigia\u2026 Per\u00f2 aviat aquests dubtes es van convertir en confian\u00e7a, en ganes d\u2019aprendre, de cr\u00e9ixer i de ser uns aut\u00e8ntics professionals a dalt de l\u2019escenari.<\/p>\n<p dir=\"ltr\">\u00a0Hem tingut molt feina de preparaci\u00f3, tant vocal com esc\u00e8nica i manual (tamb\u00e9 ens hem encarregat de l\u2019atrezzo que necessit\u00e0vem), per\u00f2 ha valgut la pena perqu\u00e8 hem obtingut un gran resultat.<\/p>\n<p dir=\"ltr\">\u00a0Tot estava llest, va arribar el dia i, tal i com esper\u00e0vem, els nervis van voler fer acte de pres\u00e8ncia junt amb la il\u00b7lusi\u00f3, la motivaci\u00f3 i les ganes (per\u00f2 als primers no els hi vam fer gaire cas). Vam pujar a l\u2019escenari del Teatre Auditori de Granollers conven\u00e7uts del que hav\u00edem preparat, de l\u2019esfor\u00e7 que hav\u00edem fet durant tants mesos i de que ho far\u00edem tan b\u00e9 com ho sab\u00edem fer.<\/p>\n<p dir=\"ltr\">Les fam\u00edlies ens miraven des de les butaques del p\u00fablic i aix\u00f2 ens feia sentir segurs i amb confian\u00e7a. Des de l\u2019escenari no ho pod\u00edem veure per\u00f2 de ben segur, que alguna llagrimeta se\u2019ls hi va escapar.<\/p>\n<p dir=\"ltr\">Com era d\u2019esperar, vam fer una actuaci\u00f3 com aut\u00e8ntics professionals, ten\u00edem ganes i est\u00e0vem preparats. Finalment ens vam sentir orgullosos de la feina feta i del resultat. Ara ja podem dir qu\u00e8 senten els cantants quan pugen a l\u2019escenari, s\u2019encenen els focus i s\u2019escolten les primeres notes d\u2019un piano\u2026 M\u00c0GIA!!<\/p>\n<p dir=\"ltr\">Dit aix\u00f2 nom\u00e9s us podem donar un consell: la m\u00fasica \u00e9s vida, no deixeu mai de cantar!<\/p>\n","protected":false},"excerpt":{"rendered":"<p>Enguany, i com cada curs, els nens i nenes de 5\u00e8 hem gaudit de l\u2019experi\u00e8ncia de preparar idur a terme la CANT\u00c0NIA. A principi de curs, vam rebre l\u2019obra \u201cLa nit dels malsons\u201d i ens va encantar la hist\u00f2ria. Parlava de la por, de com es manifesta, de tenir-li respecte, de v\u00e8ncer-la i de com [&hellip;]<\/p>\n","protected":false},"author":3,"featured_media":1822,"comment_status":"closed","ping_status":"closed","sticky":false,"template":"","format":"standard","meta":{"_bbp_topic_count":0,"_bbp_reply_count":0,"_bbp_total_topic_count":0,"_bbp_total_reply_count":0,"_bbp_voice_count":0,"_bbp_anonymous_reply_count":0,"_bbp_topic_count_hidden":0,"_bbp_reply_count_hidden":0,"_bbp_forum_subforum_count":0,"site-sidebar-layout":"default","site-content-layout":"","ast-site-content-layout":"","site-content-style":"default","site-sidebar-style":"default","ast-global-header-display":"","ast-banner-title-visibility":"","ast-main-header-display":"","ast-hfb-above-header-display":"","ast-hfb-below-header-display":"","ast-hfb-mobile-header-display":"","site-post-title":"","ast-breadcrumbs-content":"","ast-featured-img":"","footer-sml-layout":"","theme-transparent-header-meta":"","adv-header-id-meta":"","stick-header-meta":"","header-above-stick-meta":"","header-main-stick-meta":"","header-below-stick-meta":"","astra-migrate-meta-layouts":"default","ast-page-background-enabled":"default","ast-page-background-meta":{"desktop":{"background-color":"var(--ast-global-color-4)","background-image":"","background-repeat":"repeat","background-position":"center center","background-size":"auto","background-attachment":"scroll","background-type":"","background-media":"","overlay-type":"","overlay-color":"","overlay-opacity":"","overlay-gradient":""},"tablet":{"background-color":"","background-image":"","background-repeat":"repeat","background-position":"center center","background-size":"auto","background-attachment":"scroll","background-type":"","background-media":"","overlay-type":"","overlay-color":"","overlay-opacity":"","overlay-gradient":""},"mobile":{"background-color":"","background-image":"","background-repeat":"repeat","background-position":"center center","background-size":"auto","background-attachment":"scroll","background-type":"","background-media":"","overlay-type":"","overlay-color":"","overlay-opacity":"","overlay-gradient":""}},"ast-content-background-meta":{"desktop":{"background-color":"var(--ast-global-color-5)","background-image":"","background-repeat":"repeat","background-position":"center center","background-size":"auto","background-attachment":"scroll","background-type":"","background-media":"","overlay-type":"","overlay-color":"","overlay-opacity":"","overlay-gradient":""},"tablet":{"background-color":"var(--ast-global-color-5)","background-image":"","background-repeat":"repeat","background-position":"center center","background-size":"auto","background-attachment":"scroll","background-type":"","background-media":"","overlay-type":"","overlay-color":"","overlay-opacity":"","overlay-gradient":""},"mobile":{"background-color":"var(--ast-global-color-5)","background-image":"","background-repeat":"repeat","background-position":"center center","background-size":"auto","background-attachment":"scroll","background-type":"","background-media":"","overlay-type":"","overlay-color":"","overlay-opacity":"","overlay-gradient":""}},"footnotes":""},"categories":[8,4],"tags":[82,120,55],"class_list":["post-1821","post","type-post","status-publish","format-standard","has-post-thumbnail","hentry","category-grans","category-portada","tag-5e","tag-cantania","tag-musica"],"post_mailing_queue_ids":[],"_links":{"self":[{"href":"https:\/\/agora.xtec.cat\/escolaelsquatrevents\/wp-json\/wp\/v2\/posts\/1821","targetHints":{"allow":["GET"]}}],"collection":[{"href":"https:\/\/agora.xtec.cat\/escolaelsquatrevents\/wp-json\/wp\/v2\/posts"}],"about":[{"href":"https:\/\/agora.xtec.cat\/escolaelsquatrevents\/wp-json\/wp\/v2\/types\/post"}],"author":[{"embeddable":true,"href":"https:\/\/agora.xtec.cat\/escolaelsquatrevents\/wp-json\/wp\/v2\/users\/3"}],"replies":[{"embeddable":true,"href":"https:\/\/agora.xtec.cat\/escolaelsquatrevents\/wp-json\/wp\/v2\/comments?post=1821"}],"version-history":[{"count":4,"href":"https:\/\/agora.xtec.cat\/escolaelsquatrevents\/wp-json\/wp\/v2\/posts\/1821\/revisions"}],"predecessor-version":[{"id":1824,"href":"https:\/\/agora.xtec.cat\/escolaelsquatrevents\/wp-json\/wp\/v2\/posts\/1821\/revisions\/1824"}],"wp:featuredmedia":[{"embeddable":true,"href":"https:\/\/agora.xtec.cat\/escolaelsquatrevents\/wp-json\/wp\/v2\/media\/1822"}],"wp:attachment":[{"href":"https:\/\/agora.xtec.cat\/escolaelsquatrevents\/wp-json\/wp\/v2\/media?parent=1821"}],"wp:term":[{"taxonomy":"category","embeddable":true,"href":"https:\/\/agora.xtec.cat\/escolaelsquatrevents\/wp-json\/wp\/v2\/categories?post=1821"},{"taxonomy":"post_tag","embeddable":true,"href":"https:\/\/agora.xtec.cat\/escolaelsquatrevents\/wp-json\/wp\/v2\/tags?post=1821"}],"curies":[{"name":"wp","href":"https:\/\/api.w.org\/{rel}","templated":true}]}}